{"id":105027,"date":"2019-12-09T08:38:26","date_gmt":"2019-12-09T05:38:26","guid":{"rendered":"http:\/\/arantv.az\/?p=105027"},"modified":"2019-12-09T08:38:26","modified_gmt":"2019-12-09T05:38:26","slug":"%c9%99li-%c9%99hm%c9%99dov-az%c9%99rbaycan-c%c9%99miyy%c9%99ti-butovlukd%c9%99-ilham-%c9%99liyevin-h%c9%99yata-kecirdiyi-islahatlara-ciddi-inam-ifad%c9%99-edir-musahib%c9%99-foto","status":"publish","type":"post","link":"https:\/\/arantv.az\/?p=105027","title":{"rendered":"\u018fli \u018fhm\u0259dov: &#8220;Az\u0259rbaycan c\u0259miyy\u0259ti b\u00fct\u00f6vl\u00fckd\u0259 \u0130lham \u018fliyevin h\u0259yata ke\u00e7irdiyi islahatlara ciddi inam ifad\u0259 edir&#8221; &#8211; M\u00dcSAH\u0130B\u018f &#8211; FOTO"},"content":{"rendered":"<p><em><strong>ARANTV.AZ\u00a0<\/strong> Ba\u015f Nazirin m\u00fcavini, Yeni Az\u0259rbaycan Partiyas\u0131n\u0131n S\u0259dr m\u00fcavini &#8211; \u0130cra katibi \u018fli \u018fhm\u0259dovun n\u00f6vb\u0259d\u0259nk\u0259nar parlament se\u00e7kil\u0259ri il\u0259 ba\u011fl\u0131\u00a0<a href=\"https:\/\/az.trend.az\/\" target=\"_blank\" rel=\"noopener\">Trend<\/a>-\u0259 m\u00fcsahib\u0259sini t\u0259qdim\u00a0edir:<\/em><\/p>\n<p><strong>&#8211; \u018fli m\u00fc\u0259llim, n\u00f6vb\u0259d\u0259nk\u0259nar parlament se\u00e7kil\u0259rinin ke\u00e7irilm\u0259si il\u0259 ba\u011fl\u0131 q\u0259rar Az\u0259rbaycan\u0131n siyasi h\u0259yat\u0131na bir canlanma g\u0259tirdi. Bu se\u00e7kil\u0259ri z\u0259ruri ed\u0259n s\u0259b\u0259bl\u0259r haqq\u0131nda dan\u0131\u015fma\u011f\u0131n\u0131z\u0131 ist\u0259rdik.<\/strong><\/p>\n<p>&#8211; Az\u0259rbaycanda son d\u00f6vrl\u0259rd\u0259 Prezident \u0130lham \u018fliyevin r\u0259hb\u0259rliyi alt\u0131nda ciddi v\u0259 geni\u015fmiqyasl\u0131 islahatlar strategiyas\u0131 h\u0259yata ke\u00e7irilm\u0259kd\u0259dir. \u018fslind\u0259, bu, Az\u0259rbaycanda bir ne\u00e7\u0259 il \u0259vv\u0259l ba\u015flan\u0131lan iqtisadi islahatlar\u0131n davam\u0131 kimi d\u0259 qiym\u0259tl\u0259ndiril\u0259 bil\u0259r. Apar\u0131lan islahatlar n\u0259tic\u0259sind\u0259 Az\u0259rbaycanda b\u00fct\u00fcn sferalarda ciddi d\u0259yi\u015fiklikl\u0259rin, \u0259n ba\u015fl\u0131cas\u0131 is\u0259 yenil\u0259\u015fm\u0259nin h\u0259yata ke\u00e7irilm\u0259si n\u0259z\u0259rd\u0259 tutulur.<\/p>\n<p>Do\u011frudur, uzun m\u00fcdd\u0259tdir h\u0259yata ke\u00e7iril\u0259n Heyd\u0259r \u018fliyev siyas\u0259ti n\u0259tic\u0259sind\u0259 yeni bir Az\u0259rbaycan formala\u015f\u0131b, iqtisadiyyat\u0131 inki\u015faf edib v\u0259 dig\u0259r g\u00fccl\u00fc d\u00f6vl\u0259t\u00e7ilik parametrl\u0259ri m\u00fc\u0259yy\u0259nl\u0259\u015fib. Eyni zamanda, Prezident \u0130lham \u018fliyevin d\u0259f\u0259l\u0259rl\u0259 qeyd etdiyi kimi, h\u0259yat daim inki\u015faf edir v\u0259 bu inki\u015faf\u0131n qar\u015f\u0131ya qoydu\u011fu v\u0259zif\u0259l\u0259r d\u0259 Az\u0259rbaycan\u0131n yenid\u0259n islahatlara getm\u0259sini, m\u00fcasirl\u0259\u015fm\u0259sini t\u0259l\u0259b edir. Buna m\u00fcvafiq olaraq da art\u0131q geni\u015fmiqyasl\u0131, h\u0259yat\u0131m\u0131z\u0131n bir \u00e7ox sah\u0259l\u0259rini \u0259hat\u0259 ed\u0259n islahatlara ba\u015flan\u0131l\u0131b.<\/p>\n<p><img src=\"https:\/\/cdn.trend.az\/media\/pictures\/2019\/12\/06\/trend_eli_ehmedov_061219_3.jpg\" alt=\"\" \/><\/p>\n<p>2019-cu il bu islahatlar\u0131n x\u00fcsusi bir m\u0259rh\u0259l\u0259si kimi qeyd oluna bil\u0259r. Ona g\u00f6r\u0259 ki, bu ild\u0259 Prezident \u0130lham \u018fliyevin h\u0259yata ke\u00e7irdiyi islahatlar\u0131n dinamizmi daha da y\u00fcks\u0259lib. M\u0259lum oldu\u011fu kimi, art\u0131q idar\u0259etm\u0259 sah\u0259sind\u0259 d\u0259 islahatlar apar\u0131l\u0131r. Hakimiyy\u0259tin \u00fc\u00e7 qolundan ikisind\u0259 islahatlar intensiv \u015f\u0259kild\u0259 h\u0259yata ke\u00e7irilm\u0259kd\u0259dir. M\u0259rk\u0259zi v\u0259 yerli icra hakimiyy\u0259tl\u0259rind\u0259, y\u0259ni icra hakimiyy\u0259ti qolunda h\u0259m struktur, h\u0259m d\u0259 kadr islahatlar\u0131 apar\u0131l\u0131r. M\u0259hk\u0259m\u0259 hakimiyy\u0259ti sah\u0259sind\u0259 geni\u015f islahatlar\u0131n h\u0259yata ke\u00e7irilm\u0259si m\u00fc\u015fahid\u0259 edilir. Bel\u0259likl\u0259 d\u0259 bu islahatlar\u0131n dinamizminin art\u0131r\u0131lmas\u0131, h\u0259m qar\u015f\u0131ya qoyulan v\u0259zif\u0259l\u0259rin u\u011furla h\u0259yata ke\u00e7irilm\u0259si, h\u0259m d\u0259 b\u00fct\u00fcn hakimiyy\u0259t qollar\u0131n\u0131 \u0259hat\u0259 etm\u0259kl\u0259 islahatlar\u0131n ah\u0259ngdarl\u0131\u011f\u0131n\u0131n t\u0259min edilm\u0259si hakimiyy\u0259tin iki qolu il\u0259 yana\u015f\u0131, \u00fc\u00e7\u00fcnc\u00fc &#8211; qanunverici hakimiyy\u0259t qolunda da islahatlar\u0131n apar\u0131lmas\u0131n\u0131 z\u0259ruri edir.<\/p>\n<p>\u018fg\u0259r qanunverici hakimiyy\u0259t sah\u0259sind\u0259 islahatlar\u0131n h\u0259yata ke\u00e7irilm\u0259sin\u0259 ba\u015flan\u0131lmasa, dig\u0259r sah\u0259l\u0259rd\u0259 apar\u0131lan islahatlar\u0131n qar\u015f\u0131da duran v\u0259zif\u0259l\u0259rin Prezident \u0130lham \u018fliyevin h\u0259d\u0259fl\u0259rin\u0259 uy\u011fun h\u0259yata ke\u00e7irilm\u0259si b\u0259lk\u0259 d\u0259 m\u00fc\u0259yy\u0259n \u00e7\u0259tinlikl\u0259rl\u0259 qar\u015f\u0131la\u015fa bil\u0259rdi. Buna g\u00f6r\u0259 d\u0259 sistemli \u015f\u0259kild\u0259 hakimiyy\u0259tin b\u00fct\u00fcn sferalar\u0131n\u0131 \u0259hat\u0259 ed\u0259n v\u0259 n\u0259tic\u0259 etibaril\u0259, \u00e7ox m\u00f6ht\u0259\u015f\u0259m v\u0259zif\u0259l\u0259rin realla\u015fmas\u0131na xidm\u0259t g\u00f6st\u0259r\u0259n islahatlar\u0131n apar\u0131lmas\u0131 bu g\u00fcn Az\u0259rbaycanda sosial sifari\u015f\u0259 \u00e7evrilib.<\/p>\n<p>M\u00fc\u015fahid\u0259l\u0259rimiz bu fikri s\u00f6yl\u0259m\u0259y\u0259 \u0259sas verir ki, Az\u0259rbaycan c\u0259miyy\u0259ti b\u00fct\u00f6vl\u00fckd\u0259 \u0130lham \u018fliyevin h\u0259yata ke\u00e7irdiyi islahatlara ciddi inam ifad\u0259 edir v\u0259 bu islahatlardan b\u00f6y\u00fck g\u00f6zl\u0259ntil\u0259ri var. V\u0259t\u0259nda\u015flar eyni zamanda islahatlar\u0131n t\u0259tbiqi sferas\u0131n\u0131n geni\u015fl\u0259nm\u0259sini d\u0259 arzu edirl\u0259r. Yeni Az\u0259rbaycan Partiyas\u0131 c\u0259miyy\u0259td\u0259ki bu ab-havan\u0131 duyma\u011fa ba\u015flad\u0131 v\u0259 biz\u0259 daxil olan siqnallar \u0259sas\u0131nda, bu sifari\u015f\u0259 uy\u011fun \u015f\u0259kild\u0259 Yeni Az\u0259rbaycan Partiyas\u0131n\u0131n Siyasi \u015euras\u0131n\u0131n m\u0259lum q\u0259rar\u0131n\u0131 q\u0259bul etdik. \u0130st\u0259nil\u0259n halda, islahatlar\u0131n apar\u0131lmas\u0131 Az\u0259rbaycanda inki\u015faf\u0131n s\u00fcr\u0259tl\u0259nm\u0259sin\u0259 xidm\u0259t edir.<\/p>\n<p><strong>&#8211; H\u0259mi\u015f\u0259 oldu\u011fu kimi, radikal m\u00fcxalif\u0259t n\u00f6vb\u0259d\u0259nk\u0259nar parlament se\u00e7kil\u0259rin\u0259 d\u0259 \u00f6z prizmas\u0131ndan yana\u015f\u0131r v\u0259 bu se\u00e7kil\u0259r\u0259 qara yaxma\u011fa \u00e7al\u0131\u015f\u0131r. Sizc\u0259, radikal m\u00fcxalif\u0259t burada hans\u0131 m\u0259qs\u0259d g\u00fcd\u00fcr?<\/strong><\/p>\n<p>&#8211; Az\u0259rbaycan\u0131n m\u00fcxalif\u0259ti d\u0259 r\u0259ngar\u0259ngdir v\u0259 qar\u015f\u0131da g\u00f6zl\u0259diyimiz parlament se\u00e7kil\u0259rin\u0259 m\u00fcxalif\u0259tin m\u00fcnasib\u0259tind\u0259 d\u0259 f\u0259rqli m\u0259qamlar var. Apard\u0131\u011f\u0131m\u0131z m\u00fc\u015fahid\u0259l\u0259r v\u0259 t\u0259hlill\u0259r n\u0259tic\u0259sind\u0259 dey\u0259 bil\u0259r\u0259m ki, m\u00fcxalif\u0259td\u0259 t\u0259msil olunan partiyalar\u0131n \u0259h\u0259miyy\u0259tli bir hiss\u0259si parlament se\u00e7kil\u0259rind\u0259 i\u015ftirak etm\u0259k ideyas\u0131n\u0131 prinsipc\u0259 q\u0259bul edir v\u0259 y\u0259qin ki, onlar i\u015ftirak etm\u0259k niyy\u0259tl\u0259rini d\u0259 realla\u015fd\u0131rma\u011fa \u00e7al\u0131\u015facaqlar.<\/p>\n<p>Amma Az\u0259rbaycanda m\u00fcxalif\u0259t i\u00e7\u0259risind\u0259 bir radikal qanad var ki, onlar b\u00fct\u00f6vl\u00fckd\u0259 \u00f6lk\u0259d\u0259 ist\u0259nil\u0259n pozitiv h\u0259r\u0259k\u0259tl\u0259r\u0259, inki\u015fafa v\u0259 d\u0259yi\u015fiklikl\u0259r\u0259 f\u0259rqli bir prizmadan yana\u015fma\u011fa meyl g\u00f6st\u0259rirl\u0259r v\u0259 buna ad\u0259t edibl\u0259r. Bu f\u0259rqli yana\u015fman\u0131n da mahiyy\u0259ti Az\u0259rbaycan\u0131n reall\u0131qlar\u0131n\u0131 t\u0259hrif etm\u0259k, b\u00f6htan atmaq, yalanlar uydurmaq, \u015fayi\u0259l\u0259r yaymaq v\u0259 bel\u0259likl\u0259 d\u0259 Az\u0259rbaycan\u0131n d\u00f6vl\u0259t\u00e7ilik maraqlar\u0131na qar\u015f\u0131 bir m\u00f6vqe ortaya qoymaqdan ibar\u0259tdir.<\/p>\n<p><img src=\"https:\/\/cdn.trend.az\/media\/pictures\/2019\/12\/06\/trend_eli_ehmedov_061219_2.jpg\" alt=\"\" \/><\/p>\n<p>D\u0259f\u0259l\u0259rl\u0259 biz radikalizmin Az\u0259rbaycan\u0131n siyasi m\u0259fkur\u0259sind\u0259 \u00f6z\u00fcn\u0259 yer tutmad\u0131\u011f\u0131n\u0131 v\u0259 bizim \u00fc\u00e7\u00fcn yad bir yana\u015fma oldu\u011funu qeyd etmi\u015fik. B\u00fct\u00f6vl\u00fckd\u0259, Az\u0259rbaycan c\u0259miyy\u0259tind\u0259 radikalizm\u0259 yer yoxdur. Bel\u0259 olan halda, m\u00f6vcud olan siyasi partiyalardan bir ne\u00e7\u0259sinin radikal m\u00f6vqed\u0259 dayanmas\u0131 insan\u0131 d\u00fc\u015f\u00fcnm\u0259y\u0259 vadar edir. Radikalizm bu partiyalara kiml\u0259r t\u0259r\u0259find\u0259n t\u0259bli\u011f edilib? V\u0259 radikal m\u00f6vqed\u0259 dayanmaqla h\u0259min partiyalar Az\u0259rbaycandan k\u0259narda olan hans\u0131 maraql\u0131 dair\u0259l\u0259rin ist\u0259kl\u0259rini v\u0259 niyy\u0259tl\u0259rini ifad\u0259 edirl\u0259r? Hesab edir\u0259m ki, bunun \u00fcz\u0259rind\u0259 d\u00fc\u015f\u00fcn\u00fclm\u0259lidir v\u0259 t\u0259hlill\u0259r apar\u0131lmal\u0131d\u0131r.<\/p>\n<p>H\u0259min o radikal m\u00fcxalif\u0259t parlament se\u00e7kil\u0259ri il\u0259 \u0259laq\u0259dar ir\u0259liy\u0259 s\u00fcr\u00fclm\u00fc\u015f t\u0259\u015f\u0259bb\u00fcs\u0259 d\u0259 \u00f6z\u00fcn\u00fcn ad\u0259tin\u0259 uy\u011fun \u015f\u0259kild\u0259, qarayaxma taktikas\u0131 \u0259sas\u0131nda m\u00fcnasib\u0259t bildirm\u0259y\u0259 \u00e7al\u0131\u015f\u0131r. Onlar b\u0259zi hallarda \u00e7ox g\u00fclm\u0259li v\u0259 b\u0259sit t\u0259f\u0259kk\u00fcr\u00fc ifad\u0259 ed\u0259n arqumentl\u0259r g\u0259tirirl\u0259r ki, guya Az\u0259rbaycanda n\u00f6vb\u0259ti parlament se\u00e7kil\u0259rinin ke\u00e7irilm\u0259si t\u0259\u015f\u0259bb\u00fcs\u00fcn\u00fcn \u0259sas s\u0259b\u0259bi se\u00e7kil\u0259rin soyuq ayda ba\u015f tutmas\u0131 il\u0259 \u0259laq\u0259dard\u0131r. Guya m\u00fcxalif\u0259t soyuq aylarda se\u00e7kil\u0259rd\u0259n k\u0259narda qalacaq. Bu fikri bel\u0259 t\u0259f\u0259kk\u00fcr\u00fcn da\u015f\u0131y\u0131c\u0131s\u0131 olan \u018fli K\u0259rimli s\u0259sl\u0259ndirib. Bu insan\u0131n d\u00fcnyag\u00f6r\u00fc\u015f\u00fc haqq\u0131nda ist\u0259r-ist\u0259m\u0259z d\u00fc\u015f\u00fcnm\u0259li olursan v\u0259 t\u0259bii ki, t\u0259\u0259cc\u00fcb edirs\u0259n ki, bu c\u00fcr b\u0259sit t\u0259f\u0259kk\u00fcr\u0259 malik olan bir insan \u00f6z\u00fcn\u00fc m\u00fcxalif\u0259t lideri kimi t\u0259qdim etm\u0259y\u0259 \u00e7al\u0131\u015f\u0131r.<\/p>\n<p>\u018fslind\u0259, se\u00e7kil\u0259rl\u0259 ba\u011fl\u0131 \u00f6zl\u0259rin\u0259 uy\u011fun \u015f\u0259kild\u0259 ifad\u0259 etdikl\u0259ri absurd fikirl\u0259rin k\u00f6k\u00fcnd\u0259 duran real s\u0259b\u0259b is\u0259 onlar\u0131n se\u00e7kil\u0259r\u0259 haz\u0131r olmamalar\u0131 v\u0259 sosial dayaqlar\u0131n\u0131 tamamil\u0259 itirm\u0259l\u0259ri il\u0259 \u0259laq\u0259dard\u0131r. Se\u00e7kid\u0259 i\u015ftirak etm\u0259yin \u0259n ba\u015fl\u0131ca s\u0259b\u0259bi siyasi partiyan\u0131n yet\u0259rinc\u0259 sosial daya\u011fa v\u0259 ictimai n\u00fcfuza malik olmas\u0131 il\u0259 \u0259laq\u0259dard\u0131r. Bu parametrl\u0259r\u0259 malik olmayan partiyalar\u0131n se\u00e7kil\u0259rd\u0259 i\u015ftirak ed\u0259r\u0259k h\u0259r hans\u0131 u\u011fur qazanmas\u0131 qeyri-m\u00fcmk\u00fcnd\u00fcr.<\/p>\n<p>Radikal partiyalar Az\u0259rbaycan c\u0259miyy\u0259tind\u0259 sosial dayaqlar\u0131n\u0131 tamamil\u0259 itirdikl\u0259ri \u00fc\u00e7\u00fcn Az\u0259rbaycan v\u0259t\u0259nda\u015flar\u0131n\u0131n onlar\u0131n ir\u0259li s\u00fcr\u0259c\u0259yi namiz\u0259dl\u0259r\u0259 inamlar\u0131 yoxdur v\u0259 bel\u0259likl\u0259 d\u0259 se\u00e7kil\u0259rd\u0259 i\u015ftirak etm\u0259k radikal m\u00fcxalif\u0259t\u0259 h\u0259r hans\u0131 bir u\u011fur g\u0259tirmir. Bel\u0259 olan halda onlar\u0131n taktikas\u0131 ona \u0259saslan\u0131r ki, se\u00e7kil\u0259rd\u0259 \u00f6zl\u0259rinin m\u00fctl\u0259q u\u011fursuzluqlar\u0131n\u0131 \u00f6rt-basd\u0131r etm\u0259k \u00fc\u00e7\u00fcn m\u00fcxt\u0259lif b\u0259han\u0259l\u0259rl\u0259 se\u00e7kil\u0259rd\u0259 i\u015ftirak etm\u0259kd\u0259n imtina etsinl\u0259r. Burada s\u00f6hb\u0259t sad\u0259c\u0259 olaraq h\u0259min partiyalar\u0131n se\u00e7kil\u0259rd\u0259 i\u015ftirak etm\u0259k \u00fc\u00e7\u00fcn laz\u0131m olan insani, ictimai d\u0259st\u0259k resurslar\u0131n\u0131n \u00e7at\u0131\u015fmamas\u0131 il\u0259 \u0259laq\u0259dard\u0131r. Bu resurslar\u0131 olmad\u0131\u011f\u0131ndan onlar se\u00e7kil\u0259rd\u0259 i\u015ftirak ed\u0259 bilmirl\u0259r, ancaq bunu m\u00fcxt\u0259lif b\u0259han\u0259l\u0259rl\u0259 \u0259sasland\u0131rma\u011fa \u00e7al\u0131\u015f\u0131rlar v\u0259 bel\u0259likl\u0259, yen\u0259 d\u0259 ad\u0259tl\u0259rin\u0259 uy\u011fun olaraq Az\u0259rbaycan iqtidar\u0131n\u0131n \u00fcz\u0259rin\u0259 qarayaxma kampaniyas\u0131 il\u0259 g\u0259lm\u0259y\u0259 c\u0259hdl\u0259r g\u00f6st\u0259rirl\u0259r.<\/p>\n<p>Boykot taktikas\u0131na g\u0259ldikd\u0259 is\u0259 \u0259slind\u0259, bu, o zaman s\u00f6z\u00fcn h\u0259qiqi m\u0259nas\u0131nda boykot taktikas\u0131 adland\u0131r\u0131la bil\u0259r ki, bel\u0259 \u00e7a\u011f\u0131r\u0131\u015flara insanlar s\u0259s versinl\u0259r v\u0259 onu d\u0259st\u0259kl\u0259sinl\u0259r. Az\u0259rbaycanda radikal m\u00fcxalif\u0259tin arxas\u0131nda ictimai dayaq olmad\u0131\u011f\u0131 \u00fc\u00e7\u00fcn onlar\u0131n se\u00e7kil\u0259ri boykot etm\u0259k haqq\u0131nda \u00e7a\u011f\u0131r\u0131\u015flar\u0131n\u0131n ictimai \u0259hval-ruhiyy\u0259y\u0259 v\u0259 se\u00e7icil\u0259r\u0259 h\u0259r hans\u0131 bir t\u0259siri olmayacaq. Ona g\u00f6r\u0259 d\u0259 onlar\u0131n boykot \u00e7a\u011f\u0131r\u0131\u015flar\u0131n\u0131n qar\u015f\u0131dan g\u0259l\u0259n parlament se\u00e7kil\u0259rin\u0259 h\u0259r hans\u0131 bir t\u0259sir g\u00fcc\u00fc yoxdur.<\/p>\n<p>\u018fslind\u0259 is\u0259 bu, onlar\u0131n \u00f6z\u00fcn\u00fcn boykotu kimi qavran\u0131lmal\u0131d\u0131r, Az\u0259rbaycan c\u0259miyy\u0259ti t\u0259r\u0259find\u0259n radikall\u0131\u011f\u0131n boykotu kimi d\u0259y\u0259rl\u0259ndirilm\u0259lidir. H\u0259qiqi m\u0259nada, Az\u0259rbaycan c\u0259miyy\u0259ti t\u0259r\u0259find\u0259n radikall\u0131\u011f\u0131n ciddi bir boykotu var. \u018fg\u0259r siyasi partiya \u00f6lk\u0259d\u0259 ke\u00e7iril\u0259n ist\u0259nil\u0259n se\u00e7kil\u0259rd\u0259 i\u015ftirak etmirs\u0259, h\u0259min partiyan\u0131n b\u00fct\u00f6vl\u00fckd\u0259 m\u00f6vcud olmas\u0131n\u0131n m\u0259nas\u0131 v\u0259 \u0259h\u0259miyy\u0259ti qalm\u0131r.<\/p>\n<p><strong>&#8211; Radikal m\u00fcxalif\u0259t, h\u0259m\u00e7inin, n\u00f6vb\u0259d\u0259nk\u0259nar se\u00e7kil\u0259rin Konstitusiyaya uy\u011fun olmamas\u0131 il\u0259 ba\u011fl\u0131 iddialar s\u0259sl\u0259ndirir<\/strong><\/p>\n<p>&#8211; M\u00fcxalif\u0259tin v\u0259 \u0259sas\u0259n d\u0259 radikal m\u00fcxalif\u0259tin guya parlamentin vaxt\u0131ndan \u0259vv\u0259l burax\u0131lmas\u0131n\u0131n Konstitusiyaya uy\u011fun olmamas\u0131 haqq\u0131nda fikirl\u0259rinin d\u0259 he\u00e7 bir m\u0259ntiqi v\u0259 h\u00fcquqi \u0259sas\u0131 yoxdur. Birincisi, 2016-c\u0131 ild\u0259 Az\u0259rbaycan Respublikas\u0131nda ke\u00e7iril\u0259n referenduma g\u00f6r\u0259, Az\u0259rbaycan\u0131n Prezidentin\u0259 m\u00fc\u0259yy\u0259n \u015f\u0259rtl\u0259r daxilind\u0259 parlamenti buraxmaq s\u0259lahiyy\u0259ti verilib. Bu, Konstitusiyan\u0131n 98.1-ci madd\u0259sind\u0259 \u00f6z\u00fcn\u00fcn ifad\u0259sini tap\u0131b.<\/p>\n<p><img src=\"https:\/\/cdn.trend.az\/media\/pictures\/2019\/12\/06\/trend_eli_ehmedov_061219_5.jpg\" alt=\"\" \/><\/p>\n<p>Orada ayd\u0131n \u015f\u0259kild\u0259 g\u00f6st\u0259rilir ki, Az\u0259rbaycan Respublikas\u0131 Milli M\u0259clisinin eyni \u00e7a\u011f\u0131r\u0131\u015f\u0131 bir il \u0259rzind\u0259 iki d\u0259f\u0259 Az\u0259rbaycan Respublikas\u0131n\u0131n Nazirl\u0259r Kabinetin\u0259 etimads\u0131zl\u0131q g\u00f6st\u0259rdikd\u0259 v\u0259 ya Az\u0259rbaycan Respublikas\u0131 Konstitusiya M\u0259hk\u0259m\u0259sinin, Az\u0259rbaycan Respublikas\u0131 Ali M\u0259hk\u0259m\u0259sinin v\u0259 Az\u0259rbaycan Respublikas\u0131 M\u0259rk\u0259zi Bank\u0131 \u0130dar\u0259 Hey\u0259tinin kollegial f\u0259aliyy\u0259ti \u00fc\u00e7\u00fcn z\u0259ruri olan sayda \u00fczvl\u00fcy\u0259 namiz\u0259dl\u0259ri Az\u0259rbaycan Respublikas\u0131n\u0131n Prezidenti t\u0259r\u0259find\u0259n iki d\u0259f\u0259 t\u0259qdim edildikd\u0259n sonra, qanunla m\u00fc\u0259yy\u0259n edilmi\u015f m\u00fcdd\u0259td\u0259 t\u0259yin etm\u0259dikd\u0259, habel\u0259 bu Konstitusiyan\u0131n 94-c\u00fc v\u0259 95-ci madd\u0259l\u0259rind\u0259, 96-c\u0131 madd\u0259sinin II, III, IV v\u0259 V hiss\u0259l\u0259rind\u0259, 97-ci madd\u0259sind\u0259 g\u00f6st\u0259ril\u0259n v\u0259zif\u0259l\u0259rini aradan qald\u0131r\u0131la bilm\u0259y\u0259n s\u0259b\u0259bl\u0259r \u00fcz\u00fcnd\u0259n icra etm\u0259dikd\u0259, Az\u0259rbaycan Respublikas\u0131n\u0131n Prezidenti Az\u0259rbaycan Respublikas\u0131n\u0131n Milli M\u0259clisini burax\u0131r.<\/p>\n<p>\u0130ndiki halda, Az\u0259rbaycan parlamenti deputatlar\u0131n\u0131n m\u00fctl\u0259q \u0259ks\u0259riyy\u0259ti Prezident\u0259 m\u00fcraci\u0259t ed\u0259r\u0259k faktiki olaraq \u00f6z v\u0259zif\u0259sin\u0259 xitam verib. Bel\u0259likl\u0259 d\u0259 Az\u0259rbaycan\u0131n parlamenti, qanunverici orqan\u0131, Milli M\u0259clisi Az\u0259rbaycan Konstitusiyas\u0131nda m\u00fc\u0259yy\u0259n olunmu\u015f, \u00f6z\u00fcn\u00fcn h\u0259yata ke\u00e7irm\u0259li oldu\u011fu v\u0259zif\u0259l\u0259ri aradan qald\u0131r\u0131lmas\u0131 m\u00fcmk\u00fcn olmayan s\u0259b\u0259bl\u0259r \u00fcz\u00fcnd\u0259n h\u0259yata ke\u00e7ir\u0259 bilmir. \u00c7\u00fcnki kvorum yoxdur, parlamentin deputatlar\u0131 \u00f6z f\u0259aliyy\u0259tl\u0259rin\u0259 xitam verm\u0259yi xahi\u015f edibl\u0259r. \u018fslind\u0259, bel\u0259 olu\u011fu halda parlament Konstitusiyan\u0131n ona verdiyi v\u0259zif\u0259l\u0259ri yerin\u0259 yetirm\u0259si \u00fc\u00e7\u00fcn dediyim kimi, aradan qald\u0131r\u0131lmas\u0131 m\u00fcmk\u00fcn olmayan s\u0259b\u0259bl\u0259r \u00fcz\u00fcnd\u0259n h\u0259min v\u0259zif\u0259l\u0259ri yerin\u0259 yetir\u0259 bilmir.<\/p>\n<p>Ona g\u00f6r\u0259 d\u0259 parlamentin vaxt\u0131ndan \u0259vv\u0259l burax\u0131lmas\u0131 Az\u0259rbaycan Respublikas\u0131n\u0131n Konstitusiyas\u0131n\u0131n t\u0259l\u0259bl\u0259rin\u0259 uy\u011fundur v\u0259 bununla \u0259laq\u0259dar Konstitusiya M\u0259hk\u0259m\u0259sinin \u00e7\u0131xard\u0131\u011f\u0131 q\u0259rar da bu h\u00fcququn Konstitusiya madd\u0259l\u0259rin\u0259 kifay\u0259t q\u0259d\u0259r istinad edildiyini g\u00f6st\u0259rir.<\/p>\n<p><strong>&#8211; \u018fli m\u00fc\u0259llim, Yeni Az\u0259rbaycan Partiyas\u0131 namiz\u0259dl\u0259rini m\u00fc\u0259yy\u0259nl\u0259\u015fdir\u0259n zaman hans\u0131 amill\u0259r\u0259 diqq\u0259t yetir\u0259c\u0259k?<\/strong><\/p>\n<p>&#8211; H\u0259r bir se\u00e7ki kampaniyas\u0131n\u0131n \u00f6z x\u00fcsusiyy\u0259tl\u0259ri var v\u0259 indiki d\u00f6vr\u00fcn s\u0259ciyy\u0259sind\u0259n \u00e7\u0131x\u0131\u015f etm\u0259li olsaq, burada h\u0259yata ke\u00e7iril\u0259n islahatlar strategiyas\u0131 v\u0259 onun \u00fcmumi konteksti m\u00fctl\u0259q \u015f\u0259kild\u0259 n\u0259z\u0259r\u0259 al\u0131nmal\u0131d\u0131r. Bu g\u00fcn apar\u0131lan islahatlar h\u0259m d\u0259 kadr d\u0259yi\u015fiklikl\u0259ri formas\u0131nda \u00f6z\u00fcn\u00fc g\u00f6st\u0259rir. Bel\u0259 olan halda, m\u00fc\u0259yy\u0259n d\u0259r\u0259c\u0259d\u0259 parlamentd\u0259 d\u0259 bir d\u0259yi\u015fikliyin h\u0259yata ke\u00e7irilm\u0259si il\u0259 ba\u011fl\u0131 c\u0259miyy\u0259td\u0259 sanki g\u00f6zl\u0259nti var. Amma, eyni zamanda onu da qeyd etm\u0259k laz\u0131md\u0131r ki, Az\u0259rbaycanda parlamentin formala\u015fmas\u0131 s\u0259lahiyy\u0259ti birm\u0259nal\u0131 \u015f\u0259kild\u0259 Az\u0259rbaycan v\u0259t\u0259nda\u015flar\u0131na m\u0259xsusdur. Se\u00e7icil\u0259r kiml\u0259rin parlamentd\u0259 t\u0259msil olunmas\u0131n\u0131 ist\u0259s\u0259l\u0259r, onlara da s\u0259s ver\u0259c\u0259kl\u0259r v\u0259 onlar da parlamentd\u0259 Az\u0259rbaycan xalq\u0131n\u0131 t\u0259msil ed\u0259c\u0259k. Se\u00e7il\u0259nl\u0259r g\u0259nc v\u0259 ya orta ya\u015fl\u0131 n\u0259slin n\u00fcmay\u0259nd\u0259si olacaq, bunu se\u00e7icil\u0259rin m\u00fcst\u0259sna s\u0259lahiyy\u0259ti m\u00fc\u0259yy\u0259nl\u0259\u015fdir\u0259c\u0259k.<\/p>\n<p>Az\u0259rbaycan c\u0259miyy\u0259tind\u0259 yeni, l\u0259yaq\u0259tli, y\u00fcks\u0259k t\u0259hsilli, geni\u015f d\u00fcnyag\u00f6r\u00fc\u015f\u0259 malik v\u0259 d\u0259rin v\u0259t\u0259np\u0259rv\u0259rlik ruhunda t\u0259rbiy\u0259 alm\u0131\u015f g\u0259nc n\u0259sil formala\u015f\u0131b. Bu g\u0259nc n\u0259sil Az\u0259rbaycan\u0131n inki\u015faf\u0131na \u00f6z t\u00f6hf\u0259sini ver\u0259 bil\u0259r. Biz onlar\u0131n imkanlar\u0131ndan, potensial\u0131ndan istifad\u0259 etm\u0259liyik. Taktikam\u0131z ondan ibar\u0259tdir ki, imkan d\u0259r\u0259c\u0259sind\u0259 g\u0259nc insanlar\u0131n namiz\u0259dliyini ir\u0259li s\u00fcr\u0259k. Yerd\u0259 qalan m\u0259s\u0259l\u0259ni is\u0259 se\u00e7icil\u0259r m\u00fc\u0259yy\u0259n ed\u0259c\u0259kl\u0259r.<\/p>\n","protected":false},"excerpt":{"rendered":"<p>ARANTV.AZ\u00a0 Ba\u015f Nazirin m\u00fcavini, Yeni Az\u0259rbaycan Partiyas\u0131n\u0131n S\u0259dr m\u00fcavini &#8211; \u0130cra katibi \u018fli \u018fhm\u0259dovun n\u00f6vb\u0259d\u0259nk\u0259nar parlament se\u00e7kil\u0259ri il\u0259 ba\u011fl\u0131\u00a0Trend-\u0259 m\u00fcsahib\u0259sini t\u0259qdim\u00a0edir: &#8211; \u018fli m\u00fc\u0259llim, n\u00f6vb\u0259d\u0259nk\u0259nar parlament se\u00e7kil\u0259rinin ke\u00e7irilm\u0259si il\u0259 ba\u011fl\u0131 q\u0259rar Az\u0259rbaycan\u0131n siyasi h\u0259yat\u0131na bir canlanma g\u0259tirdi. Bu se\u00e7kil\u0259ri z\u0259ruri ed\u0259n s\u0259b\u0259bl\u0259r haqq\u0131nda dan\u0131\u015fma\u011f\u0131n\u0131z\u0131 ist\u0259rdik. &#8211; Az\u0259rbaycanda son d\u00f6vrl\u0259rd\u0259 Prezident \u0130lham \u018fliyevin r\u0259hb\u0259rliyi alt\u0131nda ciddi v\u0259 geni\u015fmiqyasl\u0131 islahatlar strategiyas\u0131 h\u0259yata ke\u00e7irilm\u0259kd\u0259dir. \u018fslind\u0259, bu, Az\u0259rbaycanda bir ne\u00e7\u0259 il \u0259vv\u0259l ba\u015flan\u0131lan iqtisadi islahatlar\u0131n davam\u0131 kimi d\u0259 qiym\u0259tl\u0259ndiril\u0259 bil\u0259r. Apar\u0131lan islahatlar n\u0259tic\u0259sind\u0259 Az\u0259rbaycanda b\u00fct\u00fcn sferalarda ciddi d\u0259yi\u015fiklikl\u0259rin, \u0259n ba\u015fl\u0131cas\u0131 is\u0259 yenil\u0259\u015fm\u0259nin h\u0259yata ke\u00e7irilm\u0259si&hellip;<\/p>\n","protected":false},"author":2,"featured_media":105028,"comment_status":"closed","ping_status":"closed","sticky":false,"template":"","format":"standard","meta":{"om_disable_all_campaigns":false,"_monsterinsights_skip_tracking":false,"_monsterinsights_sitenote_active":false,"_monsterinsights_sitenote_note":"","_monsterinsights_sitenote_category":0},"categories":[4],"tags":[],"aioseo_notices":[],"gutentor_comment":0,"rttpg_featured_image_url":{"full":["https:\/\/arantv.az\/wp-content\/uploads\/2019\/12\/808853_8.jpg",1280,853,false],"landscape":["https:\/\/arantv.az\/wp-content\/uploads\/2019\/12\/808853_8.jpg",1280,853,false],"portraits":["https:\/\/arantv.az\/wp-content\/uploads\/2019\/12\/808853_8.jpg",1280,853,false],"thumbnail":["https:\/\/arantv.az\/wp-content\/uploads\/2019\/12\/808853_8-150x150.jpg",150,150,true],"medium":["https:\/\/arantv.az\/wp-content\/uploads\/2019\/12\/808853_8-300x200.jpg",300,200,true],"large":["https:\/\/arantv.az\/wp-content\/uploads\/2019\/12\/808853_8-1024x682.jpg",640,426,true],"1536x1536":["https:\/\/arantv.az\/wp-content\/uploads\/2019\/12\/808853_8.jpg",1280,853,false],"2048x2048":["https:\/\/arantv.az\/wp-content\/uploads\/2019\/12\/808853_8.jpg",1280,853,false],"post-thumbnail":["https:\/\/arantv.az\/wp-content\/uploads\/2019\/12\/808853_8-240x172.jpg",240,172,true],"advps-thumb-one":["https:\/\/arantv.az\/wp-content\/uploads\/2019\/12\/808853_8-1200x620.jpg",1200,620,true]},"rttpg_author":{"display_name":"V\u00fcsal Rafiqo\u011flu","author_link":"https:\/\/arantv.az\/?author=2"},"rttpg_comment":0,"rttpg_category":"<a href=\"https:\/\/arantv.az\/?cat=4\" rel=\"category\">Siyas\u0259t<\/a>","rttpg_excerpt":"ARANTV.AZ\u00a0 Ba\u015f Nazirin m\u00fcavini, Yeni Az\u0259rbaycan Partiyas\u0131n\u0131n S\u0259dr m\u00fcavini &#8211; \u0130cra katibi \u018fli \u018fhm\u0259dovun n\u00f6vb\u0259d\u0259nk\u0259nar parlament se\u00e7kil\u0259ri il\u0259 ba\u011fl\u0131\u00a0Trend-\u0259 m\u00fcsahib\u0259sini t\u0259qdim\u00a0edir: &#8211; \u018fli m\u00fc\u0259llim, n\u00f6vb\u0259d\u0259nk\u0259nar parlament se\u00e7kil\u0259rinin ke\u00e7irilm\u0259si il\u0259 ba\u011fl\u0131 q\u0259rar Az\u0259rbaycan\u0131n siyasi h\u0259yat\u0131na bir canlanma g\u0259tirdi. Bu se\u00e7kil\u0259ri z\u0259ruri ed\u0259n s\u0259b\u0259bl\u0259r haqq\u0131nda dan\u0131\u015fma\u011f\u0131n\u0131z\u0131 ist\u0259rdik. &#8211; Az\u0259rbaycanda son d\u00f6vrl\u0259rd\u0259 Prezident \u0130lham \u018fliyevin r\u0259hb\u0259rliyi alt\u0131nda ciddi&hellip;","_links":{"self":[{"href":"https:\/\/arantv.az\/index.php?rest_route=\/wp\/v2\/posts\/105027"}],"collection":[{"href":"https:\/\/arantv.az\/index.php?rest_route=\/wp\/v2\/posts"}],"about":[{"href":"https:\/\/arantv.az\/index.php?rest_route=\/wp\/v2\/types\/post"}],"author":[{"embeddable":true,"href":"https:\/\/arantv.az\/index.php?rest_route=\/wp\/v2\/users\/2"}],"replies":[{"embeddable":true,"href":"https:\/\/arantv.az\/index.php?rest_route=%2Fwp%2Fv2%2Fcomments&post=105027"}],"version-history":[{"count":0,"href":"https:\/\/arantv.az\/index.php?rest_route=\/wp\/v2\/posts\/105027\/revisions"}],"wp:featuredmedia":[{"embeddable":true,"href":"https:\/\/arantv.az\/index.php?rest_route=\/wp\/v2\/media\/105028"}],"wp:attachment":[{"href":"https:\/\/arantv.az\/index.php?rest_route=%2Fwp%2Fv2%2Fmedia&parent=105027"}],"wp:term":[{"taxonomy":"category","embeddable":true,"href":"https:\/\/arantv.az\/index.php?rest_route=%2Fwp%2Fv2%2Fcategories&post=105027"},{"taxonomy":"post_tag","embeddable":true,"href":"https:\/\/arantv.az\/index.php?rest_route=%2Fwp%2Fv2%2Ftags&post=105027"}],"curies":[{"name":"wp","href":"https:\/\/api.w.org\/{rel}","templated":true}]}}