{"id":105035,"date":"2019-12-09T09:00:12","date_gmt":"2019-12-09T06:00:12","guid":{"rendered":"http:\/\/arantv.az\/?p=105035"},"modified":"2019-12-09T09:00:12","modified_gmt":"2019-12-09T06:00:12","slug":"milli-m%c9%99clisin-deputatlari-aspa-nin-buro-v%c9%99-komit%c9%99-iclaslarinda-istirak-edirl%c9%99r","status":"publish","type":"post","link":"https:\/\/arantv.az\/?p=105035","title":{"rendered":"Milli M\u0259clisin deputatlar\u0131 A\u015ePA-n\u0131n b\u00fcro v\u0259 komit\u0259 iclaslar\u0131nda i\u015ftirak edirl\u0259r"},"content":{"rendered":"<p>Dekabr\u0131n 9-dan 13-d\u0259k Parisd\u0259 Avropa \u015euras\u0131 Parlament Assambleyas\u0131n\u0131n B\u00fcro, Siyasi i\u015fl\u0259r v\u0259 demokratiya, H\u00fcquqi m\u0259s\u0259l\u0259l\u0259r v\u0259 insan h\u00fcquqlar\u0131 v\u0259 Monitorinq komit\u0259l\u0259rinin iclaslar\u0131 ke\u00e7iril\u0259c\u0259k.<\/p>\n<p><strong>ARANTV.AZ<\/strong>\u00a0\u00a0<a href=\"https:\/\/az.trend.az\/\" target=\"_blank\" rel=\"noopener\">Trend<\/a>-\u0259 istinad\u0259n x\u0259b\u0259r verir ki, t\u0259dbirl\u0259rd\u0259 Milli M\u0259clisin Beyn\u0259lxalq m\u00fcnasib\u0259tl\u0259r v\u0259 parlamentl\u0259raras\u0131 \u0259laq\u0259l\u0259r komit\u0259sinin s\u0259dri, A\u015ePA-da Az\u0259rbaycan n\u00fcmay\u0259nd\u0259 hey\u0259tinin r\u0259hb\u0259ri S\u0259m\u0259d Seyidov v\u0259 n\u00fcmay\u0259nd\u0259 hey\u0259tinin \u00fczv\u00fc, deputat Sabir Hac\u0131yev i\u015ftirak edirl\u0259r.<\/p>\n<p>\u0130claslarda 2020-ci ild\u0259 Parlament Assambleyas\u0131n\u0131n f\u0259aliyy\u0259t plan\u0131, Belarusda ke\u00e7irilmi\u015f parlament se\u00e7kil\u0259rinin n\u0259tic\u0259l\u0259ri, Az\u0259rbaycanda ke\u00e7iril\u0259c\u0259k parlament se\u00e7kil\u0259ri, Avropa \u015euras\u0131n\u0131n h\u00fcdudlar\u0131n\u0131n d\u0259qiql\u0259\u015fdirilm\u0259si v\u0259 g\u00fccl\u0259ndirilm\u0259si, \u0130\u015f yerl\u0259rind\u0259 dini azadl\u0131\u011f\u0131n qorunmas\u0131, Monitorinq Komit\u0259sinin Az\u0259rbaycan \u00fczr\u0259 m\u0259ruz\u0259sinin ilkin layih\u0259si, Se\u00e7ki sistemind\u0259 minimum standartlar\u0131n t\u0259tbiq olunmas\u0131, \u018flc\u0259zair il\u0259 parlament \u00e7\u0259r\u00e7iv\u0259sind\u0259 dialoq v\u0259 dig\u0259r m\u00f6vzularda m\u00fczakir\u0259l\u0259r apar\u0131lacaq, bir s\u0131ra t\u0259\u015fkilati m\u0259s\u0259l\u0259l\u0259r\u0259 bax\u0131lacaqd\u0131r.<\/p>\n<p>Deputatlar g\u00fcnd\u0259likd\u0259ki m\u0259s\u0259l\u0259l\u0259rl\u0259 ba\u011fl\u0131 \u00e7\u0131x\u0131\u015flar ed\u0259c\u0259k, fikirl\u0259rini bildir\u0259c\u0259kl\u0259r.<\/p>\n","protected":false},"excerpt":{"rendered":"<p>Dekabr\u0131n 9-dan 13-d\u0259k Parisd\u0259 Avropa \u015euras\u0131 Parlament Assambleyas\u0131n\u0131n B\u00fcro, Siyasi i\u015fl\u0259r v\u0259 demokratiya, H\u00fcquqi m\u0259s\u0259l\u0259l\u0259r v\u0259 insan h\u00fcquqlar\u0131 v\u0259 Monitorinq komit\u0259l\u0259rinin iclaslar\u0131 ke\u00e7iril\u0259c\u0259k. ARANTV.AZ\u00a0\u00a0Trend-\u0259 istinad\u0259n x\u0259b\u0259r verir ki, t\u0259dbirl\u0259rd\u0259 Milli M\u0259clisin Beyn\u0259lxalq m\u00fcnasib\u0259tl\u0259r v\u0259 parlamentl\u0259raras\u0131 \u0259laq\u0259l\u0259r komit\u0259sinin s\u0259dri, A\u015ePA-da Az\u0259rbaycan n\u00fcmay\u0259nd\u0259 hey\u0259tinin r\u0259hb\u0259ri S\u0259m\u0259d Seyidov v\u0259 n\u00fcmay\u0259nd\u0259 hey\u0259tinin \u00fczv\u00fc, deputat Sabir Hac\u0131yev i\u015ftirak edirl\u0259r. \u0130claslarda 2020-ci ild\u0259 Parlament Assambleyas\u0131n\u0131n f\u0259aliyy\u0259t plan\u0131, Belarusda ke\u00e7irilmi\u015f parlament se\u00e7kil\u0259rinin n\u0259tic\u0259l\u0259ri, Az\u0259rbaycanda ke\u00e7iril\u0259c\u0259k parlament se\u00e7kil\u0259ri, Avropa \u015euras\u0131n\u0131n h\u00fcdudlar\u0131n\u0131n d\u0259qiql\u0259\u015fdirilm\u0259si v\u0259 g\u00fccl\u0259ndirilm\u0259si, \u0130\u015f yerl\u0259rind\u0259 dini azadl\u0131\u011f\u0131n qorunmas\u0131, Monitorinq Komit\u0259sinin Az\u0259rbaycan \u00fczr\u0259 m\u0259ruz\u0259sinin ilkin layih\u0259si, Se\u00e7ki sistemind\u0259&hellip;<\/p>\n","protected":false},"author":2,"featured_media":105036,"comment_status":"closed","ping_status":"closed","sticky":false,"template":"","format":"standard","meta":{"om_disable_all_campaigns":false,"_monsterinsights_skip_tracking":false,"_monsterinsights_sitenote_active":false,"_monsterinsights_sitenote_note":"","_monsterinsights_sitenote_category":0},"categories":[4],"tags":[],"aioseo_notices":[],"gutentor_comment":0,"rttpg_featured_image_url":{"full":["https:\/\/arantv.az\/wp-content\/uploads\/2019\/12\/milli_meclis_000.jpg",482,361,false],"landscape":["https:\/\/arantv.az\/wp-content\/uploads\/2019\/12\/milli_meclis_000.jpg",482,361,false],"portraits":["https:\/\/arantv.az\/wp-content\/uploads\/2019\/12\/milli_meclis_000.jpg",482,361,false],"thumbnail":["https:\/\/arantv.az\/wp-content\/uploads\/2019\/12\/milli_meclis_000-150x150.jpg",150,150,true],"medium":["https:\/\/arantv.az\/wp-content\/uploads\/2019\/12\/milli_meclis_000-300x225.jpg",300,225,true],"large":["https:\/\/arantv.az\/wp-content\/uploads\/2019\/12\/milli_meclis_000.jpg",482,361,false],"1536x1536":["https:\/\/arantv.az\/wp-content\/uploads\/2019\/12\/milli_meclis_000.jpg",482,361,false],"2048x2048":["https:\/\/arantv.az\/wp-content\/uploads\/2019\/12\/milli_meclis_000.jpg",482,361,false],"post-thumbnail":["https:\/\/arantv.az\/wp-content\/uploads\/2019\/12\/milli_meclis_000-240x172.jpg",240,172,true],"advps-thumb-one":["https:\/\/arantv.az\/wp-content\/uploads\/2019\/12\/milli_meclis_000.jpg",482,361,false]},"rttpg_author":{"display_name":"V\u00fcsal Rafiqo\u011flu","author_link":"https:\/\/arantv.az\/?author=2"},"rttpg_comment":0,"rttpg_category":"<a href=\"https:\/\/arantv.az\/?cat=4\" rel=\"category\">Siyas\u0259t<\/a>","rttpg_excerpt":"Dekabr\u0131n 9-dan 13-d\u0259k Parisd\u0259 Avropa \u015euras\u0131 Parlament Assambleyas\u0131n\u0131n B\u00fcro, Siyasi i\u015fl\u0259r v\u0259 demokratiya, H\u00fcquqi m\u0259s\u0259l\u0259l\u0259r v\u0259 insan h\u00fcquqlar\u0131 v\u0259 Monitorinq komit\u0259l\u0259rinin iclaslar\u0131 ke\u00e7iril\u0259c\u0259k. ARANTV.AZ\u00a0\u00a0Trend-\u0259 istinad\u0259n x\u0259b\u0259r verir ki, t\u0259dbirl\u0259rd\u0259 Milli M\u0259clisin Beyn\u0259lxalq m\u00fcnasib\u0259tl\u0259r v\u0259 parlamentl\u0259raras\u0131 \u0259laq\u0259l\u0259r komit\u0259sinin s\u0259dri, A\u015ePA-da Az\u0259rbaycan n\u00fcmay\u0259nd\u0259 hey\u0259tinin r\u0259hb\u0259ri S\u0259m\u0259d Seyidov v\u0259 n\u00fcmay\u0259nd\u0259 hey\u0259tinin \u00fczv\u00fc, deputat Sabir Hac\u0131yev i\u015ftirak edirl\u0259r. \u0130claslarda&hellip;","_links":{"self":[{"href":"https:\/\/arantv.az\/index.php?rest_route=\/wp\/v2\/posts\/105035"}],"collection":[{"href":"https:\/\/arantv.az\/index.php?rest_route=\/wp\/v2\/posts"}],"about":[{"href":"https:\/\/arantv.az\/index.php?rest_route=\/wp\/v2\/types\/post"}],"author":[{"embeddable":true,"href":"https:\/\/arantv.az\/index.php?rest_route=\/wp\/v2\/users\/2"}],"replies":[{"embeddable":true,"href":"https:\/\/arantv.az\/index.php?rest_route=%2Fwp%2Fv2%2Fcomments&post=105035"}],"version-history":[{"count":0,"href":"https:\/\/arantv.az\/index.php?rest_route=\/wp\/v2\/posts\/105035\/revisions"}],"wp:featuredmedia":[{"embeddable":true,"href":"https:\/\/arantv.az\/index.php?rest_route=\/wp\/v2\/media\/105036"}],"wp:attachment":[{"href":"https:\/\/arantv.az\/index.php?rest_route=%2Fwp%2Fv2%2Fmedia&parent=105035"}],"wp:term":[{"taxonomy":"category","embeddable":true,"href":"https:\/\/arantv.az\/index.php?rest_route=%2Fwp%2Fv2%2Fcategories&post=105035"},{"taxonomy":"post_tag","embeddable":true,"href":"https:\/\/arantv.az\/index.php?rest_route=%2Fwp%2Fv2%2Ftags&post=105035"}],"curies":[{"name":"wp","href":"https:\/\/api.w.org\/{rel}","templated":true}]}}