{"id":105039,"date":"2019-12-09T09:01:00","date_gmt":"2019-12-09T06:01:00","guid":{"rendered":"http:\/\/arantv.az\/?p=105039"},"modified":"2019-12-09T09:01:00","modified_gmt":"2019-12-09T06:01:00","slug":"%c9%99li-%c9%99hm%c9%99dov-radikal-muxalif%c9%99t-ugursuzlugunu-s%c9%99rs%c9%99m-b%c9%99yanatlarla-ort-basdir-etm%c9%99y%c9%99-calisir","status":"publish","type":"post","link":"https:\/\/arantv.az\/?p=105039","title":{"rendered":"\u018fli \u018fhm\u0259dov: &#8220;Radikal m\u00fcxalif\u0259t u\u011fursuzlu\u011funu s\u0259rs\u0259m b\u0259yanatlarla \u00f6rt-basd\u0131r etm\u0259y\u0259 \u00e7al\u0131\u015f\u0131r&#8221;"},"content":{"rendered":"<p>&#8220;Az\u0259rbaycanda radikal m\u00fcxalif\u0259t parlament se\u00e7kil\u0259ri il\u0259 \u0259laq\u0259dar ir\u0259liy\u0259 s\u00fcr\u00fclm\u00fc\u015f t\u0259\u015f\u0259bb\u00fcs\u0259 \u00f6z\u00fcn\u00fcn ad\u0259tin\u0259 uy\u011fun \u015f\u0259kild\u0259, qarayaxma taktikas\u0131 \u0259sas\u0131nda m\u00fcnasib\u0259t bildirm\u0259y\u0259 \u00e7al\u0131\u015f\u0131r&#8221;.<\/p>\n<p><strong>ARANTV.AZ<\/strong> x\u0259b\u0259r verir ki, bunu\u00a0<a href=\"https:\/\/az.trend.az\/\" target=\"_blank\" rel=\"noopener\">Trend<\/a>-\u0259 Ba\u015f nazirin m\u00fcavini, Yeni Az\u0259rbaycan Partiyas\u0131n\u0131n S\u0259dr m\u00fcavini &#8211; \u0130cra katibi \u018fli \u018fhm\u0259dov deyib.<\/p>\n<p>\u018f.\u018fhm\u0259dov bildirib ki, radikal m\u00fcxalif\u0259t b\u0259zi hallarda \u00e7ox g\u00fclm\u0259li v\u0259 b\u0259sit t\u0259f\u0259kk\u00fcr\u00fc ifad\u0259 ed\u0259n arqumentl\u0259r g\u0259tirir. \u0130ddia edir ki, Az\u0259rbaycanda n\u00f6vb\u0259ti parlament se\u00e7kil\u0259rinin ke\u00e7irilm\u0259si t\u0259\u015f\u0259bb\u00fcs\u00fcn\u00fcn \u0259sas s\u0259b\u0259bi se\u00e7kil\u0259rin soyuq ayda ba\u015f tutmas\u0131 il\u0259 \u0259laq\u0259dard\u0131r: &#8220;Guya, m\u00fcxalif\u0259t soyuq aylarda se\u00e7kil\u0259rd\u0259n k\u0259narda qalacaq. Bu fikri bel\u0259 t\u0259f\u0259kk\u00fcr\u00fcn da\u015f\u0131y\u0131c\u0131s\u0131 olan \u018fli K\u0259rimli s\u0259sl\u0259ndirib. Bu insan\u0131n d\u00fcnyag\u00f6r\u00fc\u015f\u00fc haqq\u0131nda ist\u0259r-ist\u0259m\u0259z d\u00fc\u015f\u00fcnm\u0259li olursan v\u0259 t\u0259\u0259cc\u00fcb edirs\u0259n ki, bu c\u00fcr b\u0259sit t\u0259f\u0259kk\u00fcr\u0259 malik olan bir insan \u00f6z\u00fcn\u00fc m\u00fcxalif\u0259t lideri kimi t\u0259qdim etm\u0259y\u0259 \u00e7al\u0131\u015f\u0131r.<\/p>\n<p>\u018fslind\u0259, se\u00e7kil\u0259rl\u0259 ba\u011fl\u0131 \u00f6zl\u0259rin\u0259 uy\u011fun \u015f\u0259kild\u0259 ifad\u0259 etdikl\u0259ri absurd fikirl\u0259rin k\u00f6k\u00fcnd\u0259 duran real s\u0259b\u0259b is\u0259 onlar\u0131n se\u00e7kil\u0259r\u0259 haz\u0131r olmamalar\u0131 v\u0259 sosial dayaqlar\u0131n\u0131 tamamil\u0259 itirm\u0259l\u0259ri il\u0259 \u0259laq\u0259dard\u0131r. Se\u00e7kid\u0259 i\u015ftirak etm\u0259yin \u0259n ba\u015fl\u0131ca s\u0259b\u0259bi siyasi partiyan\u0131n yet\u0259rinc\u0259 sosial daya\u011fa v\u0259 ictimai n\u00fcfuza malik olmas\u0131 il\u0259 \u0259laq\u0259dard\u0131r. Bu parametrl\u0259r\u0259 malik olmayan partiyalar\u0131n se\u00e7kil\u0259rd\u0259 i\u015ftirak ed\u0259r\u0259k h\u0259r hans\u0131 u\u011fur qazanmas\u0131 qeyri-m\u00fcmk\u00fcnd\u00fcr&#8221;.<\/p>\n<p>\u018f.\u018fhm\u0259dov bildirib ki, radikal partiyalar Az\u0259rbaycan c\u0259miyy\u0259tind\u0259 sosial dayaqlar\u0131n\u0131 tamamil\u0259 itirdikl\u0259ri \u00fc\u00e7\u00fcn Az\u0259rbaycan v\u0259t\u0259nda\u015flar\u0131n\u0131n onlar\u0131n ir\u0259li s\u00fcr\u0259c\u0259yi namiz\u0259dl\u0259r\u0259 inamlar\u0131 yoxdur v\u0259 bel\u0259likl\u0259 d\u0259 se\u00e7kil\u0259rd\u0259 i\u015ftirak etm\u0259k radikal m\u00fcxalif\u0259t\u0259 h\u0259r hans\u0131 bir u\u011fur g\u0259tirmir:<\/p>\n<p>&#8220;Bel\u0259 olan halda onlar\u0131n taktikas\u0131 ona \u0259saslan\u0131r ki, se\u00e7kil\u0259rd\u0259 \u00f6zl\u0259rinin m\u00fctl\u0259q u\u011fursuzluqlar\u0131n\u0131 \u00f6rt-basd\u0131r etm\u0259k \u00fc\u00e7\u00fcn m\u00fcxt\u0259lif b\u0259han\u0259l\u0259rl\u0259 se\u00e7kil\u0259rd\u0259 i\u015ftirak etm\u0259kd\u0259n imtiana etsinl\u0259r. Burada s\u00f6hb\u0259t sad\u0259c\u0259 olaraq h\u0259min partiyalar\u0131n se\u00e7kil\u0259rd\u0259 i\u015ftirak etm\u0259k \u00fc\u00e7\u00fcn laz\u0131m olan insani, ictimai d\u0259st\u0259k resurslar\u0131n\u0131n \u00e7at\u0131\u015fmamas\u0131 il\u0259 \u0259laq\u0259dard\u0131r. Bu resurslar\u0131 olmad\u0131\u011f\u0131ndan onlar se\u00e7kil\u0259rd\u0259 i\u015ftirak ed\u0259 bilmirl\u0259r, ancaq bunu m\u00fcxt\u0259lif b\u0259han\u0259l\u0259rl\u0259 \u0259sasland\u0131rma\u011fa \u00e7al\u0131\u015f\u0131rlar v\u0259 bel\u0259likl\u0259, yen\u0259 d\u0259 ad\u0259tl\u0259rin\u0259 uy\u011fun olaraq Az\u0259rbaycan iqtidar\u0131n\u0131n \u00fcz\u0259rin\u0259 qarayaxma kampaniyas\u0131 il\u0259 g\u0259lm\u0259y\u0259 c\u0259hdl\u0259r g\u00f6st\u0259rirl\u0259r&#8221;.<\/p>\n","protected":false},"excerpt":{"rendered":"<p>&#8220;Az\u0259rbaycanda radikal m\u00fcxalif\u0259t parlament se\u00e7kil\u0259ri il\u0259 \u0259laq\u0259dar ir\u0259liy\u0259 s\u00fcr\u00fclm\u00fc\u015f t\u0259\u015f\u0259bb\u00fcs\u0259 \u00f6z\u00fcn\u00fcn ad\u0259tin\u0259 uy\u011fun \u015f\u0259kild\u0259, qarayaxma taktikas\u0131 \u0259sas\u0131nda m\u00fcnasib\u0259t bildirm\u0259y\u0259 \u00e7al\u0131\u015f\u0131r&#8221;. ARANTV.AZ x\u0259b\u0259r verir ki, bunu\u00a0Trend-\u0259 Ba\u015f nazirin m\u00fcavini, Yeni Az\u0259rbaycan Partiyas\u0131n\u0131n S\u0259dr m\u00fcavini &#8211; \u0130cra katibi \u018fli \u018fhm\u0259dov deyib. \u018f.\u018fhm\u0259dov bildirib ki, radikal m\u00fcxalif\u0259t b\u0259zi hallarda \u00e7ox g\u00fclm\u0259li v\u0259 b\u0259sit t\u0259f\u0259kk\u00fcr\u00fc ifad\u0259 ed\u0259n arqumentl\u0259r g\u0259tirir. \u0130ddia edir ki, Az\u0259rbaycanda n\u00f6vb\u0259ti parlament se\u00e7kil\u0259rinin ke\u00e7irilm\u0259si t\u0259\u015f\u0259bb\u00fcs\u00fcn\u00fcn \u0259sas s\u0259b\u0259bi se\u00e7kil\u0259rin soyuq ayda ba\u015f tutmas\u0131 il\u0259 \u0259laq\u0259dard\u0131r: &#8220;Guya, m\u00fcxalif\u0259t soyuq aylarda se\u00e7kil\u0259rd\u0259n k\u0259narda qalacaq. Bu fikri bel\u0259 t\u0259f\u0259kk\u00fcr\u00fcn da\u015f\u0131y\u0131c\u0131s\u0131 olan \u018fli K\u0259rimli s\u0259sl\u0259ndirib. Bu&hellip;<\/p>\n","protected":false},"author":2,"featured_media":105040,"comment_status":"closed","ping_status":"closed","sticky":false,"template":"","format":"standard","meta":{"om_disable_all_campaigns":false,"_monsterinsights_skip_tracking":false,"_monsterinsights_sitenote_active":false,"_monsterinsights_sitenote_note":"","_monsterinsights_sitenote_category":0},"categories":[4],"tags":[],"aioseo_notices":[],"gutentor_comment":0,"rttpg_featured_image_url":{"full":["https:\/\/arantv.az\/wp-content\/uploads\/2019\/12\/808863.jpg",800,600,false],"landscape":["https:\/\/arantv.az\/wp-content\/uploads\/2019\/12\/808863.jpg",800,600,false],"portraits":["https:\/\/arantv.az\/wp-content\/uploads\/2019\/12\/808863.jpg",800,600,false],"thumbnail":["https:\/\/arantv.az\/wp-content\/uploads\/2019\/12\/808863-150x150.jpg",150,150,true],"medium":["https:\/\/arantv.az\/wp-content\/uploads\/2019\/12\/808863-300x225.jpg",300,225,true],"large":["https:\/\/arantv.az\/wp-content\/uploads\/2019\/12\/808863.jpg",640,480,false],"1536x1536":["https:\/\/arantv.az\/wp-content\/uploads\/2019\/12\/808863.jpg",800,600,false],"2048x2048":["https:\/\/arantv.az\/wp-content\/uploads\/2019\/12\/808863.jpg",800,600,false],"post-thumbnail":["https:\/\/arantv.az\/wp-content\/uploads\/2019\/12\/808863-240x172.jpg",240,172,true],"advps-thumb-one":["https:\/\/arantv.az\/wp-content\/uploads\/2019\/12\/808863.jpg",800,600,false]},"rttpg_author":{"display_name":"V\u00fcsal Rafiqo\u011flu","author_link":"https:\/\/arantv.az\/?author=2"},"rttpg_comment":0,"rttpg_category":"<a href=\"https:\/\/arantv.az\/?cat=4\" rel=\"category\">Siyas\u0259t<\/a>","rttpg_excerpt":"&#8220;Az\u0259rbaycanda radikal m\u00fcxalif\u0259t parlament se\u00e7kil\u0259ri il\u0259 \u0259laq\u0259dar ir\u0259liy\u0259 s\u00fcr\u00fclm\u00fc\u015f t\u0259\u015f\u0259bb\u00fcs\u0259 \u00f6z\u00fcn\u00fcn ad\u0259tin\u0259 uy\u011fun \u015f\u0259kild\u0259, qarayaxma taktikas\u0131 \u0259sas\u0131nda m\u00fcnasib\u0259t bildirm\u0259y\u0259 \u00e7al\u0131\u015f\u0131r&#8221;. ARANTV.AZ x\u0259b\u0259r verir ki, bunu\u00a0Trend-\u0259 Ba\u015f nazirin m\u00fcavini, Yeni Az\u0259rbaycan Partiyas\u0131n\u0131n S\u0259dr m\u00fcavini &#8211; \u0130cra katibi \u018fli \u018fhm\u0259dov deyib. \u018f.\u018fhm\u0259dov bildirib ki, radikal m\u00fcxalif\u0259t b\u0259zi hallarda \u00e7ox g\u00fclm\u0259li v\u0259 b\u0259sit t\u0259f\u0259kk\u00fcr\u00fc ifad\u0259 ed\u0259n arqumentl\u0259r g\u0259tirir.&hellip;","_links":{"self":[{"href":"https:\/\/arantv.az\/index.php?rest_route=\/wp\/v2\/posts\/105039"}],"collection":[{"href":"https:\/\/arantv.az\/index.php?rest_route=\/wp\/v2\/posts"}],"about":[{"href":"https:\/\/arantv.az\/index.php?rest_route=\/wp\/v2\/types\/post"}],"author":[{"embeddable":true,"href":"https:\/\/arantv.az\/index.php?rest_route=\/wp\/v2\/users\/2"}],"replies":[{"embeddable":true,"href":"https:\/\/arantv.az\/index.php?rest_route=%2Fwp%2Fv2%2Fcomments&post=105039"}],"version-history":[{"count":0,"href":"https:\/\/arantv.az\/index.php?rest_route=\/wp\/v2\/posts\/105039\/revisions"}],"wp:featuredmedia":[{"embeddable":true,"href":"https:\/\/arantv.az\/index.php?rest_route=\/wp\/v2\/media\/105040"}],"wp:attachment":[{"href":"https:\/\/arantv.az\/index.php?rest_route=%2Fwp%2Fv2%2Fmedia&parent=105039"}],"wp:term":[{"taxonomy":"category","embeddable":true,"href":"https:\/\/arantv.az\/index.php?rest_route=%2Fwp%2Fv2%2Fcategories&post=105039"},{"taxonomy":"post_tag","embeddable":true,"href":"https:\/\/arantv.az\/index.php?rest_route=%2Fwp%2Fv2%2Ftags&post=105039"}],"curies":[{"name":"wp","href":"https:\/\/api.w.org\/{rel}","templated":true}]}}