{"id":105059,"date":"2019-12-09T09:16:29","date_gmt":"2019-12-09T06:16:29","guid":{"rendered":"http:\/\/arantv.az\/?p=105059"},"modified":"2019-12-09T09:16:29","modified_gmt":"2019-12-09T06:16:29","slug":"aeroport-yolunda-z%c9%99ncirvari-q%c9%99za-3-avtomobil%c9%99-gor%c9%99-yol-tixandi-foto","status":"publish","type":"post","link":"https:\/\/arantv.az\/?p=105059","title":{"rendered":"Aeroport yolunda z\u0259ncirvari q\u0259za: 3 avtomobil\u0259 g\u00f6r\u0259 yol t\u0131xand\u0131 &#8211; Foto"},"content":{"rendered":"<p>Bak\u0131da s\u0259h\u0259r saatlar\u0131nda yol-n\u0259qliyyat hadis\u0259si ba\u015f verib.<\/p>\n<p>Q\u0259za Aeroport yolunda \u00fcz\u00fc M\u0259rd\u0259kan istiqam\u0259tind\u0259 qeyd\u0259 al\u0131n\u0131b. Z\u0259ncirvari q\u0259zada \u00fc\u00e7 avtomobil\u0259 ziyan d\u0259yib. &#8220;Jeep&#8221;, &#8220;Opel&#8221; v\u0259 &#8220;Saipa&#8221; markal\u0131 avtomobill\u0259r aras\u0131nda ba\u015f ver\u0259n z\u0259ncirvari q\u0259zada x\u0259sar\u0259t alan\u0131n oldu\u011fu da deyilir.<\/p>\n<div><\/div>\n<p>Hadis\u0259 yerin\u0259 Yol Patrul Xidm\u0259tinin \u0259m\u0259kda\u015flar\u0131 c\u0259lb olunublar. Ad\u0131\u00e7\u0259kil\u0259n \u0259razid\u0259 avtomobill\u0259r aras\u0131nda s\u0131xl\u0131q m\u00fc\u015fahid\u0259 olunur.\/trend\/<br \/>\n<img class=\"imgbcode\" src=\"https:\/\/sonxeber.az\/uploads\/157587187612.jpg\" alt=\"Aeroport yolunda z\u0259ncirvari q\u0259za: 3 avtomobil\u0259 g\u00f6r\u0259 yol t\u0131xand\u0131 - Foto\" \/><img class=\"imgbcode\" src=\"https:\/\/sonxeber.az\/uploads\/157587187614.jpg\" alt=\"Aeroport yolunda z\u0259ncirvari q\u0259za: 3 avtomobil\u0259 g\u00f6r\u0259 yol t\u0131xand\u0131 - Foto\" \/><\/p>\n","protected":false},"excerpt":{"rendered":"<p>Bak\u0131da s\u0259h\u0259r saatlar\u0131nda yol-n\u0259qliyyat hadis\u0259si ba\u015f verib. Q\u0259za Aeroport yolunda \u00fcz\u00fc M\u0259rd\u0259kan istiqam\u0259tind\u0259 qeyd\u0259 al\u0131n\u0131b. Z\u0259ncirvari q\u0259zada \u00fc\u00e7 avtomobil\u0259 ziyan d\u0259yib. &#8220;Jeep&#8221;, &#8220;Opel&#8221; v\u0259 &#8220;Saipa&#8221; markal\u0131 avtomobill\u0259r aras\u0131nda ba\u015f ver\u0259n z\u0259ncirvari q\u0259zada x\u0259sar\u0259t alan\u0131n oldu\u011fu da deyilir. Hadis\u0259 yerin\u0259 Yol Patrul Xidm\u0259tinin \u0259m\u0259kda\u015flar\u0131 c\u0259lb olunublar. Ad\u0131\u00e7\u0259kil\u0259n \u0259razid\u0259 avtomobill\u0259r aras\u0131nda s\u0131xl\u0131q m\u00fc\u015fahid\u0259 olunur.\/trend\/<\/p>\n","protected":false},"author":2,"featured_media":105060,"comment_status":"closed","ping_status":"closed","sticky":false,"template":"","format":"standard","meta":{"om_disable_all_campaigns":false,"_monsterinsights_skip_tracking":false,"_monsterinsights_sitenote_active":false,"_monsterinsights_sitenote_note":"","_monsterinsights_sitenote_category":0},"categories":[5],"tags":[],"aioseo_notices":[],"gutentor_comment":0,"rttpg_featured_image_url":{"full":["https:\/\/arantv.az\/wp-content\/uploads\/2019\/12\/157587186717.jpg",291,599,false],"landscape":["https:\/\/arantv.az\/wp-content\/uploads\/2019\/12\/157587186717.jpg",291,599,false],"portraits":["https:\/\/arantv.az\/wp-content\/uploads\/2019\/12\/157587186717.jpg",291,599,false],"thumbnail":["https:\/\/arantv.az\/wp-content\/uploads\/2019\/12\/157587186717-150x150.jpg",150,150,true],"medium":["https:\/\/arantv.az\/wp-content\/uploads\/2019\/12\/157587186717-146x300.jpg",146,300,true],"large":["https:\/\/arantv.az\/wp-content\/uploads\/2019\/12\/157587186717.jpg",291,599,false],"1536x1536":["https:\/\/arantv.az\/wp-content\/uploads\/2019\/12\/157587186717.jpg",291,599,false],"2048x2048":["https:\/\/arantv.az\/wp-content\/uploads\/2019\/12\/157587186717.jpg",291,599,false],"post-thumbnail":["https:\/\/arantv.az\/wp-content\/uploads\/2019\/12\/157587186717-240x172.jpg",240,172,true],"advps-thumb-one":["https:\/\/arantv.az\/wp-content\/uploads\/2019\/12\/157587186717.jpg",291,599,false]},"rttpg_author":{"display_name":"V\u00fcsal Rafiqo\u011flu","author_link":"https:\/\/arantv.az\/?author=2"},"rttpg_comment":0,"rttpg_category":"<a href=\"https:\/\/arantv.az\/?cat=5\" rel=\"category\">Hadis\u0259<\/a>","rttpg_excerpt":"Bak\u0131da s\u0259h\u0259r saatlar\u0131nda yol-n\u0259qliyyat hadis\u0259si ba\u015f verib. Q\u0259za Aeroport yolunda \u00fcz\u00fc M\u0259rd\u0259kan istiqam\u0259tind\u0259 qeyd\u0259 al\u0131n\u0131b. Z\u0259ncirvari q\u0259zada \u00fc\u00e7 avtomobil\u0259 ziyan d\u0259yib. &#8220;Jeep&#8221;, &#8220;Opel&#8221; v\u0259 &#8220;Saipa&#8221; markal\u0131 avtomobill\u0259r aras\u0131nda ba\u015f ver\u0259n z\u0259ncirvari q\u0259zada x\u0259sar\u0259t alan\u0131n oldu\u011fu da deyilir. Hadis\u0259 yerin\u0259 Yol Patrul Xidm\u0259tinin \u0259m\u0259kda\u015flar\u0131 c\u0259lb olunublar. Ad\u0131\u00e7\u0259kil\u0259n \u0259razid\u0259 avtomobill\u0259r aras\u0131nda s\u0131xl\u0131q m\u00fc\u015fahid\u0259 olunur.\/trend\/","_links":{"self":[{"href":"https:\/\/arantv.az\/index.php?rest_route=\/wp\/v2\/posts\/105059"}],"collection":[{"href":"https:\/\/arantv.az\/index.php?rest_route=\/wp\/v2\/posts"}],"about":[{"href":"https:\/\/arantv.az\/index.php?rest_route=\/wp\/v2\/types\/post"}],"author":[{"embeddable":true,"href":"https:\/\/arantv.az\/index.php?rest_route=\/wp\/v2\/users\/2"}],"replies":[{"embeddable":true,"href":"https:\/\/arantv.az\/index.php?rest_route=%2Fwp%2Fv2%2Fcomments&post=105059"}],"version-history":[{"count":0,"href":"https:\/\/arantv.az\/index.php?rest_route=\/wp\/v2\/posts\/105059\/revisions"}],"wp:featuredmedia":[{"embeddable":true,"href":"https:\/\/arantv.az\/index.php?rest_route=\/wp\/v2\/media\/105060"}],"wp:attachment":[{"href":"https:\/\/arantv.az\/index.php?rest_route=%2Fwp%2Fv2%2Fmedia&parent=105059"}],"wp:term":[{"taxonomy":"category","embeddable":true,"href":"https:\/\/arantv.az\/index.php?rest_route=%2Fwp%2Fv2%2Fcategories&post=105059"},{"taxonomy":"post_tag","embeddable":true,"href":"https:\/\/arantv.az\/index.php?rest_route=%2Fwp%2Fv2%2Ftags&post=105059"}],"curies":[{"name":"wp","href":"https:\/\/api.w.org\/{rel}","templated":true}]}}