{"id":105083,"date":"2019-12-09T09:44:34","date_gmt":"2019-12-09T06:44:34","guid":{"rendered":"http:\/\/arantv.az\/?p=105083"},"modified":"2019-12-09T09:44:34","modified_gmt":"2019-12-09T06:44:34","slug":"x%c9%99l%c9%99f-x%c9%99l%c9%99fov-iran-bu-gorusu-kecirm%c9%99y%c9%99-hazir-deyil","status":"publish","type":"post","link":"https:\/\/arantv.az\/?p=105083","title":{"rendered":"X\u0259l\u0259f X\u0259l\u0259fov: \u0130ran bu g\u00f6r\u00fc\u015f\u00fc ke\u00e7irm\u0259y\u0259 haz\u0131r deyil"},"content":{"rendered":"<p>Xarici \u0130\u015fl\u0259r nazirinin m\u00fcavini\u00a0X\u0259l\u0259f X\u0259l\u0259fov X\u0259z\u0259r d\u0259nizi m\u0259s\u0259l\u0259l\u0259ri \u00fczr\u0259 Y\u00fcks\u0259k S\u0259viyy\u0259li \u0130\u015f\u00e7i Qrupunun n\u00f6vb\u0259ti iclas\u0131n\u0131n \u0130randa ke\u00e7ilm\u0259m\u0259si m\u0259s\u0259l\u0259sin\u0259 ayd\u0131nl\u0131q g\u0259tirib.<\/p>\n<p><b>ARANTV.AZ<\/b>-\u0131n m\u0259lumat\u0131na g\u00f6r\u0259, o, jurnalistl\u0259r\u0259 a\u00e7\u0131qlanmas\u0131nda bildirib ki, g\u00f6r\u00fc\u015f\u00fcn \u0130randa ke\u00e7ilm\u0259m\u0259si r\u0259smi Tehranla ba\u011fl\u0131d\u0131r:<\/p>\n<p>\u201cX\u0259z\u0259r d\u0259nizi m\u0259s\u0259l\u0259l\u0259ri \u00fczr\u0259 Y\u00fcks\u0259k S\u0259viyy\u0259li \u0130\u015f\u00e7i Qrupunun n\u00f6vb\u0259ti iclas\u0131 \u0130randa\u00a0planla\u015fd\u0131r\u0131lsa da, onlar texniki bazada\u00a0bu g\u00f6r\u00fc\u015f\u00fcn ke\u00e7irilm\u0259sin\u0259 haz\u0131r deyil v\u0259 raz\u0131l\u0131\u011fa g\u0259linib ki, g\u00f6r\u00fc\u015f Rusiyada ke\u00e7irilsin\u201d.<\/p>\n<div id=\"AdviadNativeVideo0\" class=\"AdviadNativeVideo\"><\/div>\n<p>Nazir m\u00fcavini qeyd edib ki, i\u015f\u00e7i qrupunun g\u00f6r\u00fc\u015f vaxt\u0131 h\u0259l\u0259lik m\u0259lum deyil.Oxu.Az<\/p>\n","protected":false},"excerpt":{"rendered":"<p>Xarici \u0130\u015fl\u0259r nazirinin m\u00fcavini\u00a0X\u0259l\u0259f X\u0259l\u0259fov X\u0259z\u0259r d\u0259nizi m\u0259s\u0259l\u0259l\u0259ri \u00fczr\u0259 Y\u00fcks\u0259k S\u0259viyy\u0259li \u0130\u015f\u00e7i Qrupunun n\u00f6vb\u0259ti iclas\u0131n\u0131n \u0130randa ke\u00e7ilm\u0259m\u0259si m\u0259s\u0259l\u0259sin\u0259 ayd\u0131nl\u0131q g\u0259tirib. ARANTV.AZ-\u0131n m\u0259lumat\u0131na g\u00f6r\u0259, o, jurnalistl\u0259r\u0259 a\u00e7\u0131qlanmas\u0131nda bildirib ki, g\u00f6r\u00fc\u015f\u00fcn \u0130randa ke\u00e7ilm\u0259m\u0259si r\u0259smi Tehranla ba\u011fl\u0131d\u0131r: \u201cX\u0259z\u0259r d\u0259nizi m\u0259s\u0259l\u0259l\u0259ri \u00fczr\u0259 Y\u00fcks\u0259k S\u0259viyy\u0259li \u0130\u015f\u00e7i Qrupunun n\u00f6vb\u0259ti iclas\u0131 \u0130randa\u00a0planla\u015fd\u0131r\u0131lsa da, onlar texniki bazada\u00a0bu g\u00f6r\u00fc\u015f\u00fcn ke\u00e7irilm\u0259sin\u0259 haz\u0131r deyil v\u0259 raz\u0131l\u0131\u011fa g\u0259linib ki, g\u00f6r\u00fc\u015f Rusiyada ke\u00e7irilsin\u201d. Nazir m\u00fcavini qeyd edib ki, i\u015f\u00e7i qrupunun g\u00f6r\u00fc\u015f vaxt\u0131 h\u0259l\u0259lik m\u0259lum deyil.Oxu.Az<\/p>\n","protected":false},"author":2,"featured_media":105084,"comment_status":"closed","ping_status":"closed","sticky":false,"template":"","format":"standard","meta":{"om_disable_all_campaigns":false,"_monsterinsights_skip_tracking":false,"_monsterinsights_sitenote_active":false,"_monsterinsights_sitenote_note":"","_monsterinsights_sitenote_category":0},"categories":[4],"tags":[],"aioseo_notices":[],"gutentor_comment":0,"rttpg_featured_image_url":{"full":["https:\/\/arantv.az\/wp-content\/uploads\/2019\/12\/79234268_2570805203037226_5427787846855426048_n-3.jpg",620,414,false],"landscape":["https:\/\/arantv.az\/wp-content\/uploads\/2019\/12\/79234268_2570805203037226_5427787846855426048_n-3.jpg",620,414,false],"portraits":["https:\/\/arantv.az\/wp-content\/uploads\/2019\/12\/79234268_2570805203037226_5427787846855426048_n-3.jpg",620,414,false],"thumbnail":["https:\/\/arantv.az\/wp-content\/uploads\/2019\/12\/79234268_2570805203037226_5427787846855426048_n-3-150x150.jpg",150,150,true],"medium":["https:\/\/arantv.az\/wp-content\/uploads\/2019\/12\/79234268_2570805203037226_5427787846855426048_n-3-300x200.jpg",300,200,true],"large":["https:\/\/arantv.az\/wp-content\/uploads\/2019\/12\/79234268_2570805203037226_5427787846855426048_n-3.jpg",620,414,false],"1536x1536":["https:\/\/arantv.az\/wp-content\/uploads\/2019\/12\/79234268_2570805203037226_5427787846855426048_n-3.jpg",620,414,false],"2048x2048":["https:\/\/arantv.az\/wp-content\/uploads\/2019\/12\/79234268_2570805203037226_5427787846855426048_n-3.jpg",620,414,false],"post-thumbnail":["https:\/\/arantv.az\/wp-content\/uploads\/2019\/12\/79234268_2570805203037226_5427787846855426048_n-3-240x172.jpg",240,172,true],"advps-thumb-one":["https:\/\/arantv.az\/wp-content\/uploads\/2019\/12\/79234268_2570805203037226_5427787846855426048_n-3.jpg",620,414,false]},"rttpg_author":{"display_name":"V\u00fcsal Rafiqo\u011flu","author_link":"https:\/\/arantv.az\/?author=2"},"rttpg_comment":0,"rttpg_category":"<a href=\"https:\/\/arantv.az\/?cat=4\" rel=\"category\">Siyas\u0259t<\/a>","rttpg_excerpt":"Xarici \u0130\u015fl\u0259r nazirinin m\u00fcavini\u00a0X\u0259l\u0259f X\u0259l\u0259fov X\u0259z\u0259r d\u0259nizi m\u0259s\u0259l\u0259l\u0259ri \u00fczr\u0259 Y\u00fcks\u0259k S\u0259viyy\u0259li \u0130\u015f\u00e7i Qrupunun n\u00f6vb\u0259ti iclas\u0131n\u0131n \u0130randa ke\u00e7ilm\u0259m\u0259si m\u0259s\u0259l\u0259sin\u0259 ayd\u0131nl\u0131q g\u0259tirib. ARANTV.AZ-\u0131n m\u0259lumat\u0131na g\u00f6r\u0259, o, jurnalistl\u0259r\u0259 a\u00e7\u0131qlanmas\u0131nda bildirib ki, g\u00f6r\u00fc\u015f\u00fcn \u0130randa ke\u00e7ilm\u0259m\u0259si r\u0259smi Tehranla ba\u011fl\u0131d\u0131r: \u201cX\u0259z\u0259r d\u0259nizi m\u0259s\u0259l\u0259l\u0259ri \u00fczr\u0259 Y\u00fcks\u0259k S\u0259viyy\u0259li \u0130\u015f\u00e7i Qrupunun n\u00f6vb\u0259ti iclas\u0131 \u0130randa\u00a0planla\u015fd\u0131r\u0131lsa da, onlar texniki bazada\u00a0bu g\u00f6r\u00fc\u015f\u00fcn ke\u00e7irilm\u0259sin\u0259 haz\u0131r deyil v\u0259 raz\u0131l\u0131\u011fa&hellip;","_links":{"self":[{"href":"https:\/\/arantv.az\/index.php?rest_route=\/wp\/v2\/posts\/105083"}],"collection":[{"href":"https:\/\/arantv.az\/index.php?rest_route=\/wp\/v2\/posts"}],"about":[{"href":"https:\/\/arantv.az\/index.php?rest_route=\/wp\/v2\/types\/post"}],"author":[{"embeddable":true,"href":"https:\/\/arantv.az\/index.php?rest_route=\/wp\/v2\/users\/2"}],"replies":[{"embeddable":true,"href":"https:\/\/arantv.az\/index.php?rest_route=%2Fwp%2Fv2%2Fcomments&post=105083"}],"version-history":[{"count":0,"href":"https:\/\/arantv.az\/index.php?rest_route=\/wp\/v2\/posts\/105083\/revisions"}],"wp:featuredmedia":[{"embeddable":true,"href":"https:\/\/arantv.az\/index.php?rest_route=\/wp\/v2\/media\/105084"}],"wp:attachment":[{"href":"https:\/\/arantv.az\/index.php?rest_route=%2Fwp%2Fv2%2Fmedia&parent=105083"}],"wp:term":[{"taxonomy":"category","embeddable":true,"href":"https:\/\/arantv.az\/index.php?rest_route=%2Fwp%2Fv2%2Fcategories&post=105083"},{"taxonomy":"post_tag","embeddable":true,"href":"https:\/\/arantv.az\/index.php?rest_route=%2Fwp%2Fv2%2Ftags&post=105083"}],"curies":[{"name":"wp","href":"https:\/\/api.w.org\/{rel}","templated":true}]}}