{"id":105087,"date":"2019-12-09T09:50:49","date_gmt":"2019-12-09T06:50:49","guid":{"rendered":"http:\/\/arantv.az\/?p=105087"},"modified":"2019-12-09T09:50:49","modified_gmt":"2019-12-09T06:50:49","slug":"yevlaxda-ulu-ond%c9%99r-heyd%c9%99r-%c9%99liyevin-anim-m%c9%99rasimi-kecirildi-foto","status":"publish","type":"post","link":"https:\/\/arantv.az\/?p=105087","title":{"rendered":"Yevlaxda Ulu \u00f6nd\u0259r Heyd\u0259r \u018fliyevin an\u0131m m\u0259rasimi ke\u00e7irildi &#8211; FOTO"},"content":{"rendered":"<div class=\"row\">\n<div class=\"post single\">\n<div class=\"post_content page_margin_top_section clearfix\">\n<div class=\"content_box\">\n<div class=\"text\">\n<p><strong>Yevlax \u015f\u0259h\u0259rinin m\u0259rk\u0259zind\u0259ki Heyd\u0259r \u018fliyev Saray\u0131nda Yevlax Rayon \u0130cra Hakimiyy\u0259tinin ba\u015f\u00e7\u0131s\u0131 Anar Ta\u011f\u0131yev, rayonun idar\u0259, t\u0259\u015fkilat, t\u0259hsil, s\u0259hiyy\u0259 m\u00fc\u0259ssis\u0259l\u0259rinin, rayon ictimaiyy\u0259tinin, a\u011fsaqallar v\u0259 g\u0259ncl\u0259rin n\u00fcmay\u0259nd\u0259l\u0259rinin i\u015ftirak\u0131 il\u0259 Az\u0259rbaycan xalq\u0131n\u0131n \u00fcmummilli lideri Heyd\u0259r \u018fliyevin \u0259ziz xatir\u0259sin\u0259 h\u0259sr olunmu\u015f an\u0131m m\u0259rasimi ke\u00e7irilib.<\/strong><\/p>\n<p>T\u0259dbirin apar\u0131c\u0131s\u0131, \u015eu\u015fa D\u00f6vl\u0259t Teatr\u0131n\u0131n aktyoru, \u0259m\u0259kdar artist Nazir R\u00fcst\u0259mov qeyd etdi ki, d\u00fcz 16 il \u0259vv\u0259l dekabr ay\u0131nda m\u00fcasir Az\u0259rbaycan d\u00f6vl\u0259tinin memar\u0131 v\u0259 qurucusu, d\u00fcnya \u015f\u00f6hr\u0259tli siyasi xadim, xadq\u0131m\u0131z\u0131n \u00dcmummilli lideri Heyd\u0259r \u018fliyev \u0259b\u0259diyy\u0259t\u0259 qovu\u015fdu.<\/p>\n<p>\u00c7ox ill\u0259r ke\u00e7\u0259c\u0259k, lakin \u00e7i\u00e7\u0259kl\u0259n\u0259n Az\u0259rbaycan\u0131n v\u0259t\u0259nda\u015flar\u0131 d\u00f6vl\u0259t m\u00fcdrikliyi v\u0259 sars\u0131lmaz m\u0259tnliyi say\u0259sind\u0259 Az\u0259rbaycan\u0131n g\u0259l\u0259c\u0259yini t\u0259min etmi\u015f bu dahi insan\u0131 unutmayacaqlar.<\/p>\n<p>\u018fsas\u0131 Heyd\u0259r \u018fliyevin yorulmaz \u0259m\u0259yi il\u0259 qoyulmu\u015f bu g\u00fcnk\u00fc dayan\u0131ql\u0131 inki\u015faf \u00f6lk\u0259 r\u0259hb\u0259ri \u0130lham \u018fliyevin d\u00f6vl\u0259t xadimi istedad\u0131 say\u0259sind\u0259 davam edir. XX \u0259srin 90-c\u0131 ill\u0259rind\u0259 Az\u0259rbaycan\u0131n d\u0259f etdiyi \u00e7\u0259tin, lakin \u015f\u0259r\u0259fli yol yaln\u0131z Heyd\u0259r \u018fliyevin f\u0259aliyy\u0259ti say\u0259sind\u0259 tarixi h\u0259qiq\u0259t\u0259 \u00e7evrildiyi kimi, XXI \u0259srin \u0259vv\u0259ll\u0259rinin m\u00f6ht\u0259\u015f\u0259m u\u011furlar\u0131 da Heyd\u0259r \u018fliyevin layiqli davam\u00e7\u0131s\u0131 Prezident \u0130lham \u018fliyevin yeritdiyi siyas\u0259tin parlaq t\u0259zah\u00fcr\u00fcd\u00fcr.<\/p>\n<p>S\u0259hn\u0259d\u0259ki monitorda Ulu \u00d6nd\u0259r Heyd\u0259r \u018fliyevin portreti canland\u0131r\u0131ld\u0131, sonra dahi \u015f\u0259xsiyy\u0259tin h\u0259yat\u0131n\u0131 v\u0259 siyasi f\u0259aliyy\u0259tini \u0259ks etdir\u0259n video g\u00f6r\u00fcnt\u00fcl\u0259r fonunda \u0259m\u0259kdar artist N\u0259rgiz \u018fliyevan\u0131n r\u0259hb\u0259rlik etdiyi kamera orkestrinin m\u00fc\u015fayi\u0259ti il\u0259 \u0259m\u0259kdar artist \u0130lham N\u0259z\u0259rov, tan\u0131nm\u0131\u015f artistl\u0259r Fatim\u0259 C\u0259f\u0259rova, Nigar C\u0259lilova, S\u00fcleyman S\u00fcleymanov, tarz\u0259n Arslan N\u00f6vr\u0259sli, \u0259m\u0259kdar artist F\u0259rid\u0259 M\u0259likova (kaman\u00e7a) v\u0259 Ceyla Seyidovan\u0131n (violin) ifas\u0131nda Heyd\u0259r \u018fliyevin \u00e7ox sevdiyi mahn\u0131lar s\u0259sl\u0259ndi.<\/p>\n<p>An\u0131m gec\u0259si \u0259m\u0259kdar artist \u0130lham N\u0259z\u0259rovun ifas\u0131nda M\u00fcsl\u00fcm Maqomayevin &#8220;Az\u0259rbaycan&#8221; mahn\u0131s\u0131 il\u0259 sona \u00e7atd\u0131.<\/p>\n<p>M\u0259rasim \u00e7ox t\u0259sirli v\u0259 yaddaqalan ke\u00e7di.<\/p>\n<\/div>\n<\/div>\n<\/div>\n<div class=\"social_like\">\n<div>\n<div class=\"fb-like fb_iframe_widget\" data-href=\"\" data-layout=\"button_count\" data-action=\"recommend\" data-size=\"small\" data-show-faces=\"false\" data-share=\"false\"><\/div>\n<\/div>\n<div><\/div>\n<\/div>\n<\/div>\n<\/div>\n<div class=\"row page_margin_top\">\n<div id=\"news_media_gallery\" class=\"eagle-gallery img600 in as1\">\n<div class=\"eagle-medium-wrap\">\n<div class=\"scale-ico\"><\/div>\n<p><a class=\"eagle-view-medium-img\"><img src=\"https:\/\/publika.az\/storage\/2019\/12\/09\/img_2019.jpg\" alt=\"\" \/><\/a><\/div>\n<div class=\"owl-carousel mini-slider\">\n<div class=\"owl-wrapper-outer\">\n<div class=\"owl-wrapper\">\n<div class=\"owl-item\"><img src=\"https:\/\/publika.az\/storage\/2019\/12\/09\/250x250f\/img_2023.jpg\" alt=\"\" data-medium-img=\"https:\/\/publika.az\/storage\/2019\/12\/09\/img_2023.jpg\" data-big-img=\"https:\/\/publika.az\/storage\/2019\/12\/09\/img_2023.jpg\" data-title=\"\" \/><\/div>\n<div class=\"owl-item\"><img src=\"https:\/\/publika.az\/storage\/2019\/12\/09\/250x250f\/img_2022.jpg\" alt=\"\" data-medium-img=\"https:\/\/publika.az\/storage\/2019\/12\/09\/img_2022.jpg\" data-big-img=\"https:\/\/publika.az\/storage\/2019\/12\/09\/img_2022.jpg\" data-title=\"\" \/><\/div>\n<div class=\"owl-item\"><img src=\"https:\/\/publika.az\/storage\/2019\/12\/09\/250x250f\/img_2021.jpg\" alt=\"\" data-medium-img=\"https:\/\/publika.az\/storage\/2019\/12\/09\/img_2021.jpg\" data-big-img=\"https:\/\/publika.az\/storage\/2019\/12\/09\/img_2021.jpg\" data-title=\"\" \/><\/div>\n<div class=\"owl-item active\"><img src=\"https:\/\/publika.az\/storage\/2019\/12\/09\/250x250f\/img_2019.jpg\" alt=\"\" data-medium-img=\"https:\/\/publika.az\/storage\/2019\/12\/09\/img_2019.jpg\" data-big-img=\"https:\/\/publika.az\/storage\/2019\/12\/09\/img_2019.jpg\" data-title=\"\" \/><\/div>\n<div class=\"owl-item\"><img src=\"https:\/\/publika.az\/storage\/2019\/12\/09\/250x250f\/img_2020.jpg\" alt=\"\" data-medium-img=\"https:\/\/publika.az\/storage\/2019\/12\/09\/img_2020.jpg\" data-big-img=\"https:\/\/publika.az\/storage\/2019\/12\/09\/img_2020.jpg\" data-title=\"\" \/><\/div>\n<\/div>\n<\/div>\n<\/div>\n<\/div>\n<\/div>\n","protected":false},"excerpt":{"rendered":"<p>Yevlax \u015f\u0259h\u0259rinin m\u0259rk\u0259zind\u0259ki Heyd\u0259r \u018fliyev Saray\u0131nda Yevlax Rayon \u0130cra Hakimiyy\u0259tinin ba\u015f\u00e7\u0131s\u0131 Anar Ta\u011f\u0131yev, rayonun idar\u0259, t\u0259\u015fkilat, t\u0259hsil, s\u0259hiyy\u0259 m\u00fc\u0259ssis\u0259l\u0259rinin, rayon ictimaiyy\u0259tinin, a\u011fsaqallar v\u0259 g\u0259ncl\u0259rin n\u00fcmay\u0259nd\u0259l\u0259rinin i\u015ftirak\u0131 il\u0259 Az\u0259rbaycan xalq\u0131n\u0131n \u00fcmummilli lideri Heyd\u0259r \u018fliyevin \u0259ziz xatir\u0259sin\u0259 h\u0259sr olunmu\u015f an\u0131m m\u0259rasimi ke\u00e7irilib. T\u0259dbirin apar\u0131c\u0131s\u0131, \u015eu\u015fa D\u00f6vl\u0259t Teatr\u0131n\u0131n aktyoru, \u0259m\u0259kdar artist Nazir R\u00fcst\u0259mov qeyd etdi ki, d\u00fcz 16 il \u0259vv\u0259l dekabr ay\u0131nda m\u00fcasir Az\u0259rbaycan d\u00f6vl\u0259tinin memar\u0131 v\u0259 qurucusu, d\u00fcnya \u015f\u00f6hr\u0259tli siyasi xadim, xadq\u0131m\u0131z\u0131n \u00dcmummilli lideri Heyd\u0259r \u018fliyev \u0259b\u0259diyy\u0259t\u0259 qovu\u015fdu. \u00c7ox ill\u0259r ke\u00e7\u0259c\u0259k, lakin \u00e7i\u00e7\u0259kl\u0259n\u0259n Az\u0259rbaycan\u0131n v\u0259t\u0259nda\u015flar\u0131 d\u00f6vl\u0259t m\u00fcdrikliyi v\u0259 sars\u0131lmaz m\u0259tnliyi say\u0259sind\u0259 Az\u0259rbaycan\u0131n&hellip;<\/p>\n","protected":false},"author":2,"featured_media":105088,"comment_status":"closed","ping_status":"closed","sticky":false,"template":"","format":"standard","meta":{"om_disable_all_campaigns":false,"_monsterinsights_skip_tracking":false,"_monsterinsights_sitenote_active":false,"_monsterinsights_sitenote_note":"","_monsterinsights_sitenote_category":0},"categories":[1],"tags":[],"aioseo_notices":[],"gutentor_comment":0,"rttpg_featured_image_url":{"full":["https:\/\/arantv.az\/wp-content\/uploads\/2019\/12\/img_2023.jpg",800,450,false],"landscape":["https:\/\/arantv.az\/wp-content\/uploads\/2019\/12\/img_2023.jpg",800,450,false],"portraits":["https:\/\/arantv.az\/wp-content\/uploads\/2019\/12\/img_2023.jpg",800,450,false],"thumbnail":["https:\/\/arantv.az\/wp-content\/uploads\/2019\/12\/img_2023-150x150.jpg",150,150,true],"medium":["https:\/\/arantv.az\/wp-content\/uploads\/2019\/12\/img_2023-300x169.jpg",300,169,true],"large":["https:\/\/arantv.az\/wp-content\/uploads\/2019\/12\/img_2023.jpg",640,360,false],"1536x1536":["https:\/\/arantv.az\/wp-content\/uploads\/2019\/12\/img_2023.jpg",800,450,false],"2048x2048":["https:\/\/arantv.az\/wp-content\/uploads\/2019\/12\/img_2023.jpg",800,450,false],"post-thumbnail":["https:\/\/arantv.az\/wp-content\/uploads\/2019\/12\/img_2023-240x172.jpg",240,172,true],"advps-thumb-one":["https:\/\/arantv.az\/wp-content\/uploads\/2019\/12\/img_2023.jpg",800,450,false]},"rttpg_author":{"display_name":"V\u00fcsal Rafiqo\u011flu","author_link":"https:\/\/arantv.az\/?author=2"},"rttpg_comment":0,"rttpg_category":"<a href=\"https:\/\/arantv.az\/?cat=1\" rel=\"category\">C\u0259miyy\u0259t<\/a>","rttpg_excerpt":"Yevlax \u015f\u0259h\u0259rinin m\u0259rk\u0259zind\u0259ki Heyd\u0259r \u018fliyev Saray\u0131nda Yevlax Rayon \u0130cra Hakimiyy\u0259tinin ba\u015f\u00e7\u0131s\u0131 Anar Ta\u011f\u0131yev, rayonun idar\u0259, t\u0259\u015fkilat, t\u0259hsil, s\u0259hiyy\u0259 m\u00fc\u0259ssis\u0259l\u0259rinin, rayon ictimaiyy\u0259tinin, a\u011fsaqallar v\u0259 g\u0259ncl\u0259rin n\u00fcmay\u0259nd\u0259l\u0259rinin i\u015ftirak\u0131 il\u0259 Az\u0259rbaycan xalq\u0131n\u0131n \u00fcmummilli lideri Heyd\u0259r \u018fliyevin \u0259ziz xatir\u0259sin\u0259 h\u0259sr olunmu\u015f an\u0131m m\u0259rasimi ke\u00e7irilib. T\u0259dbirin apar\u0131c\u0131s\u0131, \u015eu\u015fa D\u00f6vl\u0259t Teatr\u0131n\u0131n aktyoru, \u0259m\u0259kdar artist Nazir R\u00fcst\u0259mov qeyd etdi ki, d\u00fcz 16&hellip;","_links":{"self":[{"href":"https:\/\/arantv.az\/index.php?rest_route=\/wp\/v2\/posts\/105087"}],"collection":[{"href":"https:\/\/arantv.az\/index.php?rest_route=\/wp\/v2\/posts"}],"about":[{"href":"https:\/\/arantv.az\/index.php?rest_route=\/wp\/v2\/types\/post"}],"author":[{"embeddable":true,"href":"https:\/\/arantv.az\/index.php?rest_route=\/wp\/v2\/users\/2"}],"replies":[{"embeddable":true,"href":"https:\/\/arantv.az\/index.php?rest_route=%2Fwp%2Fv2%2Fcomments&post=105087"}],"version-history":[{"count":0,"href":"https:\/\/arantv.az\/index.php?rest_route=\/wp\/v2\/posts\/105087\/revisions"}],"wp:featuredmedia":[{"embeddable":true,"href":"https:\/\/arantv.az\/index.php?rest_route=\/wp\/v2\/media\/105088"}],"wp:attachment":[{"href":"https:\/\/arantv.az\/index.php?rest_route=%2Fwp%2Fv2%2Fmedia&parent=105087"}],"wp:term":[{"taxonomy":"category","embeddable":true,"href":"https:\/\/arantv.az\/index.php?rest_route=%2Fwp%2Fv2%2Fcategories&post=105087"},{"taxonomy":"post_tag","embeddable":true,"href":"https:\/\/arantv.az\/index.php?rest_route=%2Fwp%2Fv2%2Ftags&post=105087"}],"curies":[{"name":"wp","href":"https:\/\/api.w.org\/{rel}","templated":true}]}}