{"id":105107,"date":"2019-12-09T10:09:59","date_gmt":"2019-12-09T07:09:59","guid":{"rendered":"http:\/\/arantv.az\/?p=105107"},"modified":"2019-12-09T10:09:59","modified_gmt":"2019-12-09T07:09:59","slug":"nazir-muavini-s%c9%99rh%c9%99din-demilitasiyasi-il%c9%99-bagli-%c9%99vv%c9%99lki-bir-cox-gorusl%c9%99rd%c9%99-ir%c9%99lil%c9%99yisl%c9%99r%c9%99-nail-ola-bilm%c9%99misik","status":"publish","type":"post","link":"https:\/\/arantv.az\/?p=105107","title":{"rendered":"Nazir m\u00fcavini: S\u0259rh\u0259din demilitasiyas\u0131 il\u0259 ba\u011fl\u0131 \u0259vv\u0259lki bir \u00e7ox g\u00f6r\u00fc\u015fl\u0259rd\u0259 ir\u0259lil\u0259yi\u015fl\u0259r\u0259 nail ola bilm\u0259mi\u015fik"},"content":{"rendered":"<p>Az\u0259rbaycan v\u0259 G\u00fcrc\u00fcstan aras\u0131nda d\u00f6vl\u0259t s\u0259rh\u0259dinin delimitasiyas\u0131 i\u015fl\u0259r davam etdirilir. Bu, siyasi r\u0259hb\u0259rliyin g\u00fcnd\u0259liyind\u0259 olan m\u0259s\u0259l\u0259dir.<\/p>\n<p><b>ARANTV.AZ<\/b>-\u0131n m\u0259lumat\u0131na g\u00f6r\u0259, bunu jurnalistl\u0259r\u0259 a\u00e7\u0131qlamas\u0131nda Xarici \u0130\u015fl\u0259r nazirinin m\u00fcavini X\u0259l\u0259f X\u0259l\u0259fov bildirib.<\/p>\n<p>Onun s\u00f6zl\u0259rin\u0259 g\u00f6r\u0259, G\u00fcrc\u00fcstanla\u00a0bu m\u0259s\u0259l\u0259d\u0259 fikir ayr\u0131l\u0131\u011f\u0131 m\u00f6vcuddur v\u0259 m\u00fc\u0259yy\u0259n s\u0259n\u0259dl\u0259rin yenid\u0259n bax\u0131lmas\u0131na ehtiyac var:<\/p>\n<p>\u201cEkspertl\u0259r ard\u0131c\u0131l olaraq g\u00f6r\u00fc\u015fl\u0259r ke\u00e7irirl\u0259r. Biz raz\u0131l\u0131\u011fa g\u0259lmi\u015fik ki, n\u00f6vb\u0259ti ekspert g\u00f6r\u00fc\u015fl\u0259ri davam etdirilsin ki, iclas ke\u00e7iril\u0259n zaman m\u00fc\u0259yy\u0259n ir\u0259lil\u0259yi\u015fl\u0259r olsun. \u00c7\u00fcnki \u0259vv\u0259lki bir \u00e7ox g\u00f6r\u00fc\u015fl\u0259rd\u0259 biz ir\u0259lil\u0259yi\u015fl\u0259r\u0259 nail ola bilm\u0259mi\u015fik.<\/p>\n<p>Raz\u0131la\u015fd\u0131r\u0131lacaq m\u0259s\u0259l\u0259l\u0259rd\u0259 a\u00e7\u0131q yerl\u0259r var idi ki, onlar \u00fcz\u0259rind\u0259 i\u015fl\u0259r apar\u0131lmal\u0131d\u0131r. Ekspertl\u0259r Tibilisid\u0259 g\u00f6r\u00fc\u015f\u0259c\u0259kl\u0259r, arxiv materiallar\u0131na da bax\u0131lacaq. \u0130lin sonuna kimi ekspertl\u0259rin g\u00f6r\u00fc\u015f\u00fc ba\u015f tutacaq\u201d.<\/p>\n<p>Nazir m\u00fcavini Az\u0259rbaycan v\u0259 G\u00fcrc\u00fcstan aras\u0131nda d\u00f6vl\u0259t s\u0259rh\u0259dinin delimitasiyas\u0131 i\u015fl\u0259rin\u0259 erm\u0259nil\u0259rin t\u0259xribat xarakterli m\u00fcdaxil\u0259si m\u0259s\u0259l\u0259sin\u0259 d\u0259 m\u00fcnasib\u0259t bildirib.<\/p>\n<p>O qeyd edib ki, delimitasiya m\u0259s\u0259l\u0259si iki d\u00f6vl\u0259t aras\u0131nda s\u0259n\u0259dl\u0259rin h\u00fcquqi bax\u0131m\u0131ndan t\u0259sdiq olunmas\u0131d\u0131r:<\/p>\n<p>\u201cBu m\u0259s\u0259l\u0259ni siyasil\u0259\u015fdirm\u0259k ist\u0259m\u0259zdim. Biz \u00e7al\u0131\u015f\u0131r\u0131q ki, h\u0259r iki t\u0259r\u0259fd\u0259n bu m\u0259s\u0259l\u0259nin h\u0259llin\u0259 y\u00f6n\u0259lmi\u015f faktlar v\u0259 h\u00fcquqi s\u0259n\u0259dl\u0259r m\u00f6vcud olsun ki, g\u0259l\u0259c\u0259kd\u0259 h\u0259r hans\u0131 bir sual do\u011furmas\u0131n.<\/p>\n<p>T\u0259bii ki, h\u0259r bir dan\u0131\u015f\u0131qlar prosesin\u0259 t\u0259sir ed\u0259n m\u00fc\u0259yy\u0259n faktorlar ola bil\u0259r. Bilirsiniz ki, s\u0259rh\u0259dd\u0259 m\u00fc\u0259yy\u0259n q\u00fcvv\u0259l\u0259r t\u0259r\u0259find\u0259n t\u0259xribatlar t\u00f6r\u0259dilmi\u015fdi v\u0259 b\u0259yanatlar s\u0259sl\u0259ndirilmi\u015fdi. Biz bunlar\u0131 r\u0259dd edirik v\u0259 q\u0259bul etmirk.<\/p>\n<p>Bu c\u00fcr t\u0259xribatlar delimitasiya prosesinin h\u00fcquq \u0259sas\u0131nda ke\u00e7irilm\u0259sin\u0259 mane olan faktlard\u0131r. H\u0259r iki t\u0259r\u0259f \u00e7al\u0131\u015fmal\u0131d\u0131r ki, bu c\u00fcr t\u0259xribatlara uymas\u0131n v\u0259\u00a0t\u0259xribatlar\u00a0dan\u0131\u015f\u0131qlar prosesin\u0259 t\u0259sir etm\u0259sin\u201d.Oxu.Az<\/p>\n","protected":false},"excerpt":{"rendered":"<p>Az\u0259rbaycan v\u0259 G\u00fcrc\u00fcstan aras\u0131nda d\u00f6vl\u0259t s\u0259rh\u0259dinin delimitasiyas\u0131 i\u015fl\u0259r davam etdirilir. Bu, siyasi r\u0259hb\u0259rliyin g\u00fcnd\u0259liyind\u0259 olan m\u0259s\u0259l\u0259dir. ARANTV.AZ-\u0131n m\u0259lumat\u0131na g\u00f6r\u0259, bunu jurnalistl\u0259r\u0259 a\u00e7\u0131qlamas\u0131nda Xarici \u0130\u015fl\u0259r nazirinin m\u00fcavini X\u0259l\u0259f X\u0259l\u0259fov bildirib. Onun s\u00f6zl\u0259rin\u0259 g\u00f6r\u0259, G\u00fcrc\u00fcstanla\u00a0bu m\u0259s\u0259l\u0259d\u0259 fikir ayr\u0131l\u0131\u011f\u0131 m\u00f6vcuddur v\u0259 m\u00fc\u0259yy\u0259n s\u0259n\u0259dl\u0259rin yenid\u0259n bax\u0131lmas\u0131na ehtiyac var: \u201cEkspertl\u0259r ard\u0131c\u0131l olaraq g\u00f6r\u00fc\u015fl\u0259r ke\u00e7irirl\u0259r. Biz raz\u0131l\u0131\u011fa g\u0259lmi\u015fik ki, n\u00f6vb\u0259ti ekspert g\u00f6r\u00fc\u015fl\u0259ri davam etdirilsin ki, iclas ke\u00e7iril\u0259n zaman m\u00fc\u0259yy\u0259n ir\u0259lil\u0259yi\u015fl\u0259r olsun. \u00c7\u00fcnki \u0259vv\u0259lki bir \u00e7ox g\u00f6r\u00fc\u015fl\u0259rd\u0259 biz ir\u0259lil\u0259yi\u015fl\u0259r\u0259 nail ola bilm\u0259mi\u015fik. Raz\u0131la\u015fd\u0131r\u0131lacaq m\u0259s\u0259l\u0259l\u0259rd\u0259 a\u00e7\u0131q yerl\u0259r var idi ki, onlar \u00fcz\u0259rind\u0259 i\u015fl\u0259r apar\u0131lmal\u0131d\u0131r. Ekspertl\u0259r Tibilisid\u0259 g\u00f6r\u00fc\u015f\u0259c\u0259kl\u0259r, arxiv&hellip;<\/p>\n","protected":false},"author":2,"featured_media":105108,"comment_status":"closed","ping_status":"closed","sticky":false,"template":"","format":"standard","meta":{"om_disable_all_campaigns":false,"_monsterinsights_skip_tracking":false,"_monsterinsights_sitenote_active":false,"_monsterinsights_sitenote_note":"","_monsterinsights_sitenote_category":0},"categories":[4],"tags":[],"aioseo_notices":[],"gutentor_comment":0,"rttpg_featured_image_url":{"full":["https:\/\/arantv.az\/wp-content\/uploads\/2019\/12\/serhed.jpg",600,400,false],"landscape":["https:\/\/arantv.az\/wp-content\/uploads\/2019\/12\/serhed.jpg",600,400,false],"portraits":["https:\/\/arantv.az\/wp-content\/uploads\/2019\/12\/serhed.jpg",600,400,false],"thumbnail":["https:\/\/arantv.az\/wp-content\/uploads\/2019\/12\/serhed-150x150.jpg",150,150,true],"medium":["https:\/\/arantv.az\/wp-content\/uploads\/2019\/12\/serhed-300x200.jpg",300,200,true],"large":["https:\/\/arantv.az\/wp-content\/uploads\/2019\/12\/serhed.jpg",600,400,false],"1536x1536":["https:\/\/arantv.az\/wp-content\/uploads\/2019\/12\/serhed.jpg",600,400,false],"2048x2048":["https:\/\/arantv.az\/wp-content\/uploads\/2019\/12\/serhed.jpg",600,400,false],"post-thumbnail":["https:\/\/arantv.az\/wp-content\/uploads\/2019\/12\/serhed-240x172.jpg",240,172,true],"advps-thumb-one":["https:\/\/arantv.az\/wp-content\/uploads\/2019\/12\/serhed.jpg",600,400,false]},"rttpg_author":{"display_name":"V\u00fcsal Rafiqo\u011flu","author_link":"https:\/\/arantv.az\/?author=2"},"rttpg_comment":0,"rttpg_category":"<a href=\"https:\/\/arantv.az\/?cat=4\" rel=\"category\">Siyas\u0259t<\/a>","rttpg_excerpt":"Az\u0259rbaycan v\u0259 G\u00fcrc\u00fcstan aras\u0131nda d\u00f6vl\u0259t s\u0259rh\u0259dinin delimitasiyas\u0131 i\u015fl\u0259r davam etdirilir. Bu, siyasi r\u0259hb\u0259rliyin g\u00fcnd\u0259liyind\u0259 olan m\u0259s\u0259l\u0259dir. ARANTV.AZ-\u0131n m\u0259lumat\u0131na g\u00f6r\u0259, bunu jurnalistl\u0259r\u0259 a\u00e7\u0131qlamas\u0131nda Xarici \u0130\u015fl\u0259r nazirinin m\u00fcavini X\u0259l\u0259f X\u0259l\u0259fov bildirib. Onun s\u00f6zl\u0259rin\u0259 g\u00f6r\u0259, G\u00fcrc\u00fcstanla\u00a0bu m\u0259s\u0259l\u0259d\u0259 fikir ayr\u0131l\u0131\u011f\u0131 m\u00f6vcuddur v\u0259 m\u00fc\u0259yy\u0259n s\u0259n\u0259dl\u0259rin yenid\u0259n bax\u0131lmas\u0131na ehtiyac var: \u201cEkspertl\u0259r ard\u0131c\u0131l olaraq g\u00f6r\u00fc\u015fl\u0259r ke\u00e7irirl\u0259r. Biz raz\u0131l\u0131\u011fa g\u0259lmi\u015fik ki, n\u00f6vb\u0259ti ekspert&hellip;","_links":{"self":[{"href":"https:\/\/arantv.az\/index.php?rest_route=\/wp\/v2\/posts\/105107"}],"collection":[{"href":"https:\/\/arantv.az\/index.php?rest_route=\/wp\/v2\/posts"}],"about":[{"href":"https:\/\/arantv.az\/index.php?rest_route=\/wp\/v2\/types\/post"}],"author":[{"embeddable":true,"href":"https:\/\/arantv.az\/index.php?rest_route=\/wp\/v2\/users\/2"}],"replies":[{"embeddable":true,"href":"https:\/\/arantv.az\/index.php?rest_route=%2Fwp%2Fv2%2Fcomments&post=105107"}],"version-history":[{"count":0,"href":"https:\/\/arantv.az\/index.php?rest_route=\/wp\/v2\/posts\/105107\/revisions"}],"wp:featuredmedia":[{"embeddable":true,"href":"https:\/\/arantv.az\/index.php?rest_route=\/wp\/v2\/media\/105108"}],"wp:attachment":[{"href":"https:\/\/arantv.az\/index.php?rest_route=%2Fwp%2Fv2%2Fmedia&parent=105107"}],"wp:term":[{"taxonomy":"category","embeddable":true,"href":"https:\/\/arantv.az\/index.php?rest_route=%2Fwp%2Fv2%2Fcategories&post=105107"},{"taxonomy":"post_tag","embeddable":true,"href":"https:\/\/arantv.az\/index.php?rest_route=%2Fwp%2Fv2%2Ftags&post=105107"}],"curies":[{"name":"wp","href":"https:\/\/api.w.org\/{rel}","templated":true}]}}