{"id":105126,"date":"2019-12-09T10:31:00","date_gmt":"2019-12-09T07:31:00","guid":{"rendered":"http:\/\/arantv.az\/?p=105126"},"modified":"2019-12-09T10:31:00","modified_gmt":"2019-12-09T07:31:00","slug":"%c9%99bulf%c9%99s-qarayev-baki-yaradici-s%c9%99h%c9%99r-adina-layiq-oldugunu-subut-etm%c9%99lidir","status":"publish","type":"post","link":"https:\/\/arantv.az\/?p=105126","title":{"rendered":"\u018fb\u00fclf\u0259s Qarayev: &#8220;Bak\u0131 yarad\u0131c\u0131 \u015f\u0259h\u0259r ad\u0131na layiq oldu\u011funu s\u00fcbut etm\u0259lidir&#8221;"},"content":{"rendered":"<p>&#8220;Bak\u0131 \u015f\u0259h\u0259ri dizayn sah\u0259si \u00fczr\u0259 yarad\u0131c\u0131 \u015f\u0259h\u0259r ad\u0131na d\u00fcnyaya layiq oldu\u011funu s\u00fcbut etm\u0259lidir&#8221;.<\/p>\n<p><strong>ARANTV.AZ\u00a0<\/strong><a href=\"https:\/\/az.trend.az\/\" target=\"_blank\" rel=\"noopener\">Trend<\/a>-\u0259 istinad\u0259n x\u0259b\u0259r verir ki, bunu Bak\u0131 Konqres M\u0259rk\u0259zind\u0259 &#8220;Kreativ Az\u0259rbaycan&#8221; portal\u0131n\u0131n t\u0259qdimat\u0131 v\u0259 &#8220;Yarad\u0131c\u0131 s\u0259nayel\u0259r: dayan\u0131ql\u0131 inki\u015faf v\u0259 m\u0259\u015f\u011fulluq \u00fc\u00e7\u00fcn yeni imkanlar&#8221; m\u00f6vzusunda panel m\u00fczakir\u0259sind\u0259 M\u0259d\u0259niyy\u0259t naziri \u018fb\u00fclf\u0259s Qarayev deyib.<\/p>\n<p>Onun s\u00f6zl\u0259rin\u0259 g\u00f6r\u0259, d\u00fcnya miqyas\u0131nda yarad\u0131c\u0131 s\u0259naye son 10 il m\u00fcdd\u0259tind\u0259 c\u0259miyy\u0259tin inki\u015faf\u0131na d\u0259y\u0259rli t\u00f6hf\u0259l\u0259rin verilm\u0259sin\u0259 \u015f\u0259rait yarad\u0131r: &#8220;Az\u0259rbaycanda da bu bax\u0131mdan v\u0259ziyy\u0259t istisna deyil. Son ill\u0259r Prezident \u0130lham \u018fliyev v\u0259 Birinci vitse-prezident Mehriban \u018fliyeva t\u0259r\u0259find\u0259n apar\u0131lan siyas\u0259t n\u0259tic\u0259sind\u0259 respublikan\u0131n h\u0259r bir b\u00f6lg\u0259sind\u0259, b\u00fct\u00fcn \u015f\u0259h\u0259r v\u0259 rayonlarda abadl\u0131q, yenid\u0259nqurma i\u015fl\u0259ri apar\u0131l\u0131r, yeni i\u015f yerl\u0259rinin a\u00e7\u0131lmas\u0131 u\u011furla h\u0259yata ke\u00e7irilir. T\u0259bii ki, bu prosesin arxas\u0131nda duran xalq\u0131n yarad\u0131c\u0131 potensial\u0131, v\u0259t\u0259n\u0259 m\u0259h\u0259bb\u0259t, xalqla d\u00f6vl\u0259tin v\u0259hd\u0259tidir. B\u00fct\u00fcn bu amill\u0259r Az\u0259rbaycanda yarad\u0131c\u0131 s\u0259nayenin inki\u015faf\u0131n\u0131n vacib oldu\u011funu g\u00f6st\u0259rir&#8221;.<\/p>\n<p>\u018f.Qarayev \u0259lav\u0259 edib ki, bu il Bak\u0131 \u015f\u0259h\u0259ri UNESCO-nun &#8220;Yarad\u0131c\u0131 \u015f\u0259h\u0259rl\u0259r \u015f\u0259b\u0259k\u0259si&#8221; siyah\u0131s\u0131na daxil edilib: &#8220;Bak\u0131 \u015f\u0259h\u0259ri \u00f6z f\u0259aliyy\u0259ti il\u0259 d\u00fcnya ictimaiyy\u0259tin\u0259 bu y\u00fcks\u0259k ada layiq oldu\u011funu s\u00fcbut etm\u0259lidir. Biz ham\u0131m\u0131z bunun \u00fc\u00e7\u00fcn b\u0259rab\u0259r \u00e7al\u0131\u015fmal\u0131y\u0131q. Bu i\u015fd\u0259 h\u0259m d\u00f6vl\u0259t orqanlar\u0131, h\u0259m s\u0259nayenin n\u00fcmay\u0259nd\u0259l\u0259ri, h\u0259m d\u0259 v\u0259t\u0259nda\u015flar f\u0259al i\u015ftirak etm\u0259lidirl\u0259r. Hesab edir\u0259m ki, bug\u00fcnk\u00fc portal\u0131n t\u0259qdimat\u0131 b\u00f6y\u00fck bir tap\u015f\u0131r\u0131\u011f\u0131n yerin\u0259 yetirilm\u0259sinin ilk add\u0131m\u0131d\u0131r&#8221;.<\/p>\n","protected":false},"excerpt":{"rendered":"<p>&#8220;Bak\u0131 \u015f\u0259h\u0259ri dizayn sah\u0259si \u00fczr\u0259 yarad\u0131c\u0131 \u015f\u0259h\u0259r ad\u0131na d\u00fcnyaya layiq oldu\u011funu s\u00fcbut etm\u0259lidir&#8221;. ARANTV.AZ\u00a0Trend-\u0259 istinad\u0259n x\u0259b\u0259r verir ki, bunu Bak\u0131 Konqres M\u0259rk\u0259zind\u0259 &#8220;Kreativ Az\u0259rbaycan&#8221; portal\u0131n\u0131n t\u0259qdimat\u0131 v\u0259 &#8220;Yarad\u0131c\u0131 s\u0259nayel\u0259r: dayan\u0131ql\u0131 inki\u015faf v\u0259 m\u0259\u015f\u011fulluq \u00fc\u00e7\u00fcn yeni imkanlar&#8221; m\u00f6vzusunda panel m\u00fczakir\u0259sind\u0259 M\u0259d\u0259niyy\u0259t naziri \u018fb\u00fclf\u0259s Qarayev deyib. Onun s\u00f6zl\u0259rin\u0259 g\u00f6r\u0259, d\u00fcnya miqyas\u0131nda yarad\u0131c\u0131 s\u0259naye son 10 il m\u00fcdd\u0259tind\u0259 c\u0259miyy\u0259tin inki\u015faf\u0131na d\u0259y\u0259rli t\u00f6hf\u0259l\u0259rin verilm\u0259sin\u0259 \u015f\u0259rait yarad\u0131r: &#8220;Az\u0259rbaycanda da bu bax\u0131mdan v\u0259ziyy\u0259t istisna deyil. Son ill\u0259r Prezident \u0130lham \u018fliyev v\u0259 Birinci vitse-prezident Mehriban \u018fliyeva t\u0259r\u0259find\u0259n apar\u0131lan siyas\u0259t n\u0259tic\u0259sind\u0259 respublikan\u0131n h\u0259r bir b\u00f6lg\u0259sind\u0259, b\u00fct\u00fcn \u015f\u0259h\u0259r v\u0259&hellip;<\/p>\n","protected":false},"author":2,"featured_media":105127,"comment_status":"closed","ping_status":"closed","sticky":false,"template":"","format":"standard","meta":{"om_disable_all_campaigns":false,"_monsterinsights_skip_tracking":false,"_monsterinsights_sitenote_active":false,"_monsterinsights_sitenote_note":"","_monsterinsights_sitenote_category":0},"categories":[1],"tags":[],"aioseo_notices":[],"gutentor_comment":0,"rttpg_featured_image_url":{"full":["https:\/\/arantv.az\/wp-content\/uploads\/2019\/12\/808893.jpg",800,600,false],"landscape":["https:\/\/arantv.az\/wp-content\/uploads\/2019\/12\/808893.jpg",800,600,false],"portraits":["https:\/\/arantv.az\/wp-content\/uploads\/2019\/12\/808893.jpg",800,600,false],"thumbnail":["https:\/\/arantv.az\/wp-content\/uploads\/2019\/12\/808893-150x150.jpg",150,150,true],"medium":["https:\/\/arantv.az\/wp-content\/uploads\/2019\/12\/808893-300x225.jpg",300,225,true],"large":["https:\/\/arantv.az\/wp-content\/uploads\/2019\/12\/808893.jpg",640,480,false],"1536x1536":["https:\/\/arantv.az\/wp-content\/uploads\/2019\/12\/808893.jpg",800,600,false],"2048x2048":["https:\/\/arantv.az\/wp-content\/uploads\/2019\/12\/808893.jpg",800,600,false],"post-thumbnail":["https:\/\/arantv.az\/wp-content\/uploads\/2019\/12\/808893-240x172.jpg",240,172,true],"advps-thumb-one":["https:\/\/arantv.az\/wp-content\/uploads\/2019\/12\/808893.jpg",800,600,false]},"rttpg_author":{"display_name":"V\u00fcsal Rafiqo\u011flu","author_link":"https:\/\/arantv.az\/?author=2"},"rttpg_comment":0,"rttpg_category":"<a href=\"https:\/\/arantv.az\/?cat=1\" rel=\"category\">C\u0259miyy\u0259t<\/a>","rttpg_excerpt":"&#8220;Bak\u0131 \u015f\u0259h\u0259ri dizayn sah\u0259si \u00fczr\u0259 yarad\u0131c\u0131 \u015f\u0259h\u0259r ad\u0131na d\u00fcnyaya layiq oldu\u011funu s\u00fcbut etm\u0259lidir&#8221;. ARANTV.AZ\u00a0Trend-\u0259 istinad\u0259n x\u0259b\u0259r verir ki, bunu Bak\u0131 Konqres M\u0259rk\u0259zind\u0259 &#8220;Kreativ Az\u0259rbaycan&#8221; portal\u0131n\u0131n t\u0259qdimat\u0131 v\u0259 &#8220;Yarad\u0131c\u0131 s\u0259nayel\u0259r: dayan\u0131ql\u0131 inki\u015faf v\u0259 m\u0259\u015f\u011fulluq \u00fc\u00e7\u00fcn yeni imkanlar&#8221; m\u00f6vzusunda panel m\u00fczakir\u0259sind\u0259 M\u0259d\u0259niyy\u0259t naziri \u018fb\u00fclf\u0259s Qarayev deyib. Onun s\u00f6zl\u0259rin\u0259 g\u00f6r\u0259, d\u00fcnya miqyas\u0131nda yarad\u0131c\u0131 s\u0259naye son 10 il m\u00fcdd\u0259tind\u0259&hellip;","_links":{"self":[{"href":"https:\/\/arantv.az\/index.php?rest_route=\/wp\/v2\/posts\/105126"}],"collection":[{"href":"https:\/\/arantv.az\/index.php?rest_route=\/wp\/v2\/posts"}],"about":[{"href":"https:\/\/arantv.az\/index.php?rest_route=\/wp\/v2\/types\/post"}],"author":[{"embeddable":true,"href":"https:\/\/arantv.az\/index.php?rest_route=\/wp\/v2\/users\/2"}],"replies":[{"embeddable":true,"href":"https:\/\/arantv.az\/index.php?rest_route=%2Fwp%2Fv2%2Fcomments&post=105126"}],"version-history":[{"count":0,"href":"https:\/\/arantv.az\/index.php?rest_route=\/wp\/v2\/posts\/105126\/revisions"}],"wp:featuredmedia":[{"embeddable":true,"href":"https:\/\/arantv.az\/index.php?rest_route=\/wp\/v2\/media\/105127"}],"wp:attachment":[{"href":"https:\/\/arantv.az\/index.php?rest_route=%2Fwp%2Fv2%2Fmedia&parent=105126"}],"wp:term":[{"taxonomy":"category","embeddable":true,"href":"https:\/\/arantv.az\/index.php?rest_route=%2Fwp%2Fv2%2Fcategories&post=105126"},{"taxonomy":"post_tag","embeddable":true,"href":"https:\/\/arantv.az\/index.php?rest_route=%2Fwp%2Fv2%2Ftags&post=105126"}],"curies":[{"name":"wp","href":"https:\/\/api.w.org\/{rel}","templated":true}]}}