{"id":105138,"date":"2019-12-09T10:41:54","date_gmt":"2019-12-09T07:41:54","guid":{"rendered":"http:\/\/arantv.az\/?p=105138"},"modified":"2019-12-09T10:41:54","modified_gmt":"2019-12-09T07:41:54","slug":"nato-bas-katibi-rusiya-dusm%c9%99nimiz-deyil","status":"publish","type":"post","link":"https:\/\/arantv.az\/?p=105138","title":{"rendered":"NATO Ba\u015f katibi: Rusiya d\u00fc\u015fm\u0259nimiz deyil"},"content":{"rendered":"<p>Rusiya NATO-nun d\u00fc\u015fm\u0259ni deyil.<\/p>\n<p>CNN x\u0259b\u0259r verir ki, bu s\u00f6zl\u0259ri NATO Ba\u015f katibi Yens Stoltenberq deyib.<\/p>\n<div id=\"AdviadNativeVideo0\" class=\"AdviadNativeVideo\"><\/div>\n<p>Onun s\u00f6zl\u0259rin\u0259 g\u00f6r\u0259, alyans \u00f6lk\u0259l\u0259ri d\u00fc\u015fm\u0259n v\u0259 dost olaraq ay\u0131rma\u011f\u0131n \u0259leyhin\u0259 \u00e7\u0131x\u0131\u015f edir.<\/p>\n<p>M\u0259hz bu s\u0259b\u0259bd\u0259n h\u0259tta qon\u015fusuna (Ukrayna) qar\u015f\u0131 h\u0259rbi g\u00fcc t\u0259tbiq ets\u0259 bel\u0259, Rusiya NATO-nun d\u00fc\u015fm\u0259ni olmay\u0131b v\u0259 olmayacaq.<\/p>\n<p>\u201cBiz h\u0259mi\u015f\u0259 m\u00fcnasib\u0259tl\u0259ri yax\u015f\u0131la\u015fd\u0131rma\u011fa \u00e7al\u0131\u015f\u0131r\u0131q\u201d, &#8211; Stoltenberq deyib.<\/p>\n","protected":false},"excerpt":{"rendered":"<p>Rusiya NATO-nun d\u00fc\u015fm\u0259ni deyil. CNN x\u0259b\u0259r verir ki, bu s\u00f6zl\u0259ri NATO Ba\u015f katibi Yens Stoltenberq deyib. Onun s\u00f6zl\u0259rin\u0259 g\u00f6r\u0259, alyans \u00f6lk\u0259l\u0259ri d\u00fc\u015fm\u0259n v\u0259 dost olaraq ay\u0131rma\u011f\u0131n \u0259leyhin\u0259 \u00e7\u0131x\u0131\u015f edir. M\u0259hz bu s\u0259b\u0259bd\u0259n h\u0259tta qon\u015fusuna (Ukrayna) qar\u015f\u0131 h\u0259rbi g\u00fcc t\u0259tbiq ets\u0259 bel\u0259, Rusiya NATO-nun d\u00fc\u015fm\u0259ni olmay\u0131b v\u0259 olmayacaq. \u201cBiz h\u0259mi\u015f\u0259 m\u00fcnasib\u0259tl\u0259ri yax\u015f\u0131la\u015fd\u0131rma\u011fa \u00e7al\u0131\u015f\u0131r\u0131q\u201d, &#8211; Stoltenberq deyib.<\/p>\n","protected":false},"author":2,"featured_media":105139,"comment_status":"closed","ping_status":"closed","sticky":false,"template":"","format":"standard","meta":{"om_disable_all_campaigns":false,"_monsterinsights_skip_tracking":false,"_monsterinsights_sitenote_active":false,"_monsterinsights_sitenote_note":"","_monsterinsights_sitenote_category":0},"categories":[7],"tags":[],"aioseo_notices":[],"gutentor_comment":0,"rttpg_featured_image_url":{"full":["https:\/\/arantv.az\/wp-content\/uploads\/2019\/12\/stoltenberq.jpg",620,348,false],"landscape":["https:\/\/arantv.az\/wp-content\/uploads\/2019\/12\/stoltenberq.jpg",620,348,false],"portraits":["https:\/\/arantv.az\/wp-content\/uploads\/2019\/12\/stoltenberq.jpg",620,348,false],"thumbnail":["https:\/\/arantv.az\/wp-content\/uploads\/2019\/12\/stoltenberq-150x150.jpg",150,150,true],"medium":["https:\/\/arantv.az\/wp-content\/uploads\/2019\/12\/stoltenberq-300x168.jpg",300,168,true],"large":["https:\/\/arantv.az\/wp-content\/uploads\/2019\/12\/stoltenberq.jpg",620,348,false],"1536x1536":["https:\/\/arantv.az\/wp-content\/uploads\/2019\/12\/stoltenberq.jpg",620,348,false],"2048x2048":["https:\/\/arantv.az\/wp-content\/uploads\/2019\/12\/stoltenberq.jpg",620,348,false],"post-thumbnail":["https:\/\/arantv.az\/wp-content\/uploads\/2019\/12\/stoltenberq-240x172.jpg",240,172,true],"advps-thumb-one":["https:\/\/arantv.az\/wp-content\/uploads\/2019\/12\/stoltenberq.jpg",620,348,false]},"rttpg_author":{"display_name":"V\u00fcsal Rafiqo\u011flu","author_link":"https:\/\/arantv.az\/?author=2"},"rttpg_comment":0,"rttpg_category":"<a href=\"https:\/\/arantv.az\/?cat=7\" rel=\"category\">D\u00fcnya<\/a>","rttpg_excerpt":"Rusiya NATO-nun d\u00fc\u015fm\u0259ni deyil. CNN x\u0259b\u0259r verir ki, bu s\u00f6zl\u0259ri NATO Ba\u015f katibi Yens Stoltenberq deyib. Onun s\u00f6zl\u0259rin\u0259 g\u00f6r\u0259, alyans \u00f6lk\u0259l\u0259ri d\u00fc\u015fm\u0259n v\u0259 dost olaraq ay\u0131rma\u011f\u0131n \u0259leyhin\u0259 \u00e7\u0131x\u0131\u015f edir. M\u0259hz bu s\u0259b\u0259bd\u0259n h\u0259tta qon\u015fusuna (Ukrayna) qar\u015f\u0131 h\u0259rbi g\u00fcc t\u0259tbiq ets\u0259 bel\u0259, Rusiya NATO-nun d\u00fc\u015fm\u0259ni olmay\u0131b v\u0259 olmayacaq. \u201cBiz h\u0259mi\u015f\u0259 m\u00fcnasib\u0259tl\u0259ri yax\u015f\u0131la\u015fd\u0131rma\u011fa \u00e7al\u0131\u015f\u0131r\u0131q\u201d, &#8211; Stoltenberq deyib.","_links":{"self":[{"href":"https:\/\/arantv.az\/index.php?rest_route=\/wp\/v2\/posts\/105138"}],"collection":[{"href":"https:\/\/arantv.az\/index.php?rest_route=\/wp\/v2\/posts"}],"about":[{"href":"https:\/\/arantv.az\/index.php?rest_route=\/wp\/v2\/types\/post"}],"author":[{"embeddable":true,"href":"https:\/\/arantv.az\/index.php?rest_route=\/wp\/v2\/users\/2"}],"replies":[{"embeddable":true,"href":"https:\/\/arantv.az\/index.php?rest_route=%2Fwp%2Fv2%2Fcomments&post=105138"}],"version-history":[{"count":0,"href":"https:\/\/arantv.az\/index.php?rest_route=\/wp\/v2\/posts\/105138\/revisions"}],"wp:featuredmedia":[{"embeddable":true,"href":"https:\/\/arantv.az\/index.php?rest_route=\/wp\/v2\/media\/105139"}],"wp:attachment":[{"href":"https:\/\/arantv.az\/index.php?rest_route=%2Fwp%2Fv2%2Fmedia&parent=105138"}],"wp:term":[{"taxonomy":"category","embeddable":true,"href":"https:\/\/arantv.az\/index.php?rest_route=%2Fwp%2Fv2%2Fcategories&post=105138"},{"taxonomy":"post_tag","embeddable":true,"href":"https:\/\/arantv.az\/index.php?rest_route=%2Fwp%2Fv2%2Ftags&post=105138"}],"curies":[{"name":"wp","href":"https:\/\/api.w.org\/{rel}","templated":true}]}}