{"id":105154,"date":"2019-12-09T10:49:36","date_gmt":"2019-12-09T07:49:36","guid":{"rendered":"http:\/\/arantv.az\/?p=105154"},"modified":"2019-12-09T10:49:36","modified_gmt":"2019-12-09T07:49:36","slug":"bakida-23-yerd%c9%99-bayram-yarmarkasi-f%c9%99aliyy%c9%99t%c9%99-basladi","status":"publish","type":"post","link":"https:\/\/arantv.az\/?p=105154","title":{"rendered":"Bak\u0131da 23 yerd\u0259 bayram yarmarkas\u0131 f\u0259aliyy\u0259t\u0259 ba\u015flad\u0131"},"content":{"rendered":"<p><strong>Bak\u0131da 31 dekabr &#8211; D\u00fcnya Az\u0259rbaycanl\u0131lar\u0131n\u0131n H\u0259mr\u0259yliyi G\u00fcn\u00fc v\u0259 1 yanvar &#8211; Yeni il bayram\u0131 m\u00fcnasib\u0259til\u0259 bayram yarmarkalar\u0131na start verilib.<\/strong><\/p>\n<p><strong>ARANTV.AZ<\/strong> x\u0259b\u0259r verir ki, Bak\u0131 \u015e\u0259h\u0259r \u0130cra Hakimiyy\u0259tinin (B\u015e\u0130H) Ticar\u0259t v\u0259 Xidm\u0259t Departamentind\u0259n\u00a0<a href=\"https:\/\/az.trend.az\/\" target=\"_blank\" rel=\"noopener\">Trend<\/a>-\u0259 veril\u0259n m\u0259lumata g\u00f6r\u0259, h\u0259r il oldu\u011fu kimi, bu il d\u0259 bayram yarmarkalar\u0131 il\u0259 ba\u011fl\u0131 B\u015e\u0130H v\u0259 Bak\u0131 \u015e\u0259h\u0259r Ba\u015f Polis \u0130dar\u0259si t\u0259r\u0259find\u0259n dislokasiya t\u0259sdiq olunub. Dislokasiyaya g\u00f6r\u0259, bayram yarmarkalar\u0131 \u0259sas\u0259n \u015f\u0259h\u0259rd\u0259, metrostansiyalar\u0131n qar\u015f\u0131s\u0131nda qura\u015fd\u0131r\u0131l\u0131b. Haz\u0131rda N\u0259simi, N\u0259rimanov, Yasamal, Bin\u0259q\u0259di, Nizami, X\u0259tai rayonlar\u0131nda 12 \u0259razid\u0259 23 bayram yarmarkas\u0131 \u00fc\u00e7\u00fcn \u00e7ad\u0131rlar qura\u015fd\u0131r\u0131l\u0131b.<\/p>\n<p>Bayram yarmarkalar\u0131 2020-ci il yanvar\u0131n 7-d\u0259k davam ed\u0259c\u0259k. \u00c7ad\u0131rlarda \u0259sas\u0259n Yeni il h\u0259diyy\u0259l\u0259ri v\u0259 meyv\u0259-t\u0259r\u0259v\u0259z m\u0259hsullar\u0131 sat\u0131l\u0131r.<\/p>\n<p>Yarmarkalar\u0131n t\u0259\u015fkil edilm\u0259sind\u0259 m\u0259qs\u0259d bayram \u0259r\u0259f\u0259sind\u0259 k\u00fc\u00e7\u0259l\u0259rd\u0259 p\u0259rak\u0259nd\u0259 sat\u0131\u015flar\u0131n qar\u015f\u0131s\u0131n\u0131 almaq v\u0259 bazar qiym\u0259tl\u0259rin\u0259 nisb\u0259t\u0259n ucuz m\u0259hsullar t\u0259klif etm\u0259kdir. Bayram \u00e7ad\u0131rlar\u0131n\u0131n paytaxt\u0131n dig\u0259r metrostansiyalar\u0131n\u0131n qar\u015f\u0131s\u0131nda da qura\u015fd\u0131r\u0131lmas\u0131 g\u00f6zl\u0259nilir.<\/p>\n","protected":false},"excerpt":{"rendered":"<p>Bak\u0131da 31 dekabr &#8211; D\u00fcnya Az\u0259rbaycanl\u0131lar\u0131n\u0131n H\u0259mr\u0259yliyi G\u00fcn\u00fc v\u0259 1 yanvar &#8211; Yeni il bayram\u0131 m\u00fcnasib\u0259til\u0259 bayram yarmarkalar\u0131na start verilib. ARANTV.AZ x\u0259b\u0259r verir ki, Bak\u0131 \u015e\u0259h\u0259r \u0130cra Hakimiyy\u0259tinin (B\u015e\u0130H) Ticar\u0259t v\u0259 Xidm\u0259t Departamentind\u0259n\u00a0Trend-\u0259 veril\u0259n m\u0259lumata g\u00f6r\u0259, h\u0259r il oldu\u011fu kimi, bu il d\u0259 bayram yarmarkalar\u0131 il\u0259 ba\u011fl\u0131 B\u015e\u0130H v\u0259 Bak\u0131 \u015e\u0259h\u0259r Ba\u015f Polis \u0130dar\u0259si t\u0259r\u0259find\u0259n dislokasiya t\u0259sdiq olunub. Dislokasiyaya g\u00f6r\u0259, bayram yarmarkalar\u0131 \u0259sas\u0259n \u015f\u0259h\u0259rd\u0259, metrostansiyalar\u0131n qar\u015f\u0131s\u0131nda qura\u015fd\u0131r\u0131l\u0131b. Haz\u0131rda N\u0259simi, N\u0259rimanov, Yasamal, Bin\u0259q\u0259di, Nizami, X\u0259tai rayonlar\u0131nda 12 \u0259razid\u0259 23 bayram yarmarkas\u0131 \u00fc\u00e7\u00fcn \u00e7ad\u0131rlar qura\u015fd\u0131r\u0131l\u0131b. Bayram yarmarkalar\u0131 2020-ci il yanvar\u0131n 7-d\u0259k davam&hellip;<\/p>\n","protected":false},"author":2,"featured_media":105155,"comment_status":"closed","ping_status":"closed","sticky":false,"template":"","format":"standard","meta":{"om_disable_all_campaigns":false,"_monsterinsights_skip_tracking":false,"_monsterinsights_sitenote_active":false,"_monsterinsights_sitenote_note":"","_monsterinsights_sitenote_category":0},"categories":[1],"tags":[],"aioseo_notices":[],"gutentor_comment":0,"rttpg_featured_image_url":{"full":["https:\/\/arantv.az\/wp-content\/uploads\/2019\/12\/808902.jpg",800,600,false],"landscape":["https:\/\/arantv.az\/wp-content\/uploads\/2019\/12\/808902.jpg",800,600,false],"portraits":["https:\/\/arantv.az\/wp-content\/uploads\/2019\/12\/808902.jpg",800,600,false],"thumbnail":["https:\/\/arantv.az\/wp-content\/uploads\/2019\/12\/808902-150x150.jpg",150,150,true],"medium":["https:\/\/arantv.az\/wp-content\/uploads\/2019\/12\/808902-300x225.jpg",300,225,true],"large":["https:\/\/arantv.az\/wp-content\/uploads\/2019\/12\/808902.jpg",640,480,false],"1536x1536":["https:\/\/arantv.az\/wp-content\/uploads\/2019\/12\/808902.jpg",800,600,false],"2048x2048":["https:\/\/arantv.az\/wp-content\/uploads\/2019\/12\/808902.jpg",800,600,false],"post-thumbnail":["https:\/\/arantv.az\/wp-content\/uploads\/2019\/12\/808902-240x172.jpg",240,172,true],"advps-thumb-one":["https:\/\/arantv.az\/wp-content\/uploads\/2019\/12\/808902.jpg",800,600,false]},"rttpg_author":{"display_name":"V\u00fcsal Rafiqo\u011flu","author_link":"https:\/\/arantv.az\/?author=2"},"rttpg_comment":0,"rttpg_category":"<a href=\"https:\/\/arantv.az\/?cat=1\" rel=\"category\">C\u0259miyy\u0259t<\/a>","rttpg_excerpt":"Bak\u0131da 31 dekabr &#8211; D\u00fcnya Az\u0259rbaycanl\u0131lar\u0131n\u0131n H\u0259mr\u0259yliyi G\u00fcn\u00fc v\u0259 1 yanvar &#8211; Yeni il bayram\u0131 m\u00fcnasib\u0259til\u0259 bayram yarmarkalar\u0131na start verilib. ARANTV.AZ x\u0259b\u0259r verir ki, Bak\u0131 \u015e\u0259h\u0259r \u0130cra Hakimiyy\u0259tinin (B\u015e\u0130H) Ticar\u0259t v\u0259 Xidm\u0259t Departamentind\u0259n\u00a0Trend-\u0259 veril\u0259n m\u0259lumata g\u00f6r\u0259, h\u0259r il oldu\u011fu kimi, bu il d\u0259 bayram yarmarkalar\u0131 il\u0259 ba\u011fl\u0131 B\u015e\u0130H v\u0259 Bak\u0131 \u015e\u0259h\u0259r Ba\u015f Polis \u0130dar\u0259si t\u0259r\u0259find\u0259n&hellip;","_links":{"self":[{"href":"https:\/\/arantv.az\/index.php?rest_route=\/wp\/v2\/posts\/105154"}],"collection":[{"href":"https:\/\/arantv.az\/index.php?rest_route=\/wp\/v2\/posts"}],"about":[{"href":"https:\/\/arantv.az\/index.php?rest_route=\/wp\/v2\/types\/post"}],"author":[{"embeddable":true,"href":"https:\/\/arantv.az\/index.php?rest_route=\/wp\/v2\/users\/2"}],"replies":[{"embeddable":true,"href":"https:\/\/arantv.az\/index.php?rest_route=%2Fwp%2Fv2%2Fcomments&post=105154"}],"version-history":[{"count":0,"href":"https:\/\/arantv.az\/index.php?rest_route=\/wp\/v2\/posts\/105154\/revisions"}],"wp:featuredmedia":[{"embeddable":true,"href":"https:\/\/arantv.az\/index.php?rest_route=\/wp\/v2\/media\/105155"}],"wp:attachment":[{"href":"https:\/\/arantv.az\/index.php?rest_route=%2Fwp%2Fv2%2Fmedia&parent=105154"}],"wp:term":[{"taxonomy":"category","embeddable":true,"href":"https:\/\/arantv.az\/index.php?rest_route=%2Fwp%2Fv2%2Fcategories&post=105154"},{"taxonomy":"post_tag","embeddable":true,"href":"https:\/\/arantv.az\/index.php?rest_route=%2Fwp%2Fv2%2Ftags&post=105154"}],"curies":[{"name":"wp","href":"https:\/\/api.w.org\/{rel}","templated":true}]}}