{"id":105158,"date":"2019-12-09T10:50:40","date_gmt":"2019-12-09T07:50:40","guid":{"rendered":"http:\/\/arantv.az\/?p=105158"},"modified":"2019-12-09T10:50:40","modified_gmt":"2019-12-09T07:50:40","slug":"x%c9%99l%c9%99f-x%c9%99l%c9%99fov-rusiya-il%c9%99-s%c9%99rh%c9%99din-demarkasiyasi-prosesi-2-3-il-%c9%99rzind%c9%99-basa-cata-bil%c9%99r","status":"publish","type":"post","link":"https:\/\/arantv.az\/?p=105158","title":{"rendered":"X\u0259l\u0259f X\u0259l\u0259fov: &#8220;Rusiya il\u0259 s\u0259rh\u0259din demarkasiyas\u0131 prosesi 2-3 il \u0259rzind\u0259 ba\u015fa \u00e7ata bil\u0259r&#8221;"},"content":{"rendered":"<p>&#8220;R\u0259smi Bak\u0131 Az\u0259rbaycan v\u0259 Rusiya aras\u0131nda d\u00f6vl\u0259t s\u0259rh\u0259dinin demarkasiyas\u0131 prosesini yax\u0131n 2-3 il \u0259rzind\u0259 ba\u015fa \u00e7atd\u0131rma\u011fa \u00fcmid edir&#8221;.<\/p>\n<p><strong>ARANTV.AZ\u00a0<\/strong><a href=\"https:\/\/az.trend.az\/\" target=\"_blank\" rel=\"noopener\">Trend<\/a>-\u0259 istinad\u0259n x\u0259b\u0259r verir ki, bunu Xarici \u0130\u015fl\u0259r nazirinin m\u00fcavini X\u0259l\u0259f X\u0259l\u0259fov deyib.<\/p>\n<p>O bildirib ki, Rusiya t\u0259r\u0259fi il\u0259 s\u0259rh\u0259din demarkasiyas\u0131 m\u0259s\u0259l\u0259l\u0259ri u\u011furla davam etdirilir:<\/p>\n<p>&#8220;Noyabr ay\u0131nda Moskvada iclas ke\u00e7irilib v\u0259 yeni planlar m\u00fc\u0259yy\u0259nl\u0259\u015fdirilib. Dem\u0259k olar ki, son 2-3 il \u0259rzind\u0259 i\u015fl\u0259rin 30-40 faizi g\u00f6r\u00fcl\u00fcb&#8221;.<\/p>\n<p>Nazir m\u00fcavini \u0259lav\u0259 edib ki, bu i\u015fl\u0259r \u00e7\u0259r\u00e7iv\u0259sind\u0259 t\u0259r\u0259fl\u0259r aras\u0131nda tam anla\u015fma m\u00f6vcuddur.<\/p>\n","protected":false},"excerpt":{"rendered":"<p>&#8220;R\u0259smi Bak\u0131 Az\u0259rbaycan v\u0259 Rusiya aras\u0131nda d\u00f6vl\u0259t s\u0259rh\u0259dinin demarkasiyas\u0131 prosesini yax\u0131n 2-3 il \u0259rzind\u0259 ba\u015fa \u00e7atd\u0131rma\u011fa \u00fcmid edir&#8221;. ARANTV.AZ\u00a0Trend-\u0259 istinad\u0259n x\u0259b\u0259r verir ki, bunu Xarici \u0130\u015fl\u0259r nazirinin m\u00fcavini X\u0259l\u0259f X\u0259l\u0259fov deyib. O bildirib ki, Rusiya t\u0259r\u0259fi il\u0259 s\u0259rh\u0259din demarkasiyas\u0131 m\u0259s\u0259l\u0259l\u0259ri u\u011furla davam etdirilir: &#8220;Noyabr ay\u0131nda Moskvada iclas ke\u00e7irilib v\u0259 yeni planlar m\u00fc\u0259yy\u0259nl\u0259\u015fdirilib. Dem\u0259k olar ki, son 2-3 il \u0259rzind\u0259 i\u015fl\u0259rin 30-40 faizi g\u00f6r\u00fcl\u00fcb&#8221;. Nazir m\u00fcavini \u0259lav\u0259 edib ki, bu i\u015fl\u0259r \u00e7\u0259r\u00e7iv\u0259sind\u0259 t\u0259r\u0259fl\u0259r aras\u0131nda tam anla\u015fma m\u00f6vcuddur.<\/p>\n","protected":false},"author":2,"featured_media":105159,"comment_status":"closed","ping_status":"closed","sticky":false,"template":"","format":"standard","meta":{"om_disable_all_campaigns":false,"_monsterinsights_skip_tracking":false,"_monsterinsights_sitenote_active":false,"_monsterinsights_sitenote_note":"","_monsterinsights_sitenote_category":0},"categories":[19],"tags":[],"aioseo_notices":[],"gutentor_comment":0,"rttpg_featured_image_url":{"full":["https:\/\/arantv.az\/wp-content\/uploads\/2019\/12\/808899.jpg",800,600,false],"landscape":["https:\/\/arantv.az\/wp-content\/uploads\/2019\/12\/808899.jpg",800,600,false],"portraits":["https:\/\/arantv.az\/wp-content\/uploads\/2019\/12\/808899.jpg",800,600,false],"thumbnail":["https:\/\/arantv.az\/wp-content\/uploads\/2019\/12\/808899-150x150.jpg",150,150,true],"medium":["https:\/\/arantv.az\/wp-content\/uploads\/2019\/12\/808899-300x225.jpg",300,225,true],"large":["https:\/\/arantv.az\/wp-content\/uploads\/2019\/12\/808899.jpg",640,480,false],"1536x1536":["https:\/\/arantv.az\/wp-content\/uploads\/2019\/12\/808899.jpg",800,600,false],"2048x2048":["https:\/\/arantv.az\/wp-content\/uploads\/2019\/12\/808899.jpg",800,600,false],"post-thumbnail":["https:\/\/arantv.az\/wp-content\/uploads\/2019\/12\/808899-240x172.jpg",240,172,true],"advps-thumb-one":["https:\/\/arantv.az\/wp-content\/uploads\/2019\/12\/808899.jpg",800,600,false]},"rttpg_author":{"display_name":"V\u00fcsal Rafiqo\u011flu","author_link":"https:\/\/arantv.az\/?author=2"},"rttpg_comment":0,"rttpg_category":"<a href=\"https:\/\/arantv.az\/?cat=19\" rel=\"category\">G\u00fcnd\u0259m<\/a>","rttpg_excerpt":"&#8220;R\u0259smi Bak\u0131 Az\u0259rbaycan v\u0259 Rusiya aras\u0131nda d\u00f6vl\u0259t s\u0259rh\u0259dinin demarkasiyas\u0131 prosesini yax\u0131n 2-3 il \u0259rzind\u0259 ba\u015fa \u00e7atd\u0131rma\u011fa \u00fcmid edir&#8221;. ARANTV.AZ\u00a0Trend-\u0259 istinad\u0259n x\u0259b\u0259r verir ki, bunu Xarici \u0130\u015fl\u0259r nazirinin m\u00fcavini X\u0259l\u0259f X\u0259l\u0259fov deyib. O bildirib ki, Rusiya t\u0259r\u0259fi il\u0259 s\u0259rh\u0259din demarkasiyas\u0131 m\u0259s\u0259l\u0259l\u0259ri u\u011furla davam etdirilir: &#8220;Noyabr ay\u0131nda Moskvada iclas ke\u00e7irilib v\u0259 yeni planlar m\u00fc\u0259yy\u0259nl\u0259\u015fdirilib. Dem\u0259k olar ki,&hellip;","_links":{"self":[{"href":"https:\/\/arantv.az\/index.php?rest_route=\/wp\/v2\/posts\/105158"}],"collection":[{"href":"https:\/\/arantv.az\/index.php?rest_route=\/wp\/v2\/posts"}],"about":[{"href":"https:\/\/arantv.az\/index.php?rest_route=\/wp\/v2\/types\/post"}],"author":[{"embeddable":true,"href":"https:\/\/arantv.az\/index.php?rest_route=\/wp\/v2\/users\/2"}],"replies":[{"embeddable":true,"href":"https:\/\/arantv.az\/index.php?rest_route=%2Fwp%2Fv2%2Fcomments&post=105158"}],"version-history":[{"count":0,"href":"https:\/\/arantv.az\/index.php?rest_route=\/wp\/v2\/posts\/105158\/revisions"}],"wp:featuredmedia":[{"embeddable":true,"href":"https:\/\/arantv.az\/index.php?rest_route=\/wp\/v2\/media\/105159"}],"wp:attachment":[{"href":"https:\/\/arantv.az\/index.php?rest_route=%2Fwp%2Fv2%2Fmedia&parent=105158"}],"wp:term":[{"taxonomy":"category","embeddable":true,"href":"https:\/\/arantv.az\/index.php?rest_route=%2Fwp%2Fv2%2Fcategories&post=105158"},{"taxonomy":"post_tag","embeddable":true,"href":"https:\/\/arantv.az\/index.php?rest_route=%2Fwp%2Fv2%2Ftags&post=105158"}],"curies":[{"name":"wp","href":"https:\/\/api.w.org\/{rel}","templated":true}]}}