{"id":105170,"date":"2019-12-09T11:01:23","date_gmt":"2019-12-09T08:01:23","guid":{"rendered":"http:\/\/arantv.az\/?p=105170"},"modified":"2019-12-09T11:01:23","modified_gmt":"2019-12-09T08:01:23","slug":"xirdalanda-binada-partlayis-x%c9%99sar%c9%99t-alan-var","status":"publish","type":"post","link":"https:\/\/arantv.az\/?p=105170","title":{"rendered":"X\u0131rdalanda binada partlay\u0131\u015f: X\u0259sar\u0259t alan var"},"content":{"rendered":"<p>Ab\u015feron rayonunun X\u0131rdalan \u015f\u0259h\u0259rind\u0259 partlay\u0131\u015f olub.<\/p>\n<p>FHN-d\u0259n veril\u0259n m\u0259lumata g\u00f6r\u0259, \u00fcmumi sah\u0259si 1080 m\u00b2 olan (h\u0259r m\u0259rt\u0259b\u0259si 360 m\u00b2 sah\u0259d\u0259) \u00fc\u00e7m\u0259rt\u0259b\u0259li binan\u0131n birinci m\u0259rt\u0259b\u0259sind\u0259 yan\u011f\u0131nla n\u0259tic\u0259l\u0259n\u0259n partlay\u0131\u015f ba\u015f verib.<\/p>\n<div id=\"AdviadNativeVideo0\" class=\"AdviadNativeVideo\"><\/div>\n<p>Yan\u011f\u0131n n\u0259tic\u0259sind\u0259 bir\u00a0ota\u011f\u0131n qap\u0131s\u0131 v\u0259 i\u00e7\u0259risind\u0259 olan 20 \u0259d\u0259d karton tara yan\u0131b. Hadis\u0259 zaman\u0131 bir\u00a0n\u0259f\u0259r x\u0259sar\u0259t al\u0131b. Bina yan\u011f\u0131ndan m\u00fchafiz\u0259 olunub. Yan\u011f\u0131n\u00a0s\u00f6nd\u00fcr\u00fcl\u00fcb.<\/p>\n<p>Hadis\u0259 il\u0259 \u0259laq\u0259dar m\u00fcvafiq qurumlar t\u0259r\u0259find\u0259n t\u0259hqiqat apar\u0131l\u0131r.<\/p>\n","protected":false},"excerpt":{"rendered":"<p>Ab\u015feron rayonunun X\u0131rdalan \u015f\u0259h\u0259rind\u0259 partlay\u0131\u015f olub. FHN-d\u0259n veril\u0259n m\u0259lumata g\u00f6r\u0259, \u00fcmumi sah\u0259si 1080 m\u00b2 olan (h\u0259r m\u0259rt\u0259b\u0259si 360 m\u00b2 sah\u0259d\u0259) \u00fc\u00e7m\u0259rt\u0259b\u0259li binan\u0131n birinci m\u0259rt\u0259b\u0259sind\u0259 yan\u011f\u0131nla n\u0259tic\u0259l\u0259n\u0259n partlay\u0131\u015f ba\u015f verib. Yan\u011f\u0131n n\u0259tic\u0259sind\u0259 bir\u00a0ota\u011f\u0131n qap\u0131s\u0131 v\u0259 i\u00e7\u0259risind\u0259 olan 20 \u0259d\u0259d karton tara yan\u0131b. Hadis\u0259 zaman\u0131 bir\u00a0n\u0259f\u0259r x\u0259sar\u0259t al\u0131b. Bina yan\u011f\u0131ndan m\u00fchafiz\u0259 olunub. Yan\u011f\u0131n\u00a0s\u00f6nd\u00fcr\u00fcl\u00fcb. Hadis\u0259 il\u0259 \u0259laq\u0259dar m\u00fcvafiq qurumlar t\u0259r\u0259find\u0259n t\u0259hqiqat apar\u0131l\u0131r.<\/p>\n","protected":false},"author":2,"featured_media":105171,"comment_status":"closed","ping_status":"closed","sticky":false,"template":"","format":"standard","meta":{"om_disable_all_campaigns":false,"_monsterinsights_skip_tracking":false,"_monsterinsights_sitenote_active":false,"_monsterinsights_sitenote_note":"","_monsterinsights_sitenote_category":0},"categories":[5],"tags":[],"aioseo_notices":[],"gutentor_comment":0,"rttpg_featured_image_url":{"full":["https:\/\/arantv.az\/wp-content\/uploads\/2019\/12\/photo_77882.jpg",600,392,false],"landscape":["https:\/\/arantv.az\/wp-content\/uploads\/2019\/12\/photo_77882.jpg",600,392,false],"portraits":["https:\/\/arantv.az\/wp-content\/uploads\/2019\/12\/photo_77882.jpg",600,392,false],"thumbnail":["https:\/\/arantv.az\/wp-content\/uploads\/2019\/12\/photo_77882-150x150.jpg",150,150,true],"medium":["https:\/\/arantv.az\/wp-content\/uploads\/2019\/12\/photo_77882-300x196.jpg",300,196,true],"large":["https:\/\/arantv.az\/wp-content\/uploads\/2019\/12\/photo_77882.jpg",600,392,false],"1536x1536":["https:\/\/arantv.az\/wp-content\/uploads\/2019\/12\/photo_77882.jpg",600,392,false],"2048x2048":["https:\/\/arantv.az\/wp-content\/uploads\/2019\/12\/photo_77882.jpg",600,392,false],"post-thumbnail":["https:\/\/arantv.az\/wp-content\/uploads\/2019\/12\/photo_77882-240x172.jpg",240,172,true],"advps-thumb-one":["https:\/\/arantv.az\/wp-content\/uploads\/2019\/12\/photo_77882.jpg",600,392,false]},"rttpg_author":{"display_name":"V\u00fcsal Rafiqo\u011flu","author_link":"https:\/\/arantv.az\/?author=2"},"rttpg_comment":0,"rttpg_category":"<a href=\"https:\/\/arantv.az\/?cat=5\" rel=\"category\">Hadis\u0259<\/a>","rttpg_excerpt":"Ab\u015feron rayonunun X\u0131rdalan \u015f\u0259h\u0259rind\u0259 partlay\u0131\u015f olub. FHN-d\u0259n veril\u0259n m\u0259lumata g\u00f6r\u0259, \u00fcmumi sah\u0259si 1080 m\u00b2 olan (h\u0259r m\u0259rt\u0259b\u0259si 360 m\u00b2 sah\u0259d\u0259) \u00fc\u00e7m\u0259rt\u0259b\u0259li binan\u0131n birinci m\u0259rt\u0259b\u0259sind\u0259 yan\u011f\u0131nla n\u0259tic\u0259l\u0259n\u0259n partlay\u0131\u015f ba\u015f verib. Yan\u011f\u0131n n\u0259tic\u0259sind\u0259 bir\u00a0ota\u011f\u0131n qap\u0131s\u0131 v\u0259 i\u00e7\u0259risind\u0259 olan 20 \u0259d\u0259d karton tara yan\u0131b. Hadis\u0259 zaman\u0131 bir\u00a0n\u0259f\u0259r x\u0259sar\u0259t al\u0131b. Bina yan\u011f\u0131ndan m\u00fchafiz\u0259 olunub. Yan\u011f\u0131n\u00a0s\u00f6nd\u00fcr\u00fcl\u00fcb. Hadis\u0259 il\u0259 \u0259laq\u0259dar m\u00fcvafiq&hellip;","_links":{"self":[{"href":"https:\/\/arantv.az\/index.php?rest_route=\/wp\/v2\/posts\/105170"}],"collection":[{"href":"https:\/\/arantv.az\/index.php?rest_route=\/wp\/v2\/posts"}],"about":[{"href":"https:\/\/arantv.az\/index.php?rest_route=\/wp\/v2\/types\/post"}],"author":[{"embeddable":true,"href":"https:\/\/arantv.az\/index.php?rest_route=\/wp\/v2\/users\/2"}],"replies":[{"embeddable":true,"href":"https:\/\/arantv.az\/index.php?rest_route=%2Fwp%2Fv2%2Fcomments&post=105170"}],"version-history":[{"count":0,"href":"https:\/\/arantv.az\/index.php?rest_route=\/wp\/v2\/posts\/105170\/revisions"}],"wp:featuredmedia":[{"embeddable":true,"href":"https:\/\/arantv.az\/index.php?rest_route=\/wp\/v2\/media\/105171"}],"wp:attachment":[{"href":"https:\/\/arantv.az\/index.php?rest_route=%2Fwp%2Fv2%2Fmedia&parent=105170"}],"wp:term":[{"taxonomy":"category","embeddable":true,"href":"https:\/\/arantv.az\/index.php?rest_route=%2Fwp%2Fv2%2Fcategories&post=105170"},{"taxonomy":"post_tag","embeddable":true,"href":"https:\/\/arantv.az\/index.php?rest_route=%2Fwp%2Fv2%2Ftags&post=105170"}],"curies":[{"name":"wp","href":"https:\/\/api.w.org\/{rel}","templated":true}]}}