{"id":105174,"date":"2019-12-09T11:09:22","date_gmt":"2019-12-09T08:09:22","guid":{"rendered":"http:\/\/arantv.az\/?p=105174"},"modified":"2019-12-09T11:09:22","modified_gmt":"2019-12-09T08:09:22","slug":"qizim-ilkinin-evind%c9%99-oldu-atasi-danisdi","status":"publish","type":"post","link":"https:\/\/arantv.az\/?p=105174","title":{"rendered":"&#8220;Q\u0131z\u0131m \u0130lkinin evind\u0259 \u00f6ld\u00fc&#8221; &#8211; Atas\u0131 DANI\u015eDI"},"content":{"rendered":"<p>X\u0259b\u0259r verdiyimiz kimi, Bak\u0131n\u0131n Yasamal rayonunda Q\u0131rt\u0131mova Sevinc \u0130lham q\u0131z\u0131 intihar edib. Az\u0259rbaycan millisinin v\u0259 &#8220;Ke\u015fl\u0259&#8221;nin m\u00fcdafi\u0259\u00e7isi \u0130lkin Q\u0131rt\u0131movun bac\u0131s\u0131d\u0131r. S. Q\u0131rt\u0131mova Zaqatala rayon A\u015fa\u011f\u0131 Tala k\u0259nd 3 sayl\u0131 orta m\u0259kt\u0259bin direktoru \u0130lham Q\u0131rt\u0131movun q\u0131z\u0131d\u0131r.<\/p>\n<p>\u0130lham Q\u0131rt\u0131mov Unikal.org-a a\u00e7\u0131qlamas\u0131nda bildirib ki, q\u0131z\u0131 intihar deyil, b\u0259db\u0259xt hadis\u0259 n\u0259tic\u0259sind\u0259 d\u00fcnyas\u0131n\u0131 d\u0259yi\u015fib:<\/p>\n<p>\u201cSevinc Yasamalda o\u011flum il\u0259 (&#8220;Ke\u015fl\u0259&#8221;nin m\u00fcdafi\u0259\u00e7isi \u0130lkin Q\u0131rt\u0131mov) birlikd\u0259 ya\u015fay\u0131rd\u0131. Hadis\u0259 Yasamalda binan\u0131n 18-ci m\u0259rt\u0259b\u0259sind\u0259 ba\u015f verib. Bir ne\u00e7\u0259 g\u00fcn idi, q\u0131z\u0131m m\u0259d\u0259sind\u0259n \u015fikay\u0259t edirdi. Buna g\u00f6r\u0259 d\u0259 m\u00fcalic\u0259 \u00fc\u00e7\u00fcn iyn\u0259-d\u0259rman etdirirdi. Q\u0131z\u0131m evin i\u00e7ind\u0259 qaytarma\u011fa ba\u015flay\u0131b. \u00d6z\u00fcn\u00fc pis hiss etdiyind\u0259n hava almaq \u00fc\u00e7\u00fcn evin eyvan\u0131na \u00e7\u0131x\u0131b. Yenid\u0259n qaytaranda aya\u011f\u0131 s\u00fcr\u00fc\u015f\u00fcb v\u0259 a\u015fa\u011f\u0131 d\u00fc\u015f\u00fcb.(a\u011flay\u0131r)\u201d.<\/p>\n<p>\u0130lham Q\u0131rt\u0131mov \u00f6vlad\u0131n\u0131n subay oldu\u011funu, Az\u0259rbaycan Milli Konservatoriyas\u0131nda \u00e7al\u0131\u015fd\u0131\u011f\u0131n\u0131 bildirib.<\/p>\n","protected":false},"excerpt":{"rendered":"<p>X\u0259b\u0259r verdiyimiz kimi, Bak\u0131n\u0131n Yasamal rayonunda Q\u0131rt\u0131mova Sevinc \u0130lham q\u0131z\u0131 intihar edib. Az\u0259rbaycan millisinin v\u0259 &#8220;Ke\u015fl\u0259&#8221;nin m\u00fcdafi\u0259\u00e7isi \u0130lkin Q\u0131rt\u0131movun bac\u0131s\u0131d\u0131r. S. Q\u0131rt\u0131mova Zaqatala rayon A\u015fa\u011f\u0131 Tala k\u0259nd 3 sayl\u0131 orta m\u0259kt\u0259bin direktoru \u0130lham Q\u0131rt\u0131movun q\u0131z\u0131d\u0131r. \u0130lham Q\u0131rt\u0131mov Unikal.org-a a\u00e7\u0131qlamas\u0131nda bildirib ki, q\u0131z\u0131 intihar deyil, b\u0259db\u0259xt hadis\u0259 n\u0259tic\u0259sind\u0259 d\u00fcnyas\u0131n\u0131 d\u0259yi\u015fib: \u201cSevinc Yasamalda o\u011flum il\u0259 (&#8220;Ke\u015fl\u0259&#8221;nin m\u00fcdafi\u0259\u00e7isi \u0130lkin Q\u0131rt\u0131mov) birlikd\u0259 ya\u015fay\u0131rd\u0131. Hadis\u0259 Yasamalda binan\u0131n 18-ci m\u0259rt\u0259b\u0259sind\u0259 ba\u015f verib. Bir ne\u00e7\u0259 g\u00fcn idi, q\u0131z\u0131m m\u0259d\u0259sind\u0259n \u015fikay\u0259t edirdi. Buna g\u00f6r\u0259 d\u0259 m\u00fcalic\u0259 \u00fc\u00e7\u00fcn iyn\u0259-d\u0259rman etdirirdi. Q\u0131z\u0131m evin i\u00e7ind\u0259 qaytarma\u011fa ba\u015flay\u0131b. \u00d6z\u00fcn\u00fc pis hiss etdiyind\u0259n&hellip;<\/p>\n","protected":false},"author":2,"featured_media":105175,"comment_status":"closed","ping_status":"closed","sticky":false,"template":"","format":"standard","meta":{"om_disable_all_campaigns":false,"_monsterinsights_skip_tracking":false,"_monsterinsights_sitenote_active":false,"_monsterinsights_sitenote_note":"","_monsterinsights_sitenote_category":0},"categories":[5],"tags":[],"aioseo_notices":[],"gutentor_comment":0,"rttpg_featured_image_url":{"full":["https:\/\/arantv.az\/wp-content\/uploads\/2019\/12\/1575877958_bnnn.jpg",600,400,false],"landscape":["https:\/\/arantv.az\/wp-content\/uploads\/2019\/12\/1575877958_bnnn.jpg",600,400,false],"portraits":["https:\/\/arantv.az\/wp-content\/uploads\/2019\/12\/1575877958_bnnn.jpg",600,400,false],"thumbnail":["https:\/\/arantv.az\/wp-content\/uploads\/2019\/12\/1575877958_bnnn-150x150.jpg",150,150,true],"medium":["https:\/\/arantv.az\/wp-content\/uploads\/2019\/12\/1575877958_bnnn-300x200.jpg",300,200,true],"large":["https:\/\/arantv.az\/wp-content\/uploads\/2019\/12\/1575877958_bnnn.jpg",600,400,false],"1536x1536":["https:\/\/arantv.az\/wp-content\/uploads\/2019\/12\/1575877958_bnnn.jpg",600,400,false],"2048x2048":["https:\/\/arantv.az\/wp-content\/uploads\/2019\/12\/1575877958_bnnn.jpg",600,400,false],"post-thumbnail":["https:\/\/arantv.az\/wp-content\/uploads\/2019\/12\/1575877958_bnnn-240x172.jpg",240,172,true],"advps-thumb-one":["https:\/\/arantv.az\/wp-content\/uploads\/2019\/12\/1575877958_bnnn.jpg",600,400,false]},"rttpg_author":{"display_name":"V\u00fcsal Rafiqo\u011flu","author_link":"https:\/\/arantv.az\/?author=2"},"rttpg_comment":0,"rttpg_category":"<a href=\"https:\/\/arantv.az\/?cat=5\" rel=\"category\">Hadis\u0259<\/a>","rttpg_excerpt":"X\u0259b\u0259r verdiyimiz kimi, Bak\u0131n\u0131n Yasamal rayonunda Q\u0131rt\u0131mova Sevinc \u0130lham q\u0131z\u0131 intihar edib. Az\u0259rbaycan millisinin v\u0259 &#8220;Ke\u015fl\u0259&#8221;nin m\u00fcdafi\u0259\u00e7isi \u0130lkin Q\u0131rt\u0131movun bac\u0131s\u0131d\u0131r. S. Q\u0131rt\u0131mova Zaqatala rayon A\u015fa\u011f\u0131 Tala k\u0259nd 3 sayl\u0131 orta m\u0259kt\u0259bin direktoru \u0130lham Q\u0131rt\u0131movun q\u0131z\u0131d\u0131r. \u0130lham Q\u0131rt\u0131mov Unikal.org-a a\u00e7\u0131qlamas\u0131nda bildirib ki, q\u0131z\u0131 intihar deyil, b\u0259db\u0259xt hadis\u0259 n\u0259tic\u0259sind\u0259 d\u00fcnyas\u0131n\u0131 d\u0259yi\u015fib: \u201cSevinc Yasamalda o\u011flum il\u0259 (&#8220;Ke\u015fl\u0259&#8221;nin m\u00fcdafi\u0259\u00e7isi&hellip;","_links":{"self":[{"href":"https:\/\/arantv.az\/index.php?rest_route=\/wp\/v2\/posts\/105174"}],"collection":[{"href":"https:\/\/arantv.az\/index.php?rest_route=\/wp\/v2\/posts"}],"about":[{"href":"https:\/\/arantv.az\/index.php?rest_route=\/wp\/v2\/types\/post"}],"author":[{"embeddable":true,"href":"https:\/\/arantv.az\/index.php?rest_route=\/wp\/v2\/users\/2"}],"replies":[{"embeddable":true,"href":"https:\/\/arantv.az\/index.php?rest_route=%2Fwp%2Fv2%2Fcomments&post=105174"}],"version-history":[{"count":0,"href":"https:\/\/arantv.az\/index.php?rest_route=\/wp\/v2\/posts\/105174\/revisions"}],"wp:featuredmedia":[{"embeddable":true,"href":"https:\/\/arantv.az\/index.php?rest_route=\/wp\/v2\/media\/105175"}],"wp:attachment":[{"href":"https:\/\/arantv.az\/index.php?rest_route=%2Fwp%2Fv2%2Fmedia&parent=105174"}],"wp:term":[{"taxonomy":"category","embeddable":true,"href":"https:\/\/arantv.az\/index.php?rest_route=%2Fwp%2Fv2%2Fcategories&post=105174"},{"taxonomy":"post_tag","embeddable":true,"href":"https:\/\/arantv.az\/index.php?rest_route=%2Fwp%2Fv2%2Ftags&post=105174"}],"curies":[{"name":"wp","href":"https:\/\/api.w.org\/{rel}","templated":true}]}}