{"id":105190,"date":"2019-12-09T11:23:15","date_gmt":"2019-12-09T08:23:15","guid":{"rendered":"http:\/\/arantv.az\/?p=105190"},"modified":"2019-12-09T11:23:15","modified_gmt":"2019-12-09T08:23:15","slug":"besinci-cagiris-milli-m%c9%99clisin-%c9%99n-f%c9%99al-deputatlari-adlar-aciqlandi","status":"publish","type":"post","link":"https:\/\/arantv.az\/?p=105190","title":{"rendered":"Be\u015finci \u00e7a\u011f\u0131r\u0131\u015f Milli M\u0259clisin \u0259n f\u0259al deputatlar\u0131 &#8211; Adlar a\u00e7\u0131qland\u0131"},"content":{"rendered":"<p>Parlament Jurnalistl\u0259r Birliyinin (PJB) \u00fczvl\u0259ri aras\u0131nda be\u015finci \u00e7a\u011f\u0131r\u0131\u015f Milli M\u0259clisin deputatlar\u0131n\u0131n f\u0259aliyy\u0259tinin qiym\u0259tl\u0259ndirilm\u0259si il\u0259 ba\u011fl\u0131 sor\u011fu ke\u00e7irilib.<\/p>\n<p><b>ARANTV.AZ<\/b>-\u0131n m\u0259lumat\u0131na g\u00f6r\u0259, sor\u011fu n\u0259tic\u0259sind\u0259 be\u015finci \u00e7a\u011f\u0131r\u0131\u015f Milli M\u0259clisin \u0259n f\u0259al deputatlar\u0131 m\u00fc\u0259yy\u0259nl\u0259\u015fdirilib.<\/p>\n<p>Jurnalistl\u0259rin d\u00f6rd\u00a0nominasiya (\u201c\u0130lin \u0259n f\u0259al deputat\u0131\u201d, \u201cSe\u00e7ici h\u00fcquqlar\u0131n\u0131 m\u00fcdafi\u0259 ed\u0259n \u0259n f\u0259al deputat\u201d, \u201cQanunvericilik t\u0259\u015f\u0259bb\u00fcs\u00fc il\u0259 \u00e7\u0131x\u0131\u015f ed\u0259n \u0259n f\u0259al deputat\u201d, \u201cAz\u0259rbaycan\u0131 beyn\u0259lxalq t\u0259\u015fkilatlarda t\u0259msil ed\u0259n \u0259n f\u0259al deputat\u201d) \u00fczr\u0259 ke\u00e7irdikl\u0259ri sor\u011funun n\u0259tic\u0259l\u0259ri a\u00e7\u0131qlan\u0131b.<\/p>\n<p>Parlament Jurnalistl\u0259ri Birliyinin s\u0259dr m\u00fcavini Aqil Aslan bildirib ki, sor\u011fuda Milli M\u0259clisd\u0259 akkreditasiya olunan 70-\u0259 yax\u0131n jurnalist i\u015ftirak edib. Onun s\u00f6zl\u0259rin\u0259 g\u00f6r\u0259, bu, PJB-nin sayca 14-c\u00fc sor\u011fusudur:<\/p>\n<p>\u201cBiz \u0259n\u0259n\u0259vi olaraq h\u0259r ilin sonunda deputatlar\u0131n illik f\u0259aliyy\u0259ti il\u0259 ba\u011fl\u0131 sor\u011fu ke\u00e7irmi\u015fik. Bildiyiniz kimi, be\u015finci \u00e7a\u011f\u0131r\u0131\u015f Milli M\u0259clis d\u00f6vl\u0259t ba\u015f\u00e7\u0131s\u0131 t\u0259r\u0259find\u0259n burax\u0131l\u0131b v\u0259 fevral\u0131n 9-da n\u00f6vb\u0259d\u0259nk\u0259nar parlament se\u00e7kil\u0259ri ke\u00e7iril\u0259c\u0259k. Ona g\u00f6r\u0259 d\u0259 q\u0259rara g\u0259ldik ki, \u00f6t\u0259n d\u00f6rd\u00a0ilin \u0259n f\u0259al deputatlar\u0131n\u0131 c\u0259miyy\u0259t\u0259 t\u0259qdim ed\u0259k\u201d.<\/p>\n<p>D\u00f6rd il \u0259rzind\u0259 \u201c\u0130lin \u0259n f\u0259al deputat\u0131\u201d nominasiyas\u0131n\u0131n qalibl\u0259ri m\u0259rhum deputat\u00a0<strong>Yevda Abramov, Siyavu\u015f Novruzov, Zahid Oruc, Q\u00fcdr\u0259t H\u0259s\u0259nquliyev v\u0259 Fazil Mustafa\u00a0<\/strong>olub. Bu nominasiyan\u0131n qalibl\u0259ri be\u015finci \u00e7a\u011f\u0131r\u0131\u015f Milli M\u0259clis d\u00f6vr\u00fcnd\u0259 plenar iclaslarda cari m\u0259s\u0259l\u0259l\u0259rin v\u0259 g\u00fcnd\u0259likd\u0259 duran m\u0259s\u0259l\u0259l\u0259rin m\u00fczakir\u0259sind\u0259 f\u0259all\u0131qlar\u0131na g\u00f6r\u0259 m\u00fc\u0259yy\u0259n edilibl\u0259r.<\/p>\n<p>\u201cSe\u00e7ici h\u00fcquqlar\u0131n\u0131 m\u00fcdafi\u0259 ed\u0259n \u0259n f\u0259al deputat\u201d nominasiyas\u0131n\u0131n qalibl\u0259ri\u00a0<strong>Q\u0259nir\u0259 Pa\u015fayeva v\u0259 Vahid \u018fhm\u0259dov<\/strong>\u00a0olub. Bu nominasiyan\u0131n qalibl\u0259ri Milli M\u0259clisin \u00f6t\u0259n d\u00f6rd ild\u0259ki f\u0259aliyy\u0259ti d\u00f6vr\u00fcnd\u0259 se\u00e7icil\u0259rin \u00fczl\u0259\u015fdikl\u0259ri probleml\u0259rin h\u0259llin\u0259 yardm\u00e7\u0131 olduqlar\u0131na g\u00f6r\u0259 m\u00fc\u0259yy\u0259n edilibl\u0259r.<\/p>\n<p>\u201cAz\u0259rbaycan\u0131 beyn\u0259lxalq t\u0259\u015fkilatlarda t\u0259msil ed\u0259n \u0259n f\u0259al deputat\u201d nominasiyas\u0131n\u0131n qalibl\u0259ri\u00a0<strong>Cavan\u015fir Feyziyev, Bahar Muradova, Azay Quliyev v\u0259 Tahir Mirki\u015fili<\/strong>\u00a0olub. Bu nominasiyan\u0131n qalibl\u0259ri Milli M\u0259clisin \u00f6t\u0259n 4 ild\u0259ki f\u0259aliyy\u0259ti d\u00f6vr\u00fcnd\u0259 Az\u0259rbaycan\u0131 beyn\u0259lxalq t\u0259\u015fkilatlarda v\u0259 beyn\u0259lxalq t\u0259dbirl\u0259rd\u0259 f\u0259al t\u0259msil etdikl\u0259rin\u0259 g\u00f6r\u0259 m\u00fc\u0259yy\u0259n edilibl\u0259r.<\/p>\n<p>\u201cQanunvericilik t\u0259\u015f\u0259bb\u00fcs\u00fc il\u0259 \u00e7\u0131x\u0131\u015f ed\u0259n \u0259n f\u0259al deputat\u201d nominasiyas\u0131n\u0131n qalibl\u0259ri is\u0259\u00a0<strong>\u018fli H\u00fcseynli, \u018fli M\u0259simli v\u0259 \u018fhliman \u018fmiraslanov<\/strong>dur.<\/p>\n<p>Bu nominasiyan\u0131n qalibl\u0259ri Milli M\u0259clisin \u00f6t\u0259n d\u00f6rd ild\u0259ki f\u0259aliyy\u0259ti d\u00f6vr\u00fcnd\u0259 qanunvericilik t\u0259\u015f\u0259bb\u00fcs\u00fc il\u0259 \u00e7\u0131x\u0131\u015f etdikl\u0259rin\u0259 g\u00f6r\u0259 m\u00fc\u0259yy\u0259n edilib.Oxu.Az<\/p>\n","protected":false},"excerpt":{"rendered":"<p>Parlament Jurnalistl\u0259r Birliyinin (PJB) \u00fczvl\u0259ri aras\u0131nda be\u015finci \u00e7a\u011f\u0131r\u0131\u015f Milli M\u0259clisin deputatlar\u0131n\u0131n f\u0259aliyy\u0259tinin qiym\u0259tl\u0259ndirilm\u0259si il\u0259 ba\u011fl\u0131 sor\u011fu ke\u00e7irilib. ARANTV.AZ-\u0131n m\u0259lumat\u0131na g\u00f6r\u0259, sor\u011fu n\u0259tic\u0259sind\u0259 be\u015finci \u00e7a\u011f\u0131r\u0131\u015f Milli M\u0259clisin \u0259n f\u0259al deputatlar\u0131 m\u00fc\u0259yy\u0259nl\u0259\u015fdirilib. Jurnalistl\u0259rin d\u00f6rd\u00a0nominasiya (\u201c\u0130lin \u0259n f\u0259al deputat\u0131\u201d, \u201cSe\u00e7ici h\u00fcquqlar\u0131n\u0131 m\u00fcdafi\u0259 ed\u0259n \u0259n f\u0259al deputat\u201d, \u201cQanunvericilik t\u0259\u015f\u0259bb\u00fcs\u00fc il\u0259 \u00e7\u0131x\u0131\u015f ed\u0259n \u0259n f\u0259al deputat\u201d, \u201cAz\u0259rbaycan\u0131 beyn\u0259lxalq t\u0259\u015fkilatlarda t\u0259msil ed\u0259n \u0259n f\u0259al deputat\u201d) \u00fczr\u0259 ke\u00e7irdikl\u0259ri sor\u011funun n\u0259tic\u0259l\u0259ri a\u00e7\u0131qlan\u0131b. Parlament Jurnalistl\u0259ri Birliyinin s\u0259dr m\u00fcavini Aqil Aslan bildirib ki, sor\u011fuda Milli M\u0259clisd\u0259 akkreditasiya olunan 70-\u0259 yax\u0131n jurnalist i\u015ftirak edib. Onun s\u00f6zl\u0259rin\u0259 g\u00f6r\u0259, bu, PJB-nin sayca 14-c\u00fc&hellip;<\/p>\n","protected":false},"author":2,"featured_media":105191,"comment_status":"closed","ping_status":"closed","sticky":false,"template":"","format":"standard","meta":{"om_disable_all_campaigns":false,"_monsterinsights_skip_tracking":false,"_monsterinsights_sitenote_active":false,"_monsterinsights_sitenote_note":"","_monsterinsights_sitenote_category":0},"categories":[4],"tags":[],"aioseo_notices":[],"gutentor_comment":0,"rttpg_featured_image_url":{"full":["https:\/\/arantv.az\/wp-content\/uploads\/2019\/12\/15411484652527810138_1000x6691544420705.jpg",620,371,false],"landscape":["https:\/\/arantv.az\/wp-content\/uploads\/2019\/12\/15411484652527810138_1000x6691544420705.jpg",620,371,false],"portraits":["https:\/\/arantv.az\/wp-content\/uploads\/2019\/12\/15411484652527810138_1000x6691544420705.jpg",620,371,false],"thumbnail":["https:\/\/arantv.az\/wp-content\/uploads\/2019\/12\/15411484652527810138_1000x6691544420705-150x150.jpg",150,150,true],"medium":["https:\/\/arantv.az\/wp-content\/uploads\/2019\/12\/15411484652527810138_1000x6691544420705-300x180.jpg",300,180,true],"large":["https:\/\/arantv.az\/wp-content\/uploads\/2019\/12\/15411484652527810138_1000x6691544420705.jpg",620,371,false],"1536x1536":["https:\/\/arantv.az\/wp-content\/uploads\/2019\/12\/15411484652527810138_1000x6691544420705.jpg",620,371,false],"2048x2048":["https:\/\/arantv.az\/wp-content\/uploads\/2019\/12\/15411484652527810138_1000x6691544420705.jpg",620,371,false],"post-thumbnail":["https:\/\/arantv.az\/wp-content\/uploads\/2019\/12\/15411484652527810138_1000x6691544420705-240x172.jpg",240,172,true],"advps-thumb-one":["https:\/\/arantv.az\/wp-content\/uploads\/2019\/12\/15411484652527810138_1000x6691544420705.jpg",620,371,false]},"rttpg_author":{"display_name":"V\u00fcsal Rafiqo\u011flu","author_link":"https:\/\/arantv.az\/?author=2"},"rttpg_comment":0,"rttpg_category":"<a href=\"https:\/\/arantv.az\/?cat=4\" rel=\"category\">Siyas\u0259t<\/a>","rttpg_excerpt":"Parlament Jurnalistl\u0259r Birliyinin (PJB) \u00fczvl\u0259ri aras\u0131nda be\u015finci \u00e7a\u011f\u0131r\u0131\u015f Milli M\u0259clisin deputatlar\u0131n\u0131n f\u0259aliyy\u0259tinin qiym\u0259tl\u0259ndirilm\u0259si il\u0259 ba\u011fl\u0131 sor\u011fu ke\u00e7irilib. ARANTV.AZ-\u0131n m\u0259lumat\u0131na g\u00f6r\u0259, sor\u011fu n\u0259tic\u0259sind\u0259 be\u015finci \u00e7a\u011f\u0131r\u0131\u015f Milli M\u0259clisin \u0259n f\u0259al deputatlar\u0131 m\u00fc\u0259yy\u0259nl\u0259\u015fdirilib. Jurnalistl\u0259rin d\u00f6rd\u00a0nominasiya (\u201c\u0130lin \u0259n f\u0259al deputat\u0131\u201d, \u201cSe\u00e7ici h\u00fcquqlar\u0131n\u0131 m\u00fcdafi\u0259 ed\u0259n \u0259n f\u0259al deputat\u201d, \u201cQanunvericilik t\u0259\u015f\u0259bb\u00fcs\u00fc il\u0259 \u00e7\u0131x\u0131\u015f ed\u0259n \u0259n f\u0259al deputat\u201d, \u201cAz\u0259rbaycan\u0131 beyn\u0259lxalq t\u0259\u015fkilatlarda t\u0259msil&hellip;","_links":{"self":[{"href":"https:\/\/arantv.az\/index.php?rest_route=\/wp\/v2\/posts\/105190"}],"collection":[{"href":"https:\/\/arantv.az\/index.php?rest_route=\/wp\/v2\/posts"}],"about":[{"href":"https:\/\/arantv.az\/index.php?rest_route=\/wp\/v2\/types\/post"}],"author":[{"embeddable":true,"href":"https:\/\/arantv.az\/index.php?rest_route=\/wp\/v2\/users\/2"}],"replies":[{"embeddable":true,"href":"https:\/\/arantv.az\/index.php?rest_route=%2Fwp%2Fv2%2Fcomments&post=105190"}],"version-history":[{"count":0,"href":"https:\/\/arantv.az\/index.php?rest_route=\/wp\/v2\/posts\/105190\/revisions"}],"wp:featuredmedia":[{"embeddable":true,"href":"https:\/\/arantv.az\/index.php?rest_route=\/wp\/v2\/media\/105191"}],"wp:attachment":[{"href":"https:\/\/arantv.az\/index.php?rest_route=%2Fwp%2Fv2%2Fmedia&parent=105190"}],"wp:term":[{"taxonomy":"category","embeddable":true,"href":"https:\/\/arantv.az\/index.php?rest_route=%2Fwp%2Fv2%2Fcategories&post=105190"},{"taxonomy":"post_tag","embeddable":true,"href":"https:\/\/arantv.az\/index.php?rest_route=%2Fwp%2Fv2%2Ftags&post=105190"}],"curies":[{"name":"wp","href":"https:\/\/api.w.org\/{rel}","templated":true}]}}