{"id":105194,"date":"2019-12-09T11:27:57","date_gmt":"2019-12-09T08:27:57","guid":{"rendered":"http:\/\/arantv.az\/?p=105194"},"modified":"2019-12-09T11:27:57","modified_gmt":"2019-12-09T08:27:57","slug":"v%c9%99t%c9%99ndaslara-hava-il%c9%99-bagli-muhum-x%c9%99b%c9%99rdarliq","status":"publish","type":"post","link":"https:\/\/arantv.az\/?p=105194","title":{"rendered":"V\u0259t\u0259nda\u015flara hava il\u0259 ba\u011fl\u0131 M\u00dcH\u00dcM X\u018fB\u018fRDARLIQ"},"content":{"rendered":"<p>Bak\u0131 \u015f\u0259h\u0259r Ba\u015f Polis \u0130dar\u0259sinin D\u00f6vl\u0259t Yol Polisi \u0130dar\u0259si ya\u011f\u0131\u015fl\u0131 hava \u015f\u0259raiti il\u0259 \u0259laq\u0259dar avtomobil yollar\u0131nda t\u0259hl\u00fck\u0259sizliyin t\u0259min edilm\u0259si m\u0259qs\u0259di il\u0259 s\u00fcr\u00fcc\u00fcl\u0259r\u0259 m\u00fcraci\u0259t edib.<\/p>\n<p>\u0130dar\u0259nin ictimaiyy\u0259tl\u0259 \u0259laq\u0259l\u0259r \u015f\u00f6b\u0259sinin r\u0259isi, polis polkovniki Vaqif \u018fs\u0259dov bildirib ki, s\u00fcr\u00fcc\u00fcl\u0259r meteoroloji \u015f\u0259raiti n\u0259z\u0259r\u0259 almaqla avtomobill\u0259rini idar\u0259 etm\u0259lidirl\u0259r: \u201cG\u00fcn\u00fcn pik saatlar\u0131nda havalar\u0131n ya\u011f\u0131\u015fl\u0131 v\u0259 \u00e7iskinli olmas\u0131, s\u0259h\u0259r havan\u0131n gec i\u015f\u0131qlanmas\u0131 v\u0259 ax\u015fam is\u0259 tez qaralmas\u0131 h\u0259r\u0259k\u0259t i\u015ftirak\u00e7\u0131lar\u0131n\u0131n g\u00f6rm\u0259 qabiliyy\u0259tini m\u0259hdudla\u015fd\u0131r\u0131r. B\u00fct\u00fcn bunlar\u0131 n\u0259z\u0259r\u0259 alaraq, h\u0259r birimiz yollarda m\u0259suliyy\u0259tli olmal\u0131, ictimai t\u0259hl\u00fck\u0259sizliyin etibarl\u0131 t\u0259min edilm\u0259sin\u0259 \u00e7al\u0131\u015fmal\u0131y\u0131q. \u015e\u0259xsi avtomobild\u0259n istifad\u0259 ed\u0259nl\u0259r dig\u0259r g\u00fcnl\u0259r\u0259 nisb\u0259t\u0259n daha diqq\u0259tli olmal\u0131, s\u00fcr\u0259t h\u0259ddini minimuma endirm\u0259li, ara m\u0259saf\u0259sini normadan art\u0131q saxlamal\u0131d\u0131rlar. Ya\u011f\u0131\u015f\u0131n ya\u011fmas\u0131 il\u0259 \u0259laq\u0259dar asfalt s\u0259thind\u0259, yol \u00f6rt\u00fcy\u00fcnd\u0259 s\u00fcr\u00fc\u015fm\u0259 ehtimal\u0131 yaran\u0131r. Ona g\u00f6r\u0259 d\u0259 s\u00fcr\u00fc\u015fk\u0259n yollarda avtomobilin h\u0259r\u0259k\u0259t\u0259 g\u0259tirilm\u0259si v\u0259 ya dayand\u0131r\u0131lmas\u0131 s\u00fcr\u0259t qutusunun hesab\u0131na apar\u0131l\u0131r. Yol v\u0259 meteoroloji \u015f\u0259raiti n\u0259z\u0259r\u0259 al\u0131b s\u00fcr\u00fcc\u00fcl\u0259r s\u00fcr\u0259t qutusundan v\u0259 \u0259yl\u0259c sistemind\u0259n d\u00fczg\u00fcn istifad\u0259 etm\u0259lidirl\u0259r. Eyni zamanda, s\u00fcr\u00fcc\u00fcl\u0259r bel\u0259 hava \u015f\u0259raitind\u0259 n\u0259qliyyat vasit\u0259l\u0259rinin d\u00f6vl\u0259t n\u00f6mr\u0259 ni\u015fanlar\u0131n\u0131 t\u0259miz saxlamal\u0131d\u0131rlar. H\u0259m\u00e7inin i\u015f\u0131q cihazlar\u0131 da t\u0259miz olmal\u0131d\u0131r ki, h\u0259r hans\u0131 bir manevr ed\u0259rk\u0259n dig\u0259r h\u0259r\u0259k\u0259t i\u015ftirak\u00e7\u0131lar\u0131 onu g\u00f6r\u0259 bilsin. Yol v\u0259 metroloji \u015f\u0259rait n\u0259z\u0259r\u0259 al\u0131nmaqla avtomobil el\u0259 idar\u0259 edilm\u0259lidir ki, h\u0259r\u0259k\u0259td\u0259 olan zaman h\u0259r hans\u0131 t\u0259hl\u00fck\u0259 yaranarsa, s\u00fcr\u00fcc\u00fc bundan yay\u0131na bilsin. B\u0259z\u0259n s\u00fcr\u00fcc\u00fcl\u0259r hava \u015f\u0259raiti n\u0259z\u0259r\u0259 almadan avtomobill\u0259rini h\u0259mi\u015f\u0259ki qaydada idar\u0259 edirl\u0259r. D\u00fc\u015f\u00fcn\u00fcrl\u0259r ki, h\u0259r hans\u0131 yol-n\u0259qliyyat hadis\u0259si ba\u015f vers\u0259, m\u0259suliyy\u0259t\u0259 c\u0259lb olunmayacaqlar. Lakin Yol H\u0259r\u0259k\u0259ti Haqq\u0131nda qanunda yol v\u0259 meteoroloji \u015f\u0259raiti n\u0259z\u0259r\u0259 almamaqla t\u00f6r\u0259dil\u0259n q\u0259zalarda s\u00fcr\u00fcc\u00fcl\u0259r m\u0259suliyy\u0259t\u0259 c\u0259lb oluna bil\u0259r&#8221;.<\/p>\n<p>V.\u018fs\u0259dov bel\u0259 hava \u015f\u0259raitl\u0259rind\u0259 m\u0259suliyy\u0259t\u0259 c\u0259lb olunmamaq \u00fc\u00e7\u00fcn s\u00fcr\u00fcc\u00fcl\u0259r avtomobill\u0259rini idar\u0259 ed\u0259rk\u0259n asfalt\u0131n v\u0259ziyy\u0259tini n\u0259z\u0259r\u0259 almalar\u0131n\u0131, s\u00fcr\u0259t h\u0259ddini minimuma endirm\u0259l\u0259rini, ara m\u0259saf\u0259sini normadan \u00e7ox saxlamalar\u0131n\u0131, avtomobilin b\u00fct\u00fcn texniki xarakteristikas\u0131n\u0131 g\u00f6z\u00fcn\u00fcn \u00f6n\u00fcnd\u0259 canland\u0131r\u0131b, n\u0259qliyyat vasit\u0259sini ona g\u00f6r\u0259 idar\u0259 etm\u0259li oldu\u011funu bildirib:<\/p>\n<p>&#8220;\u018fg\u0259r, s\u00fcr\u00fcc\u00fcl\u0259rimiz bu qaydalara riay\u0259t ets\u0259, yollarda ba\u015f ver\u0259n q\u0259zalar\u0131n say\u0131n\u0131 minimuma endirm\u0259k olar. S\u00fcr\u00fcc\u00fcl\u0259rimizd\u0259n bir daha sadalad\u0131\u011f\u0131m qaydalara riay\u0259t etm\u0259l\u0259rini xahi\u015f edir\u0259m&#8221;. (trend)<\/p>\n","protected":false},"excerpt":{"rendered":"<p>Bak\u0131 \u015f\u0259h\u0259r Ba\u015f Polis \u0130dar\u0259sinin D\u00f6vl\u0259t Yol Polisi \u0130dar\u0259si ya\u011f\u0131\u015fl\u0131 hava \u015f\u0259raiti il\u0259 \u0259laq\u0259dar avtomobil yollar\u0131nda t\u0259hl\u00fck\u0259sizliyin t\u0259min edilm\u0259si m\u0259qs\u0259di il\u0259 s\u00fcr\u00fcc\u00fcl\u0259r\u0259 m\u00fcraci\u0259t edib. \u0130dar\u0259nin ictimaiyy\u0259tl\u0259 \u0259laq\u0259l\u0259r \u015f\u00f6b\u0259sinin r\u0259isi, polis polkovniki Vaqif \u018fs\u0259dov bildirib ki, s\u00fcr\u00fcc\u00fcl\u0259r meteoroloji \u015f\u0259raiti n\u0259z\u0259r\u0259 almaqla avtomobill\u0259rini idar\u0259 etm\u0259lidirl\u0259r: \u201cG\u00fcn\u00fcn pik saatlar\u0131nda havalar\u0131n ya\u011f\u0131\u015fl\u0131 v\u0259 \u00e7iskinli olmas\u0131, s\u0259h\u0259r havan\u0131n gec i\u015f\u0131qlanmas\u0131 v\u0259 ax\u015fam is\u0259 tez qaralmas\u0131 h\u0259r\u0259k\u0259t i\u015ftirak\u00e7\u0131lar\u0131n\u0131n g\u00f6rm\u0259 qabiliyy\u0259tini m\u0259hdudla\u015fd\u0131r\u0131r. B\u00fct\u00fcn bunlar\u0131 n\u0259z\u0259r\u0259 alaraq, h\u0259r birimiz yollarda m\u0259suliyy\u0259tli olmal\u0131, ictimai t\u0259hl\u00fck\u0259sizliyin etibarl\u0131 t\u0259min edilm\u0259sin\u0259 \u00e7al\u0131\u015fmal\u0131y\u0131q. \u015e\u0259xsi avtomobild\u0259n istifad\u0259 ed\u0259nl\u0259r dig\u0259r g\u00fcnl\u0259r\u0259 nisb\u0259t\u0259n daha diqq\u0259tli olmal\u0131,&hellip;<\/p>\n","protected":false},"author":2,"featured_media":105195,"comment_status":"closed","ping_status":"closed","sticky":false,"template":"","format":"standard","meta":{"om_disable_all_campaigns":false,"_monsterinsights_skip_tracking":false,"_monsterinsights_sitenote_active":false,"_monsterinsights_sitenote_note":"","_monsterinsights_sitenote_category":0},"categories":[1],"tags":[],"aioseo_notices":[],"gutentor_comment":0,"rttpg_featured_image_url":{"full":["https:\/\/arantv.az\/wp-content\/uploads\/2019\/12\/qaryol3_782.jpg",600,420,false],"landscape":["https:\/\/arantv.az\/wp-content\/uploads\/2019\/12\/qaryol3_782.jpg",600,420,false],"portraits":["https:\/\/arantv.az\/wp-content\/uploads\/2019\/12\/qaryol3_782.jpg",600,420,false],"thumbnail":["https:\/\/arantv.az\/wp-content\/uploads\/2019\/12\/qaryol3_782-150x150.jpg",150,150,true],"medium":["https:\/\/arantv.az\/wp-content\/uploads\/2019\/12\/qaryol3_782-300x210.jpg",300,210,true],"large":["https:\/\/arantv.az\/wp-content\/uploads\/2019\/12\/qaryol3_782.jpg",600,420,false],"1536x1536":["https:\/\/arantv.az\/wp-content\/uploads\/2019\/12\/qaryol3_782.jpg",600,420,false],"2048x2048":["https:\/\/arantv.az\/wp-content\/uploads\/2019\/12\/qaryol3_782.jpg",600,420,false],"post-thumbnail":["https:\/\/arantv.az\/wp-content\/uploads\/2019\/12\/qaryol3_782-240x172.jpg",240,172,true],"advps-thumb-one":["https:\/\/arantv.az\/wp-content\/uploads\/2019\/12\/qaryol3_782.jpg",600,420,false]},"rttpg_author":{"display_name":"V\u00fcsal Rafiqo\u011flu","author_link":"https:\/\/arantv.az\/?author=2"},"rttpg_comment":0,"rttpg_category":"<a href=\"https:\/\/arantv.az\/?cat=1\" rel=\"category\">C\u0259miyy\u0259t<\/a>","rttpg_excerpt":"Bak\u0131 \u015f\u0259h\u0259r Ba\u015f Polis \u0130dar\u0259sinin D\u00f6vl\u0259t Yol Polisi \u0130dar\u0259si ya\u011f\u0131\u015fl\u0131 hava \u015f\u0259raiti il\u0259 \u0259laq\u0259dar avtomobil yollar\u0131nda t\u0259hl\u00fck\u0259sizliyin t\u0259min edilm\u0259si m\u0259qs\u0259di il\u0259 s\u00fcr\u00fcc\u00fcl\u0259r\u0259 m\u00fcraci\u0259t edib. \u0130dar\u0259nin ictimaiyy\u0259tl\u0259 \u0259laq\u0259l\u0259r \u015f\u00f6b\u0259sinin r\u0259isi, polis polkovniki Vaqif \u018fs\u0259dov bildirib ki, s\u00fcr\u00fcc\u00fcl\u0259r meteoroloji \u015f\u0259raiti n\u0259z\u0259r\u0259 almaqla avtomobill\u0259rini idar\u0259 etm\u0259lidirl\u0259r: \u201cG\u00fcn\u00fcn pik saatlar\u0131nda havalar\u0131n ya\u011f\u0131\u015fl\u0131 v\u0259 \u00e7iskinli olmas\u0131, s\u0259h\u0259r havan\u0131n gec i\u015f\u0131qlanmas\u0131&hellip;","_links":{"self":[{"href":"https:\/\/arantv.az\/index.php?rest_route=\/wp\/v2\/posts\/105194"}],"collection":[{"href":"https:\/\/arantv.az\/index.php?rest_route=\/wp\/v2\/posts"}],"about":[{"href":"https:\/\/arantv.az\/index.php?rest_route=\/wp\/v2\/types\/post"}],"author":[{"embeddable":true,"href":"https:\/\/arantv.az\/index.php?rest_route=\/wp\/v2\/users\/2"}],"replies":[{"embeddable":true,"href":"https:\/\/arantv.az\/index.php?rest_route=%2Fwp%2Fv2%2Fcomments&post=105194"}],"version-history":[{"count":0,"href":"https:\/\/arantv.az\/index.php?rest_route=\/wp\/v2\/posts\/105194\/revisions"}],"wp:featuredmedia":[{"embeddable":true,"href":"https:\/\/arantv.az\/index.php?rest_route=\/wp\/v2\/media\/105195"}],"wp:attachment":[{"href":"https:\/\/arantv.az\/index.php?rest_route=%2Fwp%2Fv2%2Fmedia&parent=105194"}],"wp:term":[{"taxonomy":"category","embeddable":true,"href":"https:\/\/arantv.az\/index.php?rest_route=%2Fwp%2Fv2%2Fcategories&post=105194"},{"taxonomy":"post_tag","embeddable":true,"href":"https:\/\/arantv.az\/index.php?rest_route=%2Fwp%2Fv2%2Ftags&post=105194"}],"curies":[{"name":"wp","href":"https:\/\/api.w.org\/{rel}","templated":true}]}}