{"id":105198,"date":"2019-12-09T11:36:22","date_gmt":"2019-12-09T08:36:22","guid":{"rendered":"http:\/\/arantv.az\/?p=105198"},"modified":"2019-12-09T11:36:22","modified_gmt":"2019-12-09T08:36:22","slug":"bakinin-yeni-bas-planinin-b%c9%99zi-detallari-aciqlanib","status":"publish","type":"post","link":"https:\/\/arantv.az\/?p=105198","title":{"rendered":"Bak\u0131n\u0131n yeni Ba\u015f Plan\u0131n\u0131n b\u0259zi detallar\u0131 a\u00e7\u0131qlan\u0131b"},"content":{"rendered":"<p>&#8220;Yarad\u0131c\u0131 s\u0259nayel\u0259rin inki\u015faf etdirilm\u0259si \u00fc\u00e7\u00fcn \u015f\u0259h\u0259rl\u0259rin planla\u015fd\u0131r\u0131lmas\u0131nda yeni yana\u015fma t\u0259l\u0259b olunur&#8221;.<\/p>\n<p><strong>ARANTV.AZ\u00a0<\/strong><a href=\"https:\/\/az.trend.az\/\" target=\"_blank\" rel=\"noopener\">Trend<\/a>-\u0259 istinad\u0259n x\u0259b\u0259r verir ki, bunu &#8220;Yarad\u0131c\u0131 s\u0259nayel\u0259r: dayan\u0131ql\u0131 inki\u015faf v\u0259 m\u0259\u015f\u011fulluq \u00fc\u00e7\u00fcn yeni imkanlar&#8221; Nazirl\u0259r panelind\u0259 \u00e7\u0131x\u0131\u015f ed\u0259n D\u00f6vl\u0259t \u015e\u0259h\u0259rsalma v\u0259 Arxitektura Komit\u0259sinin s\u0259drinin birinci m\u00fcavini Anar Quliyev bildirib.<\/p>\n<p>Onun s\u00f6zl\u0259rin\u0259 g\u00f6r\u0259, d\u00fcnya \u0259halisinin yar\u0131dan \u00e7oxu \u015f\u0259h\u0259rl\u0259rd\u0259 ya\u015fay\u0131r: &#8220;21-ci \u0259srin ortalar\u0131nda \u015f\u0259h\u0259rl\u0259rd\u0259 ya\u015fayanlar\u0131n faizi 60, h\u0259tta 80-\u0259 \u00e7ata bil\u0259r. Bu is\u0259 \u015f\u0259h\u0259rl\u0259r qar\u015f\u0131s\u0131nda yeni \u00e7a\u011f\u0131r\u0131\u015flar qoyur. \u018fsas \u00e7a\u011f\u0131r\u0131\u015f is\u0259 \u015f\u0259h\u0259rl\u0259rin infrastrukturunun m\u00fcasir t\u0259l\u0259bl\u0259r\u0259 uy\u011funla\u015fd\u0131r\u0131lmas\u0131d\u0131r&#8221;.<\/p>\n<p>A.Quliyev deyib ki, Bak\u0131 \u015f\u0259h\u0259rinin bundan sonrak\u0131 inki\u015faf\u0131n\u0131 planl\u0131 \u015f\u0259kild\u0259 aparmaq laz\u0131md\u0131r. Buna g\u00f6r\u0259 d\u0259 Bak\u0131n\u0131n ba\u015f plan\u0131 \u00fcz\u0259rind\u0259 i\u015f\u0259 ba\u015flan\u0131l\u0131b.<\/p>\n<p>Komit\u0259 r\u0259smisi qeyd edib ki, davaml\u0131 inki\u015faf\u0131n t\u0259min edilm\u0259si \u00fc\u00e7\u00fcn Bak\u0131n\u0131n \u0259razil\u0259rind\u0259n s\u0259m\u0259r\u0259li istifad\u0259 olunmal\u0131d\u0131r. Bak\u0131n\u0131n Ba\u015f plan\u0131n\u0131n planla\u015fd\u0131r\u0131lmas\u0131nda \u00e7oxm\u0259rk\u0259zli yana\u015fma t\u0259tbiq edilm\u0259lidir: &#8220;Bu g\u00fcn Bak\u0131n\u0131n t\u0259k m\u0259rk\u0259zi var. Bu da yaranan \u00e7\u0259tinlikl\u0259rd\u0259n biridir. Dig\u0259r prioritet istiqam\u0259t milli m\u0259d\u0259ni irsin qorunmas\u0131 v\u0259 g\u0259l\u0259c\u0259k inki\u015faf\u0131n bu memarl\u0131q irsinin n\u0259z\u0259r\u0259 al\u0131naraq t\u0259min edilm\u0259sidir. Dig\u0259r prioritet istiqam\u0259t \u015f\u0259h\u0259r iqtisadiyyat\u0131n\u0131n posts\u0259naye d\u00f6vr\u00fcn\u0259 m\u0259rh\u0259l\u0259li ke\u00e7idini t\u0259min etm\u0259kdir&#8221;.<\/p>\n","protected":false},"excerpt":{"rendered":"<p>&#8220;Yarad\u0131c\u0131 s\u0259nayel\u0259rin inki\u015faf etdirilm\u0259si \u00fc\u00e7\u00fcn \u015f\u0259h\u0259rl\u0259rin planla\u015fd\u0131r\u0131lmas\u0131nda yeni yana\u015fma t\u0259l\u0259b olunur&#8221;. ARANTV.AZ\u00a0Trend-\u0259 istinad\u0259n x\u0259b\u0259r verir ki, bunu &#8220;Yarad\u0131c\u0131 s\u0259nayel\u0259r: dayan\u0131ql\u0131 inki\u015faf v\u0259 m\u0259\u015f\u011fulluq \u00fc\u00e7\u00fcn yeni imkanlar&#8221; Nazirl\u0259r panelind\u0259 \u00e7\u0131x\u0131\u015f ed\u0259n D\u00f6vl\u0259t \u015e\u0259h\u0259rsalma v\u0259 Arxitektura Komit\u0259sinin s\u0259drinin birinci m\u00fcavini Anar Quliyev bildirib. Onun s\u00f6zl\u0259rin\u0259 g\u00f6r\u0259, d\u00fcnya \u0259halisinin yar\u0131dan \u00e7oxu \u015f\u0259h\u0259rl\u0259rd\u0259 ya\u015fay\u0131r: &#8220;21-ci \u0259srin ortalar\u0131nda \u015f\u0259h\u0259rl\u0259rd\u0259 ya\u015fayanlar\u0131n faizi 60, h\u0259tta 80-\u0259 \u00e7ata bil\u0259r. Bu is\u0259 \u015f\u0259h\u0259rl\u0259r qar\u015f\u0131s\u0131nda yeni \u00e7a\u011f\u0131r\u0131\u015flar qoyur. \u018fsas \u00e7a\u011f\u0131r\u0131\u015f is\u0259 \u015f\u0259h\u0259rl\u0259rin infrastrukturunun m\u00fcasir t\u0259l\u0259bl\u0259r\u0259 uy\u011funla\u015fd\u0131r\u0131lmas\u0131d\u0131r&#8221;. A.Quliyev deyib ki, Bak\u0131 \u015f\u0259h\u0259rinin bundan sonrak\u0131 inki\u015faf\u0131n\u0131 planl\u0131 \u015f\u0259kild\u0259 aparmaq laz\u0131md\u0131r. Buna g\u00f6r\u0259&hellip;<\/p>\n","protected":false},"author":2,"featured_media":105199,"comment_status":"closed","ping_status":"closed","sticky":false,"template":"","format":"standard","meta":{"om_disable_all_campaigns":false,"_monsterinsights_skip_tracking":false,"_monsterinsights_sitenote_active":false,"_monsterinsights_sitenote_note":"","_monsterinsights_sitenote_category":0},"categories":[1],"tags":[],"aioseo_notices":[],"gutentor_comment":0,"rttpg_featured_image_url":{"full":["https:\/\/arantv.az\/wp-content\/uploads\/2019\/12\/808920.jpg",800,600,false],"landscape":["https:\/\/arantv.az\/wp-content\/uploads\/2019\/12\/808920.jpg",800,600,false],"portraits":["https:\/\/arantv.az\/wp-content\/uploads\/2019\/12\/808920.jpg",800,600,false],"thumbnail":["https:\/\/arantv.az\/wp-content\/uploads\/2019\/12\/808920-150x150.jpg",150,150,true],"medium":["https:\/\/arantv.az\/wp-content\/uploads\/2019\/12\/808920-300x225.jpg",300,225,true],"large":["https:\/\/arantv.az\/wp-content\/uploads\/2019\/12\/808920.jpg",640,480,false],"1536x1536":["https:\/\/arantv.az\/wp-content\/uploads\/2019\/12\/808920.jpg",800,600,false],"2048x2048":["https:\/\/arantv.az\/wp-content\/uploads\/2019\/12\/808920.jpg",800,600,false],"post-thumbnail":["https:\/\/arantv.az\/wp-content\/uploads\/2019\/12\/808920-240x172.jpg",240,172,true],"advps-thumb-one":["https:\/\/arantv.az\/wp-content\/uploads\/2019\/12\/808920.jpg",800,600,false]},"rttpg_author":{"display_name":"V\u00fcsal Rafiqo\u011flu","author_link":"https:\/\/arantv.az\/?author=2"},"rttpg_comment":0,"rttpg_category":"<a href=\"https:\/\/arantv.az\/?cat=1\" rel=\"category\">C\u0259miyy\u0259t<\/a>","rttpg_excerpt":"&#8220;Yarad\u0131c\u0131 s\u0259nayel\u0259rin inki\u015faf etdirilm\u0259si \u00fc\u00e7\u00fcn \u015f\u0259h\u0259rl\u0259rin planla\u015fd\u0131r\u0131lmas\u0131nda yeni yana\u015fma t\u0259l\u0259b olunur&#8221;. ARANTV.AZ\u00a0Trend-\u0259 istinad\u0259n x\u0259b\u0259r verir ki, bunu &#8220;Yarad\u0131c\u0131 s\u0259nayel\u0259r: dayan\u0131ql\u0131 inki\u015faf v\u0259 m\u0259\u015f\u011fulluq \u00fc\u00e7\u00fcn yeni imkanlar&#8221; Nazirl\u0259r panelind\u0259 \u00e7\u0131x\u0131\u015f ed\u0259n D\u00f6vl\u0259t \u015e\u0259h\u0259rsalma v\u0259 Arxitektura Komit\u0259sinin s\u0259drinin birinci m\u00fcavini Anar Quliyev bildirib. Onun s\u00f6zl\u0259rin\u0259 g\u00f6r\u0259, d\u00fcnya \u0259halisinin yar\u0131dan \u00e7oxu \u015f\u0259h\u0259rl\u0259rd\u0259 ya\u015fay\u0131r: &#8220;21-ci \u0259srin ortalar\u0131nda \u015f\u0259h\u0259rl\u0259rd\u0259 ya\u015fayanlar\u0131n&hellip;","_links":{"self":[{"href":"https:\/\/arantv.az\/index.php?rest_route=\/wp\/v2\/posts\/105198"}],"collection":[{"href":"https:\/\/arantv.az\/index.php?rest_route=\/wp\/v2\/posts"}],"about":[{"href":"https:\/\/arantv.az\/index.php?rest_route=\/wp\/v2\/types\/post"}],"author":[{"embeddable":true,"href":"https:\/\/arantv.az\/index.php?rest_route=\/wp\/v2\/users\/2"}],"replies":[{"embeddable":true,"href":"https:\/\/arantv.az\/index.php?rest_route=%2Fwp%2Fv2%2Fcomments&post=105198"}],"version-history":[{"count":0,"href":"https:\/\/arantv.az\/index.php?rest_route=\/wp\/v2\/posts\/105198\/revisions"}],"wp:featuredmedia":[{"embeddable":true,"href":"https:\/\/arantv.az\/index.php?rest_route=\/wp\/v2\/media\/105199"}],"wp:attachment":[{"href":"https:\/\/arantv.az\/index.php?rest_route=%2Fwp%2Fv2%2Fmedia&parent=105198"}],"wp:term":[{"taxonomy":"category","embeddable":true,"href":"https:\/\/arantv.az\/index.php?rest_route=%2Fwp%2Fv2%2Fcategories&post=105198"},{"taxonomy":"post_tag","embeddable":true,"href":"https:\/\/arantv.az\/index.php?rest_route=%2Fwp%2Fv2%2Ftags&post=105198"}],"curies":[{"name":"wp","href":"https:\/\/api.w.org\/{rel}","templated":true}]}}