{"id":105210,"date":"2019-12-09T12:12:55","date_gmt":"2019-12-09T09:12:55","guid":{"rendered":"http:\/\/arantv.az\/?p=105210"},"modified":"2019-12-09T12:12:55","modified_gmt":"2019-12-09T09:12:55","slug":"11-d%c9%99r%c9%99c%c9%99-isti-olacaq","status":"publish","type":"post","link":"https:\/\/arantv.az\/?p=105210","title":{"rendered":"11 d\u0259r\u0259c\u0259 isti olacaq"},"content":{"rendered":"<p>Az\u0259rbaycanda sabaha g\u00f6zl\u0259nil\u0259n hava \u015f\u0259raiti a\u00e7\u0131qlan\u0131b.<\/p>\n<p>Ekologiya v\u0259 T\u0259bii S\u0259rv\u0259tl\u0259r Nazirliyinin Milli Hidrometeorologiya Departamentind\u0259n veril\u0259n m\u0259lumata g\u00f6r\u0259, Bak\u0131da v\u0259 Ab\u015feron yar\u0131madas\u0131nda dekabr\u0131n 10-da buludlu hava \u015f\u0259raitinin \u00fcst\u00fcnl\u00fck t\u0259\u015fkil ed\u0259c\u0259yi, ya\u011fmursuz ke\u00e7\u0259c\u0259yi g\u00f6zl\u0259nilir.<\/p>\n<p>Lakin gec\u0259 v\u0259 s\u0259h\u0259r b\u0259zi yerl\u0259rd\u0259 \u00e7iskinli olaca\u011f\u0131, ax\u015fam is\u0259 ya\u011f\u0131\u015f ya\u011faca\u011f\u0131 ehtimal\u0131 var. M\u00fclayim \u015fimal-q\u0259rb k\u00fcl\u0259yi g\u00fcn\u00fcn ikinci yar\u0131s\u0131nda \u015fimal-\u015f\u0259rq k\u00fcl\u0259yi il\u0259 \u0259v\u0259z olunacaq.<\/p>\n<p>Havan\u0131n temperaturu Bak\u0131da v\u0259 Ab\u015feron yar\u0131madas\u0131nda gec\u0259 4-6, g\u00fcnd\u00fcz 9-11 d\u0259r\u0259c\u0259 isti t\u0259\u015fkil ed\u0259c\u0259k.<\/p>\n<p>Atmosfer t\u0259zyiqi normadan y\u00fcks\u0259k 767 mm civ\u0259 s\u00fctunu, nisbi r\u00fctub\u0259t 70-80 faiz olacaq.<\/p>\n<p>Az\u0259rbaycan\u0131n rayonlar\u0131nda hava ya\u011fmursuz ke\u00e7\u0259c\u0259k. Lakin gec\u0259 v\u0259 s\u0259h\u0259r b\u0259zi \u015f\u0259rq rayonlar\u0131nda ya\u011f\u0131\u015f ya\u011faca\u011f\u0131 g\u00f6zl\u0259nilir. Ayr\u0131-ayr\u0131 yerl\u0259rd\u0259 duman olacaq. Q\u0259rb k\u00fcl\u0259yi \u0259s\u0259c\u0259k.<\/p>\n<p>Havan\u0131n temperaturu gec\u0259 3-7, g\u00fcnd\u00fcz 9-13 d\u0259r\u0259c\u0259 isti, da\u011flarda gec\u0259 3 d\u0259r\u0259c\u0259 \u015faxtadan 2 d\u0259r\u0259c\u0259y\u0259d\u0259k isti, g\u00fcnd\u00fcz 2-6 d\u0259r\u0259c\u0259 isti olacaq.<\/p>\n<p>Tibbi-meteoroloji proqnoza g\u0259linc\u0259, Ab\u015feron yar\u0131madas\u0131nda\u00a0t\u0259miz v\u0259 oksigenl\u0259 z\u0259ngin havan\u0131n \u00fcst\u00fcnl\u00fcy\u00fc g\u00f6zl\u0259nilir ki, bu da meteoh\u0259ssas insanlar \u00fc\u00e7\u00fcn m\u00fcsb\u0259t amildir.<\/p>\n","protected":false},"excerpt":{"rendered":"<p>Az\u0259rbaycanda sabaha g\u00f6zl\u0259nil\u0259n hava \u015f\u0259raiti a\u00e7\u0131qlan\u0131b. Ekologiya v\u0259 T\u0259bii S\u0259rv\u0259tl\u0259r Nazirliyinin Milli Hidrometeorologiya Departamentind\u0259n veril\u0259n m\u0259lumata g\u00f6r\u0259, Bak\u0131da v\u0259 Ab\u015feron yar\u0131madas\u0131nda dekabr\u0131n 10-da buludlu hava \u015f\u0259raitinin \u00fcst\u00fcnl\u00fck t\u0259\u015fkil ed\u0259c\u0259yi, ya\u011fmursuz ke\u00e7\u0259c\u0259yi g\u00f6zl\u0259nilir. Lakin gec\u0259 v\u0259 s\u0259h\u0259r b\u0259zi yerl\u0259rd\u0259 \u00e7iskinli olaca\u011f\u0131, ax\u015fam is\u0259 ya\u011f\u0131\u015f ya\u011faca\u011f\u0131 ehtimal\u0131 var. M\u00fclayim \u015fimal-q\u0259rb k\u00fcl\u0259yi g\u00fcn\u00fcn ikinci yar\u0131s\u0131nda \u015fimal-\u015f\u0259rq k\u00fcl\u0259yi il\u0259 \u0259v\u0259z olunacaq. Havan\u0131n temperaturu Bak\u0131da v\u0259 Ab\u015feron yar\u0131madas\u0131nda gec\u0259 4-6, g\u00fcnd\u00fcz 9-11 d\u0259r\u0259c\u0259 isti t\u0259\u015fkil ed\u0259c\u0259k. Atmosfer t\u0259zyiqi normadan y\u00fcks\u0259k 767 mm civ\u0259 s\u00fctunu, nisbi r\u00fctub\u0259t 70-80 faiz olacaq. Az\u0259rbaycan\u0131n rayonlar\u0131nda hava ya\u011fmursuz ke\u00e7\u0259c\u0259k. Lakin&hellip;<\/p>\n","protected":false},"author":2,"featured_media":105211,"comment_status":"closed","ping_status":"closed","sticky":false,"template":"","format":"standard","meta":{"om_disable_all_campaigns":false,"_monsterinsights_skip_tracking":false,"_monsterinsights_sitenote_active":false,"_monsterinsights_sitenote_note":"","_monsterinsights_sitenote_category":0},"categories":[22],"tags":[],"aioseo_notices":[],"gutentor_comment":0,"rttpg_featured_image_url":{"full":["https:\/\/arantv.az\/wp-content\/uploads\/2019\/12\/FotoJet-4.jpg",620,449,false],"landscape":["https:\/\/arantv.az\/wp-content\/uploads\/2019\/12\/FotoJet-4.jpg",620,449,false],"portraits":["https:\/\/arantv.az\/wp-content\/uploads\/2019\/12\/FotoJet-4.jpg",620,449,false],"thumbnail":["https:\/\/arantv.az\/wp-content\/uploads\/2019\/12\/FotoJet-4-150x150.jpg",150,150,true],"medium":["https:\/\/arantv.az\/wp-content\/uploads\/2019\/12\/FotoJet-4-300x217.jpg",300,217,true],"large":["https:\/\/arantv.az\/wp-content\/uploads\/2019\/12\/FotoJet-4.jpg",620,449,false],"1536x1536":["https:\/\/arantv.az\/wp-content\/uploads\/2019\/12\/FotoJet-4.jpg",620,449,false],"2048x2048":["https:\/\/arantv.az\/wp-content\/uploads\/2019\/12\/FotoJet-4.jpg",620,449,false],"post-thumbnail":["https:\/\/arantv.az\/wp-content\/uploads\/2019\/12\/FotoJet-4-240x172.jpg",240,172,true],"advps-thumb-one":["https:\/\/arantv.az\/wp-content\/uploads\/2019\/12\/FotoJet-4.jpg",620,449,false]},"rttpg_author":{"display_name":"V\u00fcsal Rafiqo\u011flu","author_link":"https:\/\/arantv.az\/?author=2"},"rttpg_comment":0,"rttpg_category":"<a href=\"https:\/\/arantv.az\/?cat=22\" rel=\"category\">Hava<\/a>","rttpg_excerpt":"Az\u0259rbaycanda sabaha g\u00f6zl\u0259nil\u0259n hava \u015f\u0259raiti a\u00e7\u0131qlan\u0131b. Ekologiya v\u0259 T\u0259bii S\u0259rv\u0259tl\u0259r Nazirliyinin Milli Hidrometeorologiya Departamentind\u0259n veril\u0259n m\u0259lumata g\u00f6r\u0259, Bak\u0131da v\u0259 Ab\u015feron yar\u0131madas\u0131nda dekabr\u0131n 10-da buludlu hava \u015f\u0259raitinin \u00fcst\u00fcnl\u00fck t\u0259\u015fkil ed\u0259c\u0259yi, ya\u011fmursuz ke\u00e7\u0259c\u0259yi g\u00f6zl\u0259nilir. Lakin gec\u0259 v\u0259 s\u0259h\u0259r b\u0259zi yerl\u0259rd\u0259 \u00e7iskinli olaca\u011f\u0131, ax\u015fam is\u0259 ya\u011f\u0131\u015f ya\u011faca\u011f\u0131 ehtimal\u0131 var. M\u00fclayim \u015fimal-q\u0259rb k\u00fcl\u0259yi g\u00fcn\u00fcn ikinci yar\u0131s\u0131nda \u015fimal-\u015f\u0259rq k\u00fcl\u0259yi il\u0259&hellip;","_links":{"self":[{"href":"https:\/\/arantv.az\/index.php?rest_route=\/wp\/v2\/posts\/105210"}],"collection":[{"href":"https:\/\/arantv.az\/index.php?rest_route=\/wp\/v2\/posts"}],"about":[{"href":"https:\/\/arantv.az\/index.php?rest_route=\/wp\/v2\/types\/post"}],"author":[{"embeddable":true,"href":"https:\/\/arantv.az\/index.php?rest_route=\/wp\/v2\/users\/2"}],"replies":[{"embeddable":true,"href":"https:\/\/arantv.az\/index.php?rest_route=%2Fwp%2Fv2%2Fcomments&post=105210"}],"version-history":[{"count":0,"href":"https:\/\/arantv.az\/index.php?rest_route=\/wp\/v2\/posts\/105210\/revisions"}],"wp:featuredmedia":[{"embeddable":true,"href":"https:\/\/arantv.az\/index.php?rest_route=\/wp\/v2\/media\/105211"}],"wp:attachment":[{"href":"https:\/\/arantv.az\/index.php?rest_route=%2Fwp%2Fv2%2Fmedia&parent=105210"}],"wp:term":[{"taxonomy":"category","embeddable":true,"href":"https:\/\/arantv.az\/index.php?rest_route=%2Fwp%2Fv2%2Fcategories&post=105210"},{"taxonomy":"post_tag","embeddable":true,"href":"https:\/\/arantv.az\/index.php?rest_route=%2Fwp%2Fv2%2Ftags&post=105210"}],"curies":[{"name":"wp","href":"https:\/\/api.w.org\/{rel}","templated":true}]}}