{"id":105214,"date":"2019-12-09T12:13:53","date_gmt":"2019-12-09T09:13:53","guid":{"rendered":"http:\/\/arantv.az\/?p=105214"},"modified":"2019-12-09T12:13:53","modified_gmt":"2019-12-09T09:13:53","slug":"az%c9%99rbaycanin-mehriban-simasi-kitabi-oxuculara-t%c9%99qdim-olundu","status":"publish","type":"post","link":"https:\/\/arantv.az\/?p=105214","title":{"rendered":"\u201cAz\u0259rbaycan\u0131n Mehriban Simas\u0131\u201d kitab\u0131 oxuculara t\u0259qdim olundu"},"content":{"rendered":"<p>Dekabr ay\u0131n\u0131n 7-d\u0259 Atat\u00fcrk M\u0259rk\u0259zind\u0259 Az\u0259rbaycan\u0131n Vitse-prezidenti, Heyd\u0259r \u018fliyev Fondunun prezidenti Mehriban \u018fliyevaya h\u0259sr olunan yeni kitab\u0131n t\u0259qdimat m\u0259rasimi ke\u00e7irilib.<\/p>\n<p><strong>ARANTV.AZ\u00a0\u00a0<\/strong>x\u0259b\u0259r verir ki, \u201cAz\u0259rbaycan\u0131n Mehriban Simas\u0131\u201d adlanan kitab\u0131n m\u00fc\u0259llifi siyasi elml\u0259r doktoru, professor, YAP Siyasi \u015euras\u0131n\u0131n \u00fczv\u00fc Vaqif Abdullayevdir.<\/p>\n<p>T\u0259qdimat m\u0259rasimind\u0259 bir s\u0131ra elm adamlar\u0131, ictimai-siyasi xadiml\u0259r, mill\u0259t v\u0259kill\u0259ri, YAP Siyasi \u015euras\u0131n\u0131n \u00fczvl\u0259ri v\u0259 tan\u0131nm\u0131\u015f jurnalistl\u0259r v\u0259 dig\u0259rl\u0259ri i\u015ftirak edibl\u0259r.<\/p>\n<p>Atat\u00fcrk M\u0259rk\u0259zinin r\u0259hb\u0259ri, Az\u0259rbaycan MEA-n\u0131n h\u0259qiqi \u00fczv\u00fc, akademik Nizami C\u0259f\u0259rov kitabda \u00f6lk\u0259si \u00fc\u00e7\u00fcn g\u00f6rd\u00fcy\u00fc i\u015fl\u0259r, Az\u0259rbaycan d\u00f6vl\u0259t\u00e7iliyin\u0259 ruhu il\u0259 ba\u011fl\u0131 olan bir \u015f\u0259xsiyy\u0259tin, c\u0259miyy\u0259tin s\u0259sin\u0259 s\u0259s ver\u0259n, h\u0259r zaman xalq\u0131n\u0131n yan\u0131nda olan Az\u0259rbaycan\u0131n Birinci vitse-Prezidenti Mehriban \u018fliyeva haqq\u0131nda yaz\u0131lan fikirl\u0259ri y\u00fcks\u0259k qiym\u0259tl\u0259ndirib.<\/p>\n<p>Az\u0259rbaycan\u0131n Birinci vitse-Prezidenti Mehriban \u018fliyeva haqq\u0131nda yaz\u0131lm\u0131\u015f bu fundamental \u0259s\u0259r be\u015f f\u0259sild\u0259n ibar\u0259tdir. Kitabda Mehriban \u018fliyeva Az\u0259rbaycan qad\u0131n\u0131n\u0131n m\u00fcasir obraz\u0131, M\u0259d\u0259niyy\u0259t Diplomatiyas\u0131: \u0130ctimai Missiyan\u0131n U\u011fur Salnam\u0259si, S\u00fclh Car\u00e7\u0131s\u0131: Milli v\u0259 B\u0259\u015f\u0259ri \u0130deallar\u0131n Ham\u0131s\u0131, Heyd\u0259r \u018fliyev Fondu Az\u0259rbaycan\u0131n z\u0259ngin milli-maddi s\u0259rv\u0259ti, Mehriban \u018fliyevan\u0131n \u0130ctimai-siyasi portretinin \u0259sas cizgil\u0259ri istiqam\u0259tind\u0259 q\u0259l\u0259m\u0259 al\u0131nan m\u0259qal\u0259l\u0259r, ictimai-siyasi motivli yaz\u0131lar\u00a0yer al\u0131b.<\/p>\n<p>M\u00fc\u0259llif kitabda Mehriban \u018fliyevan\u0131n Az\u0259rbaycan m\u0259d\u0259niyy\u0259ti tarixinin n\u00fcmun\u0259l\u0259rini b\u00fct\u00fcn d\u00fcnyaya \u00e7atd\u0131rmas\u0131n\u0131, el\u0259c\u0259 d\u0259, elm, t\u0259hsil, m\u0259d\u0259niyy\u0259t v\u0259 idman sah\u0259l\u0259rinin inki\u015faf\u0131na y\u00f6n\u0259lmi\u015f f\u0259aliyy\u0259tinin \u00f6lk\u0259d\u0259 ki, quruculuq prosesl\u0259rin\u0259 m\u00fcsb\u0259t t\u0259sirind\u0259n s\u00f6z a\u00e7\u0131b. B\u00fct\u00fcn bunlar \u201cAz\u0259rbaycan\u0131n Mehriban Simas\u0131\u201d adl\u0131 kitab\u0131nda ciddi elmi \u0259saslar v\u0259 faktlarla \u0259ks olunub.<\/p>\n<p>Az\u0259rbaycan qad\u0131nlar\u0131 \u00fc\u00e7\u00fcn g\u00f6z\u0259l n\u00fcmun\u0259 olan Mehriban \u018fliyeva \u00f6lk\u0259 daxilind\u0259 v\u0259 xaricind\u0259 ke\u00e7irdiyi g\u00f6r\u00fc\u015fl\u0259rd\u0259 Az\u0259rbaycan haqq\u0131nda \u00e7\u0131x\u0131\u015flar\u0131, apard\u0131\u011f\u0131 fikir m\u00fcbadil\u0259l\u0259ri il\u0259 \u00f6z\u00fcn\u00fcn d\u0259rin biliy\u0259, geni\u015f erudisiyaya malik oldu\u011funu y\u00fcks\u0259k s\u0259viyy\u0259d\u0259 n\u00fcmayi\u015f etdirib.<\/p>\n<p>T\u0259dimat zaman\u0131 qonaqlar kitab bar\u0259d\u0259 \u00f6z fikirl\u0259rini ifad\u0259 edib, m\u00fc\u0259llifi t\u0259brik edibl\u0259r.<\/p>\n<p>Qeyd ed\u0259k ki, \u201cAz\u0259rbaycan\u0131n Mehriban Simas\u0131\u201d adl\u0131 kitab\u0131n yax\u0131n g\u0259l\u0259c\u0259kd\u0259 bir ne\u00e7\u0259 xarici dill\u0259r\u0259 t\u0259rc\u00fcm\u0259 edilm\u0259si d\u0259 n\u0259z\u0259rd\u0259 tutulub. M\u00fc\u0259llifin s\u00f6zl\u0259rin\u0259 g\u00f6r\u0259, art\u0131q bu istiqam\u0259td\u0259 i\u015fl\u0259r\u0259 ba\u015flan\u0131l\u0131b.Oxu.Az<\/p>\n","protected":false},"excerpt":{"rendered":"<p>Dekabr ay\u0131n\u0131n 7-d\u0259 Atat\u00fcrk M\u0259rk\u0259zind\u0259 Az\u0259rbaycan\u0131n Vitse-prezidenti, Heyd\u0259r \u018fliyev Fondunun prezidenti Mehriban \u018fliyevaya h\u0259sr olunan yeni kitab\u0131n t\u0259qdimat m\u0259rasimi ke\u00e7irilib. ARANTV.AZ\u00a0\u00a0x\u0259b\u0259r verir ki, \u201cAz\u0259rbaycan\u0131n Mehriban Simas\u0131\u201d adlanan kitab\u0131n m\u00fc\u0259llifi siyasi elml\u0259r doktoru, professor, YAP Siyasi \u015euras\u0131n\u0131n \u00fczv\u00fc Vaqif Abdullayevdir. T\u0259qdimat m\u0259rasimind\u0259 bir s\u0131ra elm adamlar\u0131, ictimai-siyasi xadiml\u0259r, mill\u0259t v\u0259kill\u0259ri, YAP Siyasi \u015euras\u0131n\u0131n \u00fczvl\u0259ri v\u0259 tan\u0131nm\u0131\u015f jurnalistl\u0259r v\u0259 dig\u0259rl\u0259ri i\u015ftirak edibl\u0259r. Atat\u00fcrk M\u0259rk\u0259zinin r\u0259hb\u0259ri, Az\u0259rbaycan MEA-n\u0131n h\u0259qiqi \u00fczv\u00fc, akademik Nizami C\u0259f\u0259rov kitabda \u00f6lk\u0259si \u00fc\u00e7\u00fcn g\u00f6rd\u00fcy\u00fc i\u015fl\u0259r, Az\u0259rbaycan d\u00f6vl\u0259t\u00e7iliyin\u0259 ruhu il\u0259 ba\u011fl\u0131 olan bir \u015f\u0259xsiyy\u0259tin, c\u0259miyy\u0259tin s\u0259sin\u0259 s\u0259s ver\u0259n, h\u0259r zaman xalq\u0131n\u0131n&hellip;<\/p>\n","protected":false},"author":2,"featured_media":105215,"comment_status":"closed","ping_status":"closed","sticky":false,"template":"","format":"standard","meta":{"om_disable_all_campaigns":false,"_monsterinsights_skip_tracking":false,"_monsterinsights_sitenote_active":false,"_monsterinsights_sitenote_note":"","_monsterinsights_sitenote_category":0},"categories":[4],"tags":[],"aioseo_notices":[],"gutentor_comment":0,"rttpg_featured_image_url":{"full":["https:\/\/arantv.az\/wp-content\/uploads\/2019\/12\/DSC_5393.jpg",620,411,false],"landscape":["https:\/\/arantv.az\/wp-content\/uploads\/2019\/12\/DSC_5393.jpg",620,411,false],"portraits":["https:\/\/arantv.az\/wp-content\/uploads\/2019\/12\/DSC_5393.jpg",620,411,false],"thumbnail":["https:\/\/arantv.az\/wp-content\/uploads\/2019\/12\/DSC_5393-150x150.jpg",150,150,true],"medium":["https:\/\/arantv.az\/wp-content\/uploads\/2019\/12\/DSC_5393-300x199.jpg",300,199,true],"large":["https:\/\/arantv.az\/wp-content\/uploads\/2019\/12\/DSC_5393.jpg",620,411,false],"1536x1536":["https:\/\/arantv.az\/wp-content\/uploads\/2019\/12\/DSC_5393.jpg",620,411,false],"2048x2048":["https:\/\/arantv.az\/wp-content\/uploads\/2019\/12\/DSC_5393.jpg",620,411,false],"post-thumbnail":["https:\/\/arantv.az\/wp-content\/uploads\/2019\/12\/DSC_5393-240x172.jpg",240,172,true],"advps-thumb-one":["https:\/\/arantv.az\/wp-content\/uploads\/2019\/12\/DSC_5393.jpg",620,411,false]},"rttpg_author":{"display_name":"V\u00fcsal Rafiqo\u011flu","author_link":"https:\/\/arantv.az\/?author=2"},"rttpg_comment":0,"rttpg_category":"<a href=\"https:\/\/arantv.az\/?cat=4\" rel=\"category\">Siyas\u0259t<\/a>","rttpg_excerpt":"Dekabr ay\u0131n\u0131n 7-d\u0259 Atat\u00fcrk M\u0259rk\u0259zind\u0259 Az\u0259rbaycan\u0131n Vitse-prezidenti, Heyd\u0259r \u018fliyev Fondunun prezidenti Mehriban \u018fliyevaya h\u0259sr olunan yeni kitab\u0131n t\u0259qdimat m\u0259rasimi ke\u00e7irilib. ARANTV.AZ\u00a0\u00a0x\u0259b\u0259r verir ki, \u201cAz\u0259rbaycan\u0131n Mehriban Simas\u0131\u201d adlanan kitab\u0131n m\u00fc\u0259llifi siyasi elml\u0259r doktoru, professor, YAP Siyasi \u015euras\u0131n\u0131n \u00fczv\u00fc Vaqif Abdullayevdir. T\u0259qdimat m\u0259rasimind\u0259 bir s\u0131ra elm adamlar\u0131, ictimai-siyasi xadiml\u0259r, mill\u0259t v\u0259kill\u0259ri, YAP Siyasi \u015euras\u0131n\u0131n \u00fczvl\u0259ri v\u0259 tan\u0131nm\u0131\u015f&hellip;","_links":{"self":[{"href":"https:\/\/arantv.az\/index.php?rest_route=\/wp\/v2\/posts\/105214"}],"collection":[{"href":"https:\/\/arantv.az\/index.php?rest_route=\/wp\/v2\/posts"}],"about":[{"href":"https:\/\/arantv.az\/index.php?rest_route=\/wp\/v2\/types\/post"}],"author":[{"embeddable":true,"href":"https:\/\/arantv.az\/index.php?rest_route=\/wp\/v2\/users\/2"}],"replies":[{"embeddable":true,"href":"https:\/\/arantv.az\/index.php?rest_route=%2Fwp%2Fv2%2Fcomments&post=105214"}],"version-history":[{"count":0,"href":"https:\/\/arantv.az\/index.php?rest_route=\/wp\/v2\/posts\/105214\/revisions"}],"wp:featuredmedia":[{"embeddable":true,"href":"https:\/\/arantv.az\/index.php?rest_route=\/wp\/v2\/media\/105215"}],"wp:attachment":[{"href":"https:\/\/arantv.az\/index.php?rest_route=%2Fwp%2Fv2%2Fmedia&parent=105214"}],"wp:term":[{"taxonomy":"category","embeddable":true,"href":"https:\/\/arantv.az\/index.php?rest_route=%2Fwp%2Fv2%2Fcategories&post=105214"},{"taxonomy":"post_tag","embeddable":true,"href":"https:\/\/arantv.az\/index.php?rest_route=%2Fwp%2Fv2%2Ftags&post=105214"}],"curies":[{"name":"wp","href":"https:\/\/api.w.org\/{rel}","templated":true}]}}