{"id":105218,"date":"2019-12-09T12:15:39","date_gmt":"2019-12-09T09:15:39","guid":{"rendered":"http:\/\/arantv.az\/?p=105218"},"modified":"2019-12-09T12:15:39","modified_gmt":"2019-12-09T09:15:39","slug":"din-d%c9%99n-bakida-ogey-ananin-azyaslilara-isg%c9%99nc%c9%99-verm%c9%99si-m%c9%99s%c9%99l%c9%99sin%c9%99-r%c9%99smi-reaksiya","status":"publish","type":"post","link":"https:\/\/arantv.az\/?p=105218","title":{"rendered":"D\u0130N-d\u0259n Bak\u0131da \u00f6gey anan\u0131n azya\u015fl\u0131lara i\u015fg\u0259nc\u0259 verm\u0259si m\u0259s\u0259l\u0259sin\u0259 &#8211; R\u018fSM\u0130 REAKS\u0130YA"},"content":{"rendered":"<p>Daxili \u0130\u015fl\u0259r Nazirliyi Az\u0259rbaycanda iki azya\u015fl\u0131 u\u015fa\u011f\u0131n valideynl\u0259ri t\u0259r\u0259find\u0259n i\u015fg\u0259nc\u0259l\u0259r\u0259 m\u0259ruz qalmas\u0131 il\u0259 ba\u011fl\u0131 yay\u0131lan m\u0259lumata m\u00fcnasib\u0259t bildirib.<\/p>\n<p>D\u0130N-in M\u0259tbuat Xidm\u0259tinin r\u0259is m\u00fcavini, polis polkovniki Orxan Mansurzad\u0259 Oxu.Az-\u0131n sor\u011fusuna cavab olaraq bildirib ki, A\u011fcab\u0259di sakini olan T\u0259rg\u00fcl \u0130brahimova D\u0130N-in \u201c102\u201d z\u0259ng xidm\u0259ti m\u0259rk\u0259zin\u0259 m\u00fcraci\u0259t ed\u0259r\u0259k, m\u0259rhum bac\u0131s\u0131n\u0131n paytaxt\u0131n Sabun\u00e7u rayonu Zabrat q\u0259s\u0259b\u0259sind\u0259 ya\u015fayan azya\u015fl\u0131 \u00f6vladlar\u0131 H\u00fcseyn v\u0259 Qulunun atalar\u0131 X\u0259qani \u018fkb\u0259rov v\u0259 \u00f6gey analar\u0131 Nuran\u0259 \u018fkb\u0259rova t\u0259r\u0259find\u0259n i\u015fg\u0259nc\u0259l\u0259r\u0259 m\u0259ruz qald\u0131\u011f\u0131n\u0131 bildirib:<\/p>\n<p>\u201cDaxil olan m\u0259lumat \u0259sas\u0131nda Sabun\u00e7u Rayon Polis \u0130dar\u0259sinin 15-ci Polis B\u00f6lm\u0259si t\u0259r\u0259find\u0259n ara\u015fd\u0131rma apar\u0131l\u0131b. T\u0259r\u0259fl\u0259rin izahatlar\u0131 al\u0131n\u0131b. H\u0259r iki azya\u015fl\u0131n\u0131n ald\u0131qlar\u0131 b\u0259d\u0259n x\u0259sar\u0259tl\u0259rinin a\u011f\u0131rl\u0131q d\u0259r\u0259c\u0259l\u0259rinin m\u00fc\u0259yy\u0259n edilm\u0259si m\u0259qs\u0259dil\u0259 m\u0259hk\u0259m\u0259-tibb ekspertizas\u0131 t\u0259yin olunub.<\/p>\n<p>M\u0259hk\u0259m\u0259-tibb ekspertizas\u0131n\u0131n r\u0259yl\u0259rind\u0259 azya\u015fl\u0131lar\u0131n m\u00fcxt\u0259lif vaxtlarda b\u0259d\u0259nl\u0259rinin bir s\u0131ra nahiy\u0259l\u0259rind\u0259n ald\u0131qlar\u0131 x\u0259sar\u0259tl\u0259rin sa\u011flaml\u0131\u011fa az a\u011f\u0131r v\u0259 y\u00fcng\u00fcl z\u0259r\u0259r vurmaya aid oldu\u011fu m\u00fc\u0259yy\u0259n edilib\u201d.<\/p>\n<p>\u201cX\u0259qani \u018fkb\u0259rov v\u0259 Nuran\u0259 \u018fkb\u0259rovan\u0131n birlikd\u0259 himay\u0259l\u0259rind\u0259 olan iki azya\u015fl\u0131ya m\u00fct\u0259madi olaraq \u0259zab verm\u0259kl\u0259 x\u0259sar\u0259t yetirm\u0259l\u0259ri fakt\u0131 \u00fczr\u0259 toplanm\u0131\u015f material cinay\u0259t i\u015finin ba\u015flanmas\u0131 m\u0259s\u0259l\u0259sin\u0259 bax\u0131lmas\u0131 \u00fc\u00e7\u00fcn Sabun\u00e7u Rayon Prokurorlu\u011funa g\u00f6nd\u0259rilib\u201d, &#8211; dey\u0259 D\u0130N r\u0259smisi qeyd edib.<\/p>\n<p>Qeyd ed\u0259k ki, sosial \u015f\u0259b\u0259k\u0259l\u0259rd\u0259 N.\u018fkb\u0259rovan\u0131n \u00f6gey \u00f6vladlar\u0131na i\u015fg\u0259nc\u0259 verm\u0259sin\u0259 dair m\u0259lumatlar yay\u0131l\u0131b.<\/p>\n","protected":false},"excerpt":{"rendered":"<p>Daxili \u0130\u015fl\u0259r Nazirliyi Az\u0259rbaycanda iki azya\u015fl\u0131 u\u015fa\u011f\u0131n valideynl\u0259ri t\u0259r\u0259find\u0259n i\u015fg\u0259nc\u0259l\u0259r\u0259 m\u0259ruz qalmas\u0131 il\u0259 ba\u011fl\u0131 yay\u0131lan m\u0259lumata m\u00fcnasib\u0259t bildirib. D\u0130N-in M\u0259tbuat Xidm\u0259tinin r\u0259is m\u00fcavini, polis polkovniki Orxan Mansurzad\u0259 Oxu.Az-\u0131n sor\u011fusuna cavab olaraq bildirib ki, A\u011fcab\u0259di sakini olan T\u0259rg\u00fcl \u0130brahimova D\u0130N-in \u201c102\u201d z\u0259ng xidm\u0259ti m\u0259rk\u0259zin\u0259 m\u00fcraci\u0259t ed\u0259r\u0259k, m\u0259rhum bac\u0131s\u0131n\u0131n paytaxt\u0131n Sabun\u00e7u rayonu Zabrat q\u0259s\u0259b\u0259sind\u0259 ya\u015fayan azya\u015fl\u0131 \u00f6vladlar\u0131 H\u00fcseyn v\u0259 Qulunun atalar\u0131 X\u0259qani \u018fkb\u0259rov v\u0259 \u00f6gey analar\u0131 Nuran\u0259 \u018fkb\u0259rova t\u0259r\u0259find\u0259n i\u015fg\u0259nc\u0259l\u0259r\u0259 m\u0259ruz qald\u0131\u011f\u0131n\u0131 bildirib: \u201cDaxil olan m\u0259lumat \u0259sas\u0131nda Sabun\u00e7u Rayon Polis \u0130dar\u0259sinin 15-ci Polis B\u00f6lm\u0259si t\u0259r\u0259find\u0259n ara\u015fd\u0131rma apar\u0131l\u0131b. T\u0259r\u0259fl\u0259rin izahatlar\u0131 al\u0131n\u0131b. H\u0259r iki&hellip;<\/p>\n","protected":false},"author":2,"featured_media":105219,"comment_status":"closed","ping_status":"closed","sticky":false,"template":"","format":"standard","meta":{"om_disable_all_campaigns":false,"_monsterinsights_skip_tracking":false,"_monsterinsights_sitenote_active":false,"_monsterinsights_sitenote_note":"","_monsterinsights_sitenote_category":0},"categories":[1],"tags":[],"aioseo_notices":[],"gutentor_comment":0,"rttpg_featured_image_url":{"full":["https:\/\/arantv.az\/wp-content\/uploads\/2019\/12\/usaq\u00c4\u00b1lar.jpg",620,389,false],"landscape":["https:\/\/arantv.az\/wp-content\/uploads\/2019\/12\/usaq\u00c4\u00b1lar.jpg",620,389,false],"portraits":["https:\/\/arantv.az\/wp-content\/uploads\/2019\/12\/usaq\u00c4\u00b1lar.jpg",620,389,false],"thumbnail":["https:\/\/arantv.az\/wp-content\/uploads\/2019\/12\/usaq\u00c4\u00b1lar-150x150.jpg",150,150,true],"medium":["https:\/\/arantv.az\/wp-content\/uploads\/2019\/12\/usaq\u00c4\u00b1lar-300x188.jpg",300,188,true],"large":["https:\/\/arantv.az\/wp-content\/uploads\/2019\/12\/usaq\u00c4\u00b1lar.jpg",620,389,false],"1536x1536":["https:\/\/arantv.az\/wp-content\/uploads\/2019\/12\/usaq\u00c4\u00b1lar.jpg",620,389,false],"2048x2048":["https:\/\/arantv.az\/wp-content\/uploads\/2019\/12\/usaq\u00c4\u00b1lar.jpg",620,389,false],"post-thumbnail":["https:\/\/arantv.az\/wp-content\/uploads\/2019\/12\/usaq\u00c4\u00b1lar-240x172.jpg",240,172,true],"advps-thumb-one":["https:\/\/arantv.az\/wp-content\/uploads\/2019\/12\/usaq\u00c4\u00b1lar.jpg",620,389,false]},"rttpg_author":{"display_name":"V\u00fcsal Rafiqo\u011flu","author_link":"https:\/\/arantv.az\/?author=2"},"rttpg_comment":0,"rttpg_category":"<a href=\"https:\/\/arantv.az\/?cat=1\" rel=\"category\">C\u0259miyy\u0259t<\/a>","rttpg_excerpt":"Daxili \u0130\u015fl\u0259r Nazirliyi Az\u0259rbaycanda iki azya\u015fl\u0131 u\u015fa\u011f\u0131n valideynl\u0259ri t\u0259r\u0259find\u0259n i\u015fg\u0259nc\u0259l\u0259r\u0259 m\u0259ruz qalmas\u0131 il\u0259 ba\u011fl\u0131 yay\u0131lan m\u0259lumata m\u00fcnasib\u0259t bildirib. D\u0130N-in M\u0259tbuat Xidm\u0259tinin r\u0259is m\u00fcavini, polis polkovniki Orxan Mansurzad\u0259 Oxu.Az-\u0131n sor\u011fusuna cavab olaraq bildirib ki, A\u011fcab\u0259di sakini olan T\u0259rg\u00fcl \u0130brahimova D\u0130N-in \u201c102\u201d z\u0259ng xidm\u0259ti m\u0259rk\u0259zin\u0259 m\u00fcraci\u0259t ed\u0259r\u0259k, m\u0259rhum bac\u0131s\u0131n\u0131n paytaxt\u0131n Sabun\u00e7u rayonu Zabrat q\u0259s\u0259b\u0259sind\u0259 ya\u015fayan azya\u015fl\u0131 \u00f6vladlar\u0131&hellip;","_links":{"self":[{"href":"https:\/\/arantv.az\/index.php?rest_route=\/wp\/v2\/posts\/105218"}],"collection":[{"href":"https:\/\/arantv.az\/index.php?rest_route=\/wp\/v2\/posts"}],"about":[{"href":"https:\/\/arantv.az\/index.php?rest_route=\/wp\/v2\/types\/post"}],"author":[{"embeddable":true,"href":"https:\/\/arantv.az\/index.php?rest_route=\/wp\/v2\/users\/2"}],"replies":[{"embeddable":true,"href":"https:\/\/arantv.az\/index.php?rest_route=%2Fwp%2Fv2%2Fcomments&post=105218"}],"version-history":[{"count":0,"href":"https:\/\/arantv.az\/index.php?rest_route=\/wp\/v2\/posts\/105218\/revisions"}],"wp:featuredmedia":[{"embeddable":true,"href":"https:\/\/arantv.az\/index.php?rest_route=\/wp\/v2\/media\/105219"}],"wp:attachment":[{"href":"https:\/\/arantv.az\/index.php?rest_route=%2Fwp%2Fv2%2Fmedia&parent=105218"}],"wp:term":[{"taxonomy":"category","embeddable":true,"href":"https:\/\/arantv.az\/index.php?rest_route=%2Fwp%2Fv2%2Fcategories&post=105218"},{"taxonomy":"post_tag","embeddable":true,"href":"https:\/\/arantv.az\/index.php?rest_route=%2Fwp%2Fv2%2Ftags&post=105218"}],"curies":[{"name":"wp","href":"https:\/\/api.w.org\/{rel}","templated":true}]}}