{"id":105222,"date":"2019-12-09T12:16:39","date_gmt":"2019-12-09T09:16:39","guid":{"rendered":"http:\/\/arantv.az\/?p=105222"},"modified":"2019-12-09T12:16:39","modified_gmt":"2019-12-09T09:16:39","slug":"bu-%c9%99razil%c9%99rd%c9%99-isiq-olmayacaq-4","status":"publish","type":"post","link":"https:\/\/arantv.az\/?p=105222","title":{"rendered":"Bu \u0259razil\u0259rd\u0259 i\u015f\u0131q olmayacaq"},"content":{"rendered":"<p>Sabah bir s\u0131ra \u0259razil\u0259rd\u0259 elektrik enerjisinin verili\u015find\u0259 fasil\u0259l\u0259r olacaq.<\/p>\n<p><b>ARANTV.AZ\u00a0<\/b>x\u0259b\u0259r verir ki, bu bar\u0259d\u0259 \u201cAz\u0259ri\u015f\u0131q\u201d ASC\u00a0m\u0259lumat yay\u0131b.<\/p>\n<p>M\u0259lumatda qeyd olunub ki, Ab\u015feron rayonu Qobu v\u0259 Masaz\u0131r q\u0259s\u0259b\u0259l\u0259ri, Atyal\u0131 ya\u015fay\u0131\u015f sah\u0259si, X\u0131rdalan \u015f\u0259h\u0259ri Qu\u015f\u00e7uluq ya\u015fay\u0131\u015f massivi v\u0259 Bin\u0259q\u0259di rayonu 28 May q\u0259s\u0259b\u0259sind\u0259 dayan\u0131ql\u0131 v\u0259 keyfiyy\u0259tli elektrik enerjisi t\u0259chizat\u0131 il\u0259 \u0259laq\u0259dar olaraq 10\/6\/0.4 kv-luq EVX-l\u0259ri, TM, KTM-l\u0259rd\u0259\u00a0yenid\u0259nqurma\u00a0 i\u015fl\u0259ri davam etdirilir.<\/p>\n<p>G\u00f6r\u00fcl\u0259n i\u015fl\u0259rl\u0259 \u0259laq\u0259dar olaraq sabah ad\u0131\u00e7\u0259kil\u0259n \u0259razil\u0259rd\u0259 elektrik enerjisi t\u0259chizat\u0131nda q\u0131sam\u00fcdd\u0259tli n\u00f6vb\u0259li fasil\u0259l\u0259r yaranacaq.Oxu.Az<\/p>\n","protected":false},"excerpt":{"rendered":"<p>Sabah bir s\u0131ra \u0259razil\u0259rd\u0259 elektrik enerjisinin verili\u015find\u0259 fasil\u0259l\u0259r olacaq. ARANTV.AZ\u00a0x\u0259b\u0259r verir ki, bu bar\u0259d\u0259 \u201cAz\u0259ri\u015f\u0131q\u201d ASC\u00a0m\u0259lumat yay\u0131b. M\u0259lumatda qeyd olunub ki, Ab\u015feron rayonu Qobu v\u0259 Masaz\u0131r q\u0259s\u0259b\u0259l\u0259ri, Atyal\u0131 ya\u015fay\u0131\u015f sah\u0259si, X\u0131rdalan \u015f\u0259h\u0259ri Qu\u015f\u00e7uluq ya\u015fay\u0131\u015f massivi v\u0259 Bin\u0259q\u0259di rayonu 28 May q\u0259s\u0259b\u0259sind\u0259 dayan\u0131ql\u0131 v\u0259 keyfiyy\u0259tli elektrik enerjisi t\u0259chizat\u0131 il\u0259 \u0259laq\u0259dar olaraq 10\/6\/0.4 kv-luq EVX-l\u0259ri, TM, KTM-l\u0259rd\u0259\u00a0yenid\u0259nqurma\u00a0 i\u015fl\u0259ri davam etdirilir. G\u00f6r\u00fcl\u0259n i\u015fl\u0259rl\u0259 \u0259laq\u0259dar olaraq sabah ad\u0131\u00e7\u0259kil\u0259n \u0259razil\u0259rd\u0259 elektrik enerjisi t\u0259chizat\u0131nda q\u0131sam\u00fcdd\u0259tli n\u00f6vb\u0259li fasil\u0259l\u0259r yaranacaq.Oxu.Az<\/p>\n","protected":false},"author":2,"featured_media":105223,"comment_status":"closed","ping_status":"closed","sticky":false,"template":"","format":"standard","meta":{"om_disable_all_campaigns":false,"_monsterinsights_skip_tracking":false,"_monsterinsights_sitenote_active":false,"_monsterinsights_sitenote_note":"","_monsterinsights_sitenote_category":0},"categories":[1],"tags":[],"aioseo_notices":[],"gutentor_comment":0,"rttpg_featured_image_url":{"full":["https:\/\/arantv.az\/wp-content\/uploads\/2019\/12\/isiq.jpg",620,330,false],"landscape":["https:\/\/arantv.az\/wp-content\/uploads\/2019\/12\/isiq.jpg",620,330,false],"portraits":["https:\/\/arantv.az\/wp-content\/uploads\/2019\/12\/isiq.jpg",620,330,false],"thumbnail":["https:\/\/arantv.az\/wp-content\/uploads\/2019\/12\/isiq-150x150.jpg",150,150,true],"medium":["https:\/\/arantv.az\/wp-content\/uploads\/2019\/12\/isiq-300x160.jpg",300,160,true],"large":["https:\/\/arantv.az\/wp-content\/uploads\/2019\/12\/isiq.jpg",620,330,false],"1536x1536":["https:\/\/arantv.az\/wp-content\/uploads\/2019\/12\/isiq.jpg",620,330,false],"2048x2048":["https:\/\/arantv.az\/wp-content\/uploads\/2019\/12\/isiq.jpg",620,330,false],"post-thumbnail":["https:\/\/arantv.az\/wp-content\/uploads\/2019\/12\/isiq-240x172.jpg",240,172,true],"advps-thumb-one":["https:\/\/arantv.az\/wp-content\/uploads\/2019\/12\/isiq.jpg",620,330,false]},"rttpg_author":{"display_name":"V\u00fcsal Rafiqo\u011flu","author_link":"https:\/\/arantv.az\/?author=2"},"rttpg_comment":0,"rttpg_category":"<a href=\"https:\/\/arantv.az\/?cat=1\" rel=\"category\">C\u0259miyy\u0259t<\/a>","rttpg_excerpt":"Sabah bir s\u0131ra \u0259razil\u0259rd\u0259 elektrik enerjisinin verili\u015find\u0259 fasil\u0259l\u0259r olacaq. ARANTV.AZ\u00a0x\u0259b\u0259r verir ki, bu bar\u0259d\u0259 \u201cAz\u0259ri\u015f\u0131q\u201d ASC\u00a0m\u0259lumat yay\u0131b. M\u0259lumatda qeyd olunub ki, Ab\u015feron rayonu Qobu v\u0259 Masaz\u0131r q\u0259s\u0259b\u0259l\u0259ri, Atyal\u0131 ya\u015fay\u0131\u015f sah\u0259si, X\u0131rdalan \u015f\u0259h\u0259ri Qu\u015f\u00e7uluq ya\u015fay\u0131\u015f massivi v\u0259 Bin\u0259q\u0259di rayonu 28 May q\u0259s\u0259b\u0259sind\u0259 dayan\u0131ql\u0131 v\u0259 keyfiyy\u0259tli elektrik enerjisi t\u0259chizat\u0131 il\u0259 \u0259laq\u0259dar olaraq 10\/6\/0.4 kv-luq EVX-l\u0259ri, TM, KTM-l\u0259rd\u0259\u00a0yenid\u0259nqurma\u00a0&hellip;","_links":{"self":[{"href":"https:\/\/arantv.az\/index.php?rest_route=\/wp\/v2\/posts\/105222"}],"collection":[{"href":"https:\/\/arantv.az\/index.php?rest_route=\/wp\/v2\/posts"}],"about":[{"href":"https:\/\/arantv.az\/index.php?rest_route=\/wp\/v2\/types\/post"}],"author":[{"embeddable":true,"href":"https:\/\/arantv.az\/index.php?rest_route=\/wp\/v2\/users\/2"}],"replies":[{"embeddable":true,"href":"https:\/\/arantv.az\/index.php?rest_route=%2Fwp%2Fv2%2Fcomments&post=105222"}],"version-history":[{"count":0,"href":"https:\/\/arantv.az\/index.php?rest_route=\/wp\/v2\/posts\/105222\/revisions"}],"wp:featuredmedia":[{"embeddable":true,"href":"https:\/\/arantv.az\/index.php?rest_route=\/wp\/v2\/media\/105223"}],"wp:attachment":[{"href":"https:\/\/arantv.az\/index.php?rest_route=%2Fwp%2Fv2%2Fmedia&parent=105222"}],"wp:term":[{"taxonomy":"category","embeddable":true,"href":"https:\/\/arantv.az\/index.php?rest_route=%2Fwp%2Fv2%2Fcategories&post=105222"},{"taxonomy":"post_tag","embeddable":true,"href":"https:\/\/arantv.az\/index.php?rest_route=%2Fwp%2Fv2%2Ftags&post=105222"}],"curies":[{"name":"wp","href":"https:\/\/api.w.org\/{rel}","templated":true}]}}