{"id":105234,"date":"2019-12-09T12:19:19","date_gmt":"2019-12-09T09:19:19","guid":{"rendered":"http:\/\/arantv.az\/?p=105234"},"modified":"2019-12-09T12:19:19","modified_gmt":"2019-12-09T09:19:19","slug":"yas-m%c9%99rasiml%c9%99rinin-sad%c9%99l%c9%99sdirilm%c9%99si-il%c9%99-bagli-veril%c9%99n-tovsiy%c9%99l%c9%99r-kifay%c9%99t-q%c9%99d%c9%99r-t%c9%99sir-gost%c9%99rib-komit%c9%99-s%c9%99dri","status":"publish","type":"post","link":"https:\/\/arantv.az\/?p=105234","title":{"rendered":"Yas m\u0259rasiml\u0259rinin sad\u0259l\u0259\u015fdirilm\u0259si il\u0259 ba\u011fl\u0131 veril\u0259n t\u00f6vsiy\u0259l\u0259r kifay\u0259t q\u0259d\u0259r t\u0259sir g\u00f6st\u0259rib &#8211; Komit\u0259 s\u0259dri"},"content":{"rendered":"<p>&#8220;Az\u0259rbaycanda bir \u00e7ox yerl\u0259rd\u0259 yas m\u0259rasiml\u0259rinin sad\u0259l\u0259\u015fdirilm\u0259si istiqam\u0259tind\u0259 \u0259hali \u00f6z\u00fc raz\u0131l\u0131\u011fa g\u0259l\u0259r\u0259k bu add\u0131m\u0131 at\u0131b. Bir \u00e7ox k\u0259ndl\u0259rd\u0259, rayonlarda \u00fcmumi raz\u0131l\u0131qla bu m\u0259s\u0259l\u0259l\u0259r h\u0259ll edilib&#8221;.<\/p>\n<p><strong>ARANTV.AZ<\/strong>\u00a0\u00a0<a href=\"https:\/\/az.trend.az\/\" target=\"_blank\" rel=\"noopener\">Trend<\/a>-\u0259 istinad\u0259n x\u0259b\u0259r verir ki, bunu Dini Qurumlarla \u0130\u015f \u00fczr\u0259 D\u00f6vl\u0259t Komit\u0259sinin s\u0259dri M\u00fcbariz Qurbanl\u0131 jurnalistl\u0259r\u0259 a\u00e7\u0131qlamas\u0131nda deyib.<\/p>\n<p>M.Qurbanl\u0131 bildirib ki, Az\u0259rbaycanda yas m\u0259rasiml\u0259rind\u0259 israf\u00e7\u0131l\u0131\u011f\u0131n aradan qald\u0131r\u0131lmas\u0131 il\u0259 ba\u011fl\u0131 Qafqaz M\u00fcs\u0259lmanlar\u0131 \u0130dar\u0259sinin Qazil\u0259r \u015euras\u0131 zaman\u0131nda f\u0259tva verib v\u0259 \u00e7a\u011f\u0131r\u0131\u015f ed\u0259r\u0259k, yas m\u0259rasiml\u0259rind\u0259 d\u0259bd\u0259b\u0259li v\u0259ziyy\u0259t yarad\u0131lmamas\u0131, o c\u00fcml\u0259d\u0259n israf\u00e7\u0131l\u0131\u011fa yol verilm\u0259m\u0259si bar\u0259d\u0259 tap\u015f\u0131r\u0131q verilib:<\/p>\n<p>&#8220;Bu, t\u00f6vsiy\u0259 xarakterli xarakterli bir \u00e7a\u011f\u0131r\u0131\u015fd\u0131r. \u0130slamda yas m\u0259rasiml\u0259ri il\u0259 ba\u011fl\u0131 m\u00fct\u0259x\u0259sisl\u0259rin, imamlar\u0131m\u0131z\u0131n geni\u015f a\u00e7\u0131qlamalar\u0131 var. Biri var ad\u0259t-\u0259n\u0259n\u0259l\u0259r, biri var \u0130slamdan ir\u0259li g\u0259l\u0259n vacib \u015f\u0259rtl\u0259r. \u018fg\u0259r biz islami d\u0259y\u0259rl\u0259r\u0259 diqq\u0259t yetirs\u0259k, \u0130slam dinind\u0259ki m\u0259rasim tamamil\u0259 ba\u015fqa formada olmal\u0131d\u0131r. Amma bizd\u0259 yas m\u0259rasiml\u0259ri b\u0259z\u0259n ad\u0259t-\u0259n\u0259n\u0259l\u0259rd\u0259n ir\u0259li g\u0259l\u0259n m\u0259s\u0259l\u0259l\u0259rd\u0259 \u00f6z\u00fcn\u00fc biruz\u0259 verir. \u018flb\u0259tt\u0259, burada h\u0259r hans\u0131 bir qada\u011fadan s\u00f6hb\u0259t ged\u0259 bilm\u0259z. Bu yaln\u0131z t\u0259bli\u011fat, t\u00f6vsiy\u0259l\u0259r yolu il\u0259 h\u0259ll edil\u0259 bil\u0259r. Bu, zamana ba\u011fl\u0131 olan m\u0259s\u0259l\u0259dir. Burada h\u0259r hans\u0131 bir m\u00fcdaxil\u0259d\u0259n s\u00f6hb\u0259t ged\u0259 bilm\u0259z&#8221;.<\/p>\n<div><\/div>\n<p>M.Qurbanl\u0131 vur\u011fulay\u0131b ki, bu m\u0259s\u0259l\u0259 t\u0259bli\u011fat yolu il\u0259 t\u0259dric\u0259n \u00f6z h\u0259llini tapacaq: &#8220;\u0130ndiy\u0259 q\u0259d\u0259r veril\u0259n t\u00f6vsiy\u0259l\u0259r kifay\u0259t q\u0259d\u0259r t\u0259sir g\u00f6st\u0259rib, bir \u00e7ox yerl\u0259rd\u0259 yas m\u0259rasiml\u0259rinin sad\u0259l\u0259\u015fdirilm\u0259si istiqam\u0259tind\u0259 \u0259hali \u00f6z\u00fc raz\u0131l\u0131\u011fa g\u0259l\u0259r\u0259k bu add\u0131m\u0131 at\u0131b. Bir \u00e7ox k\u0259ndl\u0259rd\u0259, rayonlarda \u00fcmumi raz\u0131l\u0131qla bu m\u0259s\u0259l\u0259l\u0259ri h\u0259ll edibl\u0259r. Ona g\u00f6r\u0259 d\u0259 hesab edir\u0259m ki, burada t\u00f6vsiy\u0259l\u0259r m\u00fch\u00fcm rol oynay\u0131r&#8221;.<\/p>\n","protected":false},"excerpt":{"rendered":"<p>&#8220;Az\u0259rbaycanda bir \u00e7ox yerl\u0259rd\u0259 yas m\u0259rasiml\u0259rinin sad\u0259l\u0259\u015fdirilm\u0259si istiqam\u0259tind\u0259 \u0259hali \u00f6z\u00fc raz\u0131l\u0131\u011fa g\u0259l\u0259r\u0259k bu add\u0131m\u0131 at\u0131b. Bir \u00e7ox k\u0259ndl\u0259rd\u0259, rayonlarda \u00fcmumi raz\u0131l\u0131qla bu m\u0259s\u0259l\u0259l\u0259r h\u0259ll edilib&#8221;. ARANTV.AZ\u00a0\u00a0Trend-\u0259 istinad\u0259n x\u0259b\u0259r verir ki, bunu Dini Qurumlarla \u0130\u015f \u00fczr\u0259 D\u00f6vl\u0259t Komit\u0259sinin s\u0259dri M\u00fcbariz Qurbanl\u0131 jurnalistl\u0259r\u0259 a\u00e7\u0131qlamas\u0131nda deyib. M.Qurbanl\u0131 bildirib ki, Az\u0259rbaycanda yas m\u0259rasiml\u0259rind\u0259 israf\u00e7\u0131l\u0131\u011f\u0131n aradan qald\u0131r\u0131lmas\u0131 il\u0259 ba\u011fl\u0131 Qafqaz M\u00fcs\u0259lmanlar\u0131 \u0130dar\u0259sinin Qazil\u0259r \u015euras\u0131 zaman\u0131nda f\u0259tva verib v\u0259 \u00e7a\u011f\u0131r\u0131\u015f ed\u0259r\u0259k, yas m\u0259rasiml\u0259rind\u0259 d\u0259bd\u0259b\u0259li v\u0259ziyy\u0259t yarad\u0131lmamas\u0131, o c\u00fcml\u0259d\u0259n israf\u00e7\u0131l\u0131\u011fa yol verilm\u0259m\u0259si bar\u0259d\u0259 tap\u015f\u0131r\u0131q verilib: &#8220;Bu, t\u00f6vsiy\u0259 xarakterli xarakterli bir \u00e7a\u011f\u0131r\u0131\u015fd\u0131r. \u0130slamda yas m\u0259rasiml\u0259ri il\u0259 ba\u011fl\u0131 m\u00fct\u0259x\u0259sisl\u0259rin,&hellip;<\/p>\n","protected":false},"author":2,"featured_media":105235,"comment_status":"closed","ping_status":"closed","sticky":false,"template":"","format":"standard","meta":{"om_disable_all_campaigns":false,"_monsterinsights_skip_tracking":false,"_monsterinsights_sitenote_active":false,"_monsterinsights_sitenote_note":"","_monsterinsights_sitenote_category":0},"categories":[1],"tags":[],"aioseo_notices":[],"gutentor_comment":0,"rttpg_featured_image_url":{"full":["https:\/\/arantv.az\/wp-content\/uploads\/2019\/12\/808927.jpg",800,600,false],"landscape":["https:\/\/arantv.az\/wp-content\/uploads\/2019\/12\/808927.jpg",800,600,false],"portraits":["https:\/\/arantv.az\/wp-content\/uploads\/2019\/12\/808927.jpg",800,600,false],"thumbnail":["https:\/\/arantv.az\/wp-content\/uploads\/2019\/12\/808927-150x150.jpg",150,150,true],"medium":["https:\/\/arantv.az\/wp-content\/uploads\/2019\/12\/808927-300x225.jpg",300,225,true],"large":["https:\/\/arantv.az\/wp-content\/uploads\/2019\/12\/808927.jpg",640,480,false],"1536x1536":["https:\/\/arantv.az\/wp-content\/uploads\/2019\/12\/808927.jpg",800,600,false],"2048x2048":["https:\/\/arantv.az\/wp-content\/uploads\/2019\/12\/808927.jpg",800,600,false],"post-thumbnail":["https:\/\/arantv.az\/wp-content\/uploads\/2019\/12\/808927-240x172.jpg",240,172,true],"advps-thumb-one":["https:\/\/arantv.az\/wp-content\/uploads\/2019\/12\/808927.jpg",800,600,false]},"rttpg_author":{"display_name":"V\u00fcsal Rafiqo\u011flu","author_link":"https:\/\/arantv.az\/?author=2"},"rttpg_comment":0,"rttpg_category":"<a href=\"https:\/\/arantv.az\/?cat=1\" rel=\"category\">C\u0259miyy\u0259t<\/a>","rttpg_excerpt":"&#8220;Az\u0259rbaycanda bir \u00e7ox yerl\u0259rd\u0259 yas m\u0259rasiml\u0259rinin sad\u0259l\u0259\u015fdirilm\u0259si istiqam\u0259tind\u0259 \u0259hali \u00f6z\u00fc raz\u0131l\u0131\u011fa g\u0259l\u0259r\u0259k bu add\u0131m\u0131 at\u0131b. Bir \u00e7ox k\u0259ndl\u0259rd\u0259, rayonlarda \u00fcmumi raz\u0131l\u0131qla bu m\u0259s\u0259l\u0259l\u0259r h\u0259ll edilib&#8221;. ARANTV.AZ\u00a0\u00a0Trend-\u0259 istinad\u0259n x\u0259b\u0259r verir ki, bunu Dini Qurumlarla \u0130\u015f \u00fczr\u0259 D\u00f6vl\u0259t Komit\u0259sinin s\u0259dri M\u00fcbariz Qurbanl\u0131 jurnalistl\u0259r\u0259 a\u00e7\u0131qlamas\u0131nda deyib. M.Qurbanl\u0131 bildirib ki, Az\u0259rbaycanda yas m\u0259rasiml\u0259rind\u0259 israf\u00e7\u0131l\u0131\u011f\u0131n aradan qald\u0131r\u0131lmas\u0131 il\u0259 ba\u011fl\u0131 Qafqaz&hellip;","_links":{"self":[{"href":"https:\/\/arantv.az\/index.php?rest_route=\/wp\/v2\/posts\/105234"}],"collection":[{"href":"https:\/\/arantv.az\/index.php?rest_route=\/wp\/v2\/posts"}],"about":[{"href":"https:\/\/arantv.az\/index.php?rest_route=\/wp\/v2\/types\/post"}],"author":[{"embeddable":true,"href":"https:\/\/arantv.az\/index.php?rest_route=\/wp\/v2\/users\/2"}],"replies":[{"embeddable":true,"href":"https:\/\/arantv.az\/index.php?rest_route=%2Fwp%2Fv2%2Fcomments&post=105234"}],"version-history":[{"count":0,"href":"https:\/\/arantv.az\/index.php?rest_route=\/wp\/v2\/posts\/105234\/revisions"}],"wp:featuredmedia":[{"embeddable":true,"href":"https:\/\/arantv.az\/index.php?rest_route=\/wp\/v2\/media\/105235"}],"wp:attachment":[{"href":"https:\/\/arantv.az\/index.php?rest_route=%2Fwp%2Fv2%2Fmedia&parent=105234"}],"wp:term":[{"taxonomy":"category","embeddable":true,"href":"https:\/\/arantv.az\/index.php?rest_route=%2Fwp%2Fv2%2Fcategories&post=105234"},{"taxonomy":"post_tag","embeddable":true,"href":"https:\/\/arantv.az\/index.php?rest_route=%2Fwp%2Fv2%2Ftags&post=105234"}],"curies":[{"name":"wp","href":"https:\/\/api.w.org\/{rel}","templated":true}]}}