{"id":105242,"date":"2019-12-09T12:41:27","date_gmt":"2019-12-09T09:41:27","guid":{"rendered":"http:\/\/arantv.az\/?p=105242"},"modified":"2019-12-09T12:41:27","modified_gmt":"2019-12-09T09:41:27","slug":"t%c9%99hsil-naziri-payiz-semestrinin-imtahan-sessiyasinin-t%c9%99skili-bar%c9%99d%c9%99-%c9%99mr-imzaladi","status":"publish","type":"post","link":"https:\/\/arantv.az\/?p=105242","title":{"rendered":"T\u0259hsil naziri pay\u0131z semestrinin imtahan sessiyas\u0131n\u0131n t\u0259\u015fkili bar\u0259d\u0259 \u0259mr imzalad\u0131"},"content":{"rendered":"<p>T\u0259hsil naziri Ceyhun Bayramov ali v\u0259 orta ixtisas t\u0259hsili m\u00fc\u0259ssis\u0259l\u0259rind\u0259 2019-2020-ci t\u0259dris ilinin pay\u0131z semestrinin imtahan sessiyas\u0131n\u0131n t\u0259\u015fkili il\u0259 ba\u011fl\u0131 \u0259mr imzalay\u0131b.<\/p>\n<p>T\u0259hsil Nazirliyind\u0259n veril\u0259n m\u0259lumata g\u00f6r\u0259, \u0259mr\u0259 \u0259sas\u0259n, ali v\u0259 orta ixtisas t\u0259hsili m\u00fc\u0259ssis\u0259l\u0259rinin r\u0259hb\u0259rl\u0259ri imtahan sessiyas\u0131n\u0131 m\u00f6vcud normativ s\u0259n\u0259dl\u0259r \u0259sas\u0131nda t\u0259\u015fkil etm\u0259li, t\u0259hsil m\u00fc\u0259ssis\u0259l\u0259rind\u0259 imtahan q\u0259rargah\u0131 yaratmal\u0131 v\u0259 q\u0259rargaha daxil olan h\u0259r bir \u015fikay\u0259tin operativ \u015f\u0259kild\u0259 ara\u015fd\u0131r\u0131lmas\u0131n\u0131 t\u0259min etm\u0259lidirl\u0259r.<\/p>\n<p>\u015e\u0259ffafl\u0131\u011f\u0131 t\u0259min etm\u0259k \u00fc\u00e7\u00fcn imtahanlarda ictimaiyy\u0259t n\u00fcmay\u0259nd\u0259l\u0259ri v\u0259 valideynl\u0259rin i\u015ftirak\u0131na \u015f\u0259rait yarad\u0131lacaq, nazirliyin \u201cQaynar x\u0259tt\u201d xidm\u0259tinin f\u0259aliyy\u0259ti v\u0259 imtahan sessiyas\u0131n\u0131n gedi\u015fi bar\u0259d\u0259 k\u00fctl\u0259vi informasiya vasit\u0259l\u0259rin\u0259 m\u00fcnt\u0259z\u0259m m\u0259lumat veril\u0259c\u0259k.<\/p>\n<p>Qeyd ed\u0259k ki, \u0259mr imtahan sessiyas\u0131n\u0131n m\u00f6vcud qaydalara uy\u011fun t\u0259\u015fkil edilm\u0259si, t\u0259l\u0259b\u0259l\u0259rin biliyinin qiym\u0259tl\u0259ndirilm\u0259sind\u0259 \u015f\u0259ffafl\u0131\u011f\u0131n v\u0259 obyektivliyin t\u0259min olunmas\u0131 m\u0259qs\u0259di da\u015f\u0131y\u0131r.<\/p>\n","protected":false},"excerpt":{"rendered":"<p>T\u0259hsil naziri Ceyhun Bayramov ali v\u0259 orta ixtisas t\u0259hsili m\u00fc\u0259ssis\u0259l\u0259rind\u0259 2019-2020-ci t\u0259dris ilinin pay\u0131z semestrinin imtahan sessiyas\u0131n\u0131n t\u0259\u015fkili il\u0259 ba\u011fl\u0131 \u0259mr imzalay\u0131b. T\u0259hsil Nazirliyind\u0259n veril\u0259n m\u0259lumata g\u00f6r\u0259, \u0259mr\u0259 \u0259sas\u0259n, ali v\u0259 orta ixtisas t\u0259hsili m\u00fc\u0259ssis\u0259l\u0259rinin r\u0259hb\u0259rl\u0259ri imtahan sessiyas\u0131n\u0131 m\u00f6vcud normativ s\u0259n\u0259dl\u0259r \u0259sas\u0131nda t\u0259\u015fkil etm\u0259li, t\u0259hsil m\u00fc\u0259ssis\u0259l\u0259rind\u0259 imtahan q\u0259rargah\u0131 yaratmal\u0131 v\u0259 q\u0259rargaha daxil olan h\u0259r bir \u015fikay\u0259tin operativ \u015f\u0259kild\u0259 ara\u015fd\u0131r\u0131lmas\u0131n\u0131 t\u0259min etm\u0259lidirl\u0259r. \u015e\u0259ffafl\u0131\u011f\u0131 t\u0259min etm\u0259k \u00fc\u00e7\u00fcn imtahanlarda ictimaiyy\u0259t n\u00fcmay\u0259nd\u0259l\u0259ri v\u0259 valideynl\u0259rin i\u015ftirak\u0131na \u015f\u0259rait yarad\u0131lacaq, nazirliyin \u201cQaynar x\u0259tt\u201d xidm\u0259tinin f\u0259aliyy\u0259ti v\u0259 imtahan sessiyas\u0131n\u0131n gedi\u015fi bar\u0259d\u0259 k\u00fctl\u0259vi informasiya vasit\u0259l\u0259rin\u0259 m\u00fcnt\u0259z\u0259m m\u0259lumat veril\u0259c\u0259k. Qeyd&hellip;<\/p>\n","protected":false},"author":2,"featured_media":105243,"comment_status":"closed","ping_status":"closed","sticky":false,"template":"","format":"standard","meta":{"om_disable_all_campaigns":false,"_monsterinsights_skip_tracking":false,"_monsterinsights_sitenote_active":false,"_monsterinsights_sitenote_note":"","_monsterinsights_sitenote_category":0},"categories":[23],"tags":[],"aioseo_notices":[],"gutentor_comment":0,"rttpg_featured_image_url":{"full":["https:\/\/arantv.az\/wp-content\/uploads\/2019\/12\/ceka.jpg",620,412,false],"landscape":["https:\/\/arantv.az\/wp-content\/uploads\/2019\/12\/ceka.jpg",620,412,false],"portraits":["https:\/\/arantv.az\/wp-content\/uploads\/2019\/12\/ceka.jpg",620,412,false],"thumbnail":["https:\/\/arantv.az\/wp-content\/uploads\/2019\/12\/ceka-150x150.jpg",150,150,true],"medium":["https:\/\/arantv.az\/wp-content\/uploads\/2019\/12\/ceka-300x199.jpg",300,199,true],"large":["https:\/\/arantv.az\/wp-content\/uploads\/2019\/12\/ceka.jpg",620,412,false],"1536x1536":["https:\/\/arantv.az\/wp-content\/uploads\/2019\/12\/ceka.jpg",620,412,false],"2048x2048":["https:\/\/arantv.az\/wp-content\/uploads\/2019\/12\/ceka.jpg",620,412,false],"post-thumbnail":["https:\/\/arantv.az\/wp-content\/uploads\/2019\/12\/ceka-240x172.jpg",240,172,true],"advps-thumb-one":["https:\/\/arantv.az\/wp-content\/uploads\/2019\/12\/ceka.jpg",620,412,false]},"rttpg_author":{"display_name":"V\u00fcsal Rafiqo\u011flu","author_link":"https:\/\/arantv.az\/?author=2"},"rttpg_comment":0,"rttpg_category":"<a href=\"https:\/\/arantv.az\/?cat=23\" rel=\"category\">T\u0259hsil<\/a>","rttpg_excerpt":"T\u0259hsil naziri Ceyhun Bayramov ali v\u0259 orta ixtisas t\u0259hsili m\u00fc\u0259ssis\u0259l\u0259rind\u0259 2019-2020-ci t\u0259dris ilinin pay\u0131z semestrinin imtahan sessiyas\u0131n\u0131n t\u0259\u015fkili il\u0259 ba\u011fl\u0131 \u0259mr imzalay\u0131b. T\u0259hsil Nazirliyind\u0259n veril\u0259n m\u0259lumata g\u00f6r\u0259, \u0259mr\u0259 \u0259sas\u0259n, ali v\u0259 orta ixtisas t\u0259hsili m\u00fc\u0259ssis\u0259l\u0259rinin r\u0259hb\u0259rl\u0259ri imtahan sessiyas\u0131n\u0131 m\u00f6vcud normativ s\u0259n\u0259dl\u0259r \u0259sas\u0131nda t\u0259\u015fkil etm\u0259li, t\u0259hsil m\u00fc\u0259ssis\u0259l\u0259rind\u0259 imtahan q\u0259rargah\u0131 yaratmal\u0131 v\u0259 q\u0259rargaha daxil olan h\u0259r bir&hellip;","_links":{"self":[{"href":"https:\/\/arantv.az\/index.php?rest_route=\/wp\/v2\/posts\/105242"}],"collection":[{"href":"https:\/\/arantv.az\/index.php?rest_route=\/wp\/v2\/posts"}],"about":[{"href":"https:\/\/arantv.az\/index.php?rest_route=\/wp\/v2\/types\/post"}],"author":[{"embeddable":true,"href":"https:\/\/arantv.az\/index.php?rest_route=\/wp\/v2\/users\/2"}],"replies":[{"embeddable":true,"href":"https:\/\/arantv.az\/index.php?rest_route=%2Fwp%2Fv2%2Fcomments&post=105242"}],"version-history":[{"count":0,"href":"https:\/\/arantv.az\/index.php?rest_route=\/wp\/v2\/posts\/105242\/revisions"}],"wp:featuredmedia":[{"embeddable":true,"href":"https:\/\/arantv.az\/index.php?rest_route=\/wp\/v2\/media\/105243"}],"wp:attachment":[{"href":"https:\/\/arantv.az\/index.php?rest_route=%2Fwp%2Fv2%2Fmedia&parent=105242"}],"wp:term":[{"taxonomy":"category","embeddable":true,"href":"https:\/\/arantv.az\/index.php?rest_route=%2Fwp%2Fv2%2Fcategories&post=105242"},{"taxonomy":"post_tag","embeddable":true,"href":"https:\/\/arantv.az\/index.php?rest_route=%2Fwp%2Fv2%2Ftags&post=105242"}],"curies":[{"name":"wp","href":"https:\/\/api.w.org\/{rel}","templated":true}]}}