{"id":105250,"date":"2019-12-09T12:47:05","date_gmt":"2019-12-09T09:47:05","guid":{"rendered":"http:\/\/arantv.az\/?p=105250"},"modified":"2019-12-09T12:47:05","modified_gmt":"2019-12-09T09:47:05","slug":"bu-sahibkarlar-m%c9%99nf%c9%99%c9%99t-vergisind%c9%99n-azad-olacaqlar","status":"publish","type":"post","link":"https:\/\/arantv.az\/?p=105250","title":{"rendered":"Bu sahibkarlar m\u0259nf\u0259\u0259t vergisind\u0259n azad olacaqlar"},"content":{"rendered":"<p>&#8220;Az\u0259rbaycanda innovasiya y\u00f6n\u00fcml\u00fc startaplara x\u00fcsusi imtiyazlar var. \u018fg\u0259r f\u0259rdi sahibkarlar, m\u00fc\u0259ssis\u0259l\u0259r \u00f6z g\u0259lirl\u0259rini 3 il \u0259rzind\u0259 innovasiya sah\u0259sin\u0259 y\u00f6n\u0259ld\u0259rl\u0259rs\u0259, onlar\u0131n g\u0259lirl\u0259ri m\u0259nf\u0259\u0259t vergisind\u0259n tamamil\u0259 azad olacaq&#8221;.<\/p>\n<p><strong>ARANTV.AZ<\/strong>\u00a0<a href=\"https:\/\/az.trend.az\/\" target=\"_blank\" rel=\"noopener\">Trend<\/a>-\u0259 istinad\u0259n x\u0259b\u0259r verir ki, bunu &#8220;Yarad\u0131c\u0131 s\u0259nayel\u0259r: dayan\u0131ql\u0131 inki\u015faf v\u0259 m\u0259\u015f\u011fulluq \u00fc\u00e7\u00fcn yeni imkanlar&#8221; m\u00f6vzusunda nazirl\u0259r panelinin m\u00fczakir\u0259si zaman\u0131 \u0130qtisadiyyat nazirinin m\u00fcavini Sevinc H\u0259s\u0259nova deyib.<\/p>\n<p>Onun s\u00f6zl\u0259rin\u0259 g\u00f6r\u0259, bundan ba\u015fqa, ki\u00e7ik-orta biznes klasterl\u0259ri m\u00fc\u0259ssis\u0259l\u0259rin\u0259 d\u0259 geni\u015f g\u00fcz\u0259\u015ftl\u0259r n\u0259z\u0259rd\u0259 tutulur: &#8220;Onlar m\u0259nf\u0259\u0259t-torpaq vergisind\u0259n azad edil\u0259 bil\u0259r. Eyni zamanda, d\u00f6vl\u0259t t\u0259r\u0259find\u0259n onlar\u0131n maliyy\u0259 \u0259l\u00e7atanl\u0131\u011f\u0131n\u0131n h\u0259ll edilm\u0259si vacib m\u0259s\u0259l\u0259l\u0259rd\u0259ndir.<\/p>\n<p>S.H\u0259s\u0259nova \u0259lav\u0259 edib ki, Az\u0259rbaycanda yarad\u0131c\u0131 s\u0259nayenin inki\u015faf\u0131 \u00fc\u00e7\u00fcn geni\u015f imkanlar var.<\/p>\n<p>Nazir m\u00fcavini bildirib ki, iqtisadi art\u0131m\u0131n s\u00fcr\u0259tl\u0259ndirilm\u0259si, diversifikasiyan\u0131n s\u00fcr\u0259tli getm\u0259si qar\u015f\u0131m\u0131zda duran \u0259n \u0259sas \u00e7a\u011f\u0131r\u0131\u015flardand\u0131r. Dig\u0259r \u00e7a\u011f\u0131r\u0131\u015flar is\u0259 Az\u0259rbaycanda m\u0259\u015f\u011fullu\u011fun t\u0259min olunmas\u0131, i\u015fsizliy\u0259 nail olmaq, g\u0259ncl\u0259rin layiqli m\u0259\u015f\u011fullu\u011funun t\u0259min edilm\u0259sidir.<\/p>\n","protected":false},"excerpt":{"rendered":"<p>&#8220;Az\u0259rbaycanda innovasiya y\u00f6n\u00fcml\u00fc startaplara x\u00fcsusi imtiyazlar var. \u018fg\u0259r f\u0259rdi sahibkarlar, m\u00fc\u0259ssis\u0259l\u0259r \u00f6z g\u0259lirl\u0259rini 3 il \u0259rzind\u0259 innovasiya sah\u0259sin\u0259 y\u00f6n\u0259ld\u0259rl\u0259rs\u0259, onlar\u0131n g\u0259lirl\u0259ri m\u0259nf\u0259\u0259t vergisind\u0259n tamamil\u0259 azad olacaq&#8221;. ARANTV.AZ\u00a0Trend-\u0259 istinad\u0259n x\u0259b\u0259r verir ki, bunu &#8220;Yarad\u0131c\u0131 s\u0259nayel\u0259r: dayan\u0131ql\u0131 inki\u015faf v\u0259 m\u0259\u015f\u011fulluq \u00fc\u00e7\u00fcn yeni imkanlar&#8221; m\u00f6vzusunda nazirl\u0259r panelinin m\u00fczakir\u0259si zaman\u0131 \u0130qtisadiyyat nazirinin m\u00fcavini Sevinc H\u0259s\u0259nova deyib. Onun s\u00f6zl\u0259rin\u0259 g\u00f6r\u0259, bundan ba\u015fqa, ki\u00e7ik-orta biznes klasterl\u0259ri m\u00fc\u0259ssis\u0259l\u0259rin\u0259 d\u0259 geni\u015f g\u00fcz\u0259\u015ftl\u0259r n\u0259z\u0259rd\u0259 tutulur: &#8220;Onlar m\u0259nf\u0259\u0259t-torpaq vergisind\u0259n azad edil\u0259 bil\u0259r. Eyni zamanda, d\u00f6vl\u0259t t\u0259r\u0259find\u0259n onlar\u0131n maliyy\u0259 \u0259l\u00e7atanl\u0131\u011f\u0131n\u0131n h\u0259ll edilm\u0259si vacib m\u0259s\u0259l\u0259l\u0259rd\u0259ndir. S.H\u0259s\u0259nova \u0259lav\u0259 edib ki, Az\u0259rbaycanda yarad\u0131c\u0131 s\u0259nayenin&hellip;<\/p>\n","protected":false},"author":2,"featured_media":105251,"comment_status":"closed","ping_status":"closed","sticky":false,"template":"","format":"standard","meta":{"om_disable_all_campaigns":false,"_monsterinsights_skip_tracking":false,"_monsterinsights_sitenote_active":false,"_monsterinsights_sitenote_note":"","_monsterinsights_sitenote_category":0},"categories":[1],"tags":[],"aioseo_notices":[],"gutentor_comment":0,"rttpg_featured_image_url":{"full":["https:\/\/arantv.az\/wp-content\/uploads\/2019\/12\/808936.jpg",800,600,false],"landscape":["https:\/\/arantv.az\/wp-content\/uploads\/2019\/12\/808936.jpg",800,600,false],"portraits":["https:\/\/arantv.az\/wp-content\/uploads\/2019\/12\/808936.jpg",800,600,false],"thumbnail":["https:\/\/arantv.az\/wp-content\/uploads\/2019\/12\/808936-150x150.jpg",150,150,true],"medium":["https:\/\/arantv.az\/wp-content\/uploads\/2019\/12\/808936-300x225.jpg",300,225,true],"large":["https:\/\/arantv.az\/wp-content\/uploads\/2019\/12\/808936.jpg",640,480,false],"1536x1536":["https:\/\/arantv.az\/wp-content\/uploads\/2019\/12\/808936.jpg",800,600,false],"2048x2048":["https:\/\/arantv.az\/wp-content\/uploads\/2019\/12\/808936.jpg",800,600,false],"post-thumbnail":["https:\/\/arantv.az\/wp-content\/uploads\/2019\/12\/808936-240x172.jpg",240,172,true],"advps-thumb-one":["https:\/\/arantv.az\/wp-content\/uploads\/2019\/12\/808936.jpg",800,600,false]},"rttpg_author":{"display_name":"V\u00fcsal Rafiqo\u011flu","author_link":"https:\/\/arantv.az\/?author=2"},"rttpg_comment":0,"rttpg_category":"<a href=\"https:\/\/arantv.az\/?cat=1\" rel=\"category\">C\u0259miyy\u0259t<\/a>","rttpg_excerpt":"&#8220;Az\u0259rbaycanda innovasiya y\u00f6n\u00fcml\u00fc startaplara x\u00fcsusi imtiyazlar var. \u018fg\u0259r f\u0259rdi sahibkarlar, m\u00fc\u0259ssis\u0259l\u0259r \u00f6z g\u0259lirl\u0259rini 3 il \u0259rzind\u0259 innovasiya sah\u0259sin\u0259 y\u00f6n\u0259ld\u0259rl\u0259rs\u0259, onlar\u0131n g\u0259lirl\u0259ri m\u0259nf\u0259\u0259t vergisind\u0259n tamamil\u0259 azad olacaq&#8221;. ARANTV.AZ\u00a0Trend-\u0259 istinad\u0259n x\u0259b\u0259r verir ki, bunu &#8220;Yarad\u0131c\u0131 s\u0259nayel\u0259r: dayan\u0131ql\u0131 inki\u015faf v\u0259 m\u0259\u015f\u011fulluq \u00fc\u00e7\u00fcn yeni imkanlar&#8221; m\u00f6vzusunda nazirl\u0259r panelinin m\u00fczakir\u0259si zaman\u0131 \u0130qtisadiyyat nazirinin m\u00fcavini Sevinc H\u0259s\u0259nova deyib. Onun s\u00f6zl\u0259rin\u0259 g\u00f6r\u0259,&hellip;","_links":{"self":[{"href":"https:\/\/arantv.az\/index.php?rest_route=\/wp\/v2\/posts\/105250"}],"collection":[{"href":"https:\/\/arantv.az\/index.php?rest_route=\/wp\/v2\/posts"}],"about":[{"href":"https:\/\/arantv.az\/index.php?rest_route=\/wp\/v2\/types\/post"}],"author":[{"embeddable":true,"href":"https:\/\/arantv.az\/index.php?rest_route=\/wp\/v2\/users\/2"}],"replies":[{"embeddable":true,"href":"https:\/\/arantv.az\/index.php?rest_route=%2Fwp%2Fv2%2Fcomments&post=105250"}],"version-history":[{"count":0,"href":"https:\/\/arantv.az\/index.php?rest_route=\/wp\/v2\/posts\/105250\/revisions"}],"wp:featuredmedia":[{"embeddable":true,"href":"https:\/\/arantv.az\/index.php?rest_route=\/wp\/v2\/media\/105251"}],"wp:attachment":[{"href":"https:\/\/arantv.az\/index.php?rest_route=%2Fwp%2Fv2%2Fmedia&parent=105250"}],"wp:term":[{"taxonomy":"category","embeddable":true,"href":"https:\/\/arantv.az\/index.php?rest_route=%2Fwp%2Fv2%2Fcategories&post=105250"},{"taxonomy":"post_tag","embeddable":true,"href":"https:\/\/arantv.az\/index.php?rest_route=%2Fwp%2Fv2%2Ftags&post=105250"}],"curies":[{"name":"wp","href":"https:\/\/api.w.org\/{rel}","templated":true}]}}