{"id":105319,"date":"2019-12-09T14:21:38","date_gmt":"2019-12-09T11:21:38","guid":{"rendered":"http:\/\/arantv.az\/?p=105319"},"modified":"2019-12-09T14:21:38","modified_gmt":"2019-12-09T11:21:38","slug":"sur%c9%99t-h%c9%99ddini-asan-az%c9%99rbaycanli-avstriya-v%c9%99t%c9%99ndasligi-ala-bilm%c9%99di","status":"publish","type":"post","link":"https:\/\/arantv.az\/?p=105319","title":{"rendered":"S\u00fcr\u0259t h\u0259ddini a\u015fan az\u0259rbaycanl\u0131 Avstriya v\u0259t\u0259nda\u015fl\u0131\u011f\u0131 ala bilm\u0259di"},"content":{"rendered":"<p>Avtriyada ya\u015fayan az\u0259rbaycanl\u0131ya v\u0259t\u0259nda\u015fl\u0131q verilm\u0259sind\u0259n imtina olunub.<\/p>\n<p><b>ARANTV.AZ<\/b>-\u0131n x\u0259b\u0259rin\u0259 g\u00f6r\u0259, bu bar\u0259d\u0259 \u00f6lk\u0259nin yerli m\u0259tbuat\u0131nda yaz\u0131l\u0131b.<\/p>\n<p>2008- ci ild\u0259n Tirol vilay\u0259tinin \u0130sburk \u015f\u0259h\u0259rind\u0259 t\u0259hsil alan v\u0259 i\u015fl\u0259y\u0259n az\u0259rbaycanl\u0131 v\u0259t\u0259nda\u015fl\u0131q \u00fc\u00e7\u00fcn m\u00fcraci\u0259t etdikd\u0259 imtina cavab\u0131 al\u0131b.<\/p>\n<p>Buna s\u0259b\u0259b kimi onun bu ill\u0259r \u0259rzind\u0259 Avstriyada ma\u015f\u0131n s\u00fcr\u0259rk\u0259n \u00e7oxlu qayda pozuntusu etm\u0259si, parklanma c\u0259zalar\u0131 v\u0259 tez-tez s\u00fcr\u0259t h\u0259ddini a\u015fmas\u0131 g\u00f6st\u0259rilib.Oxu.Az<\/p>\n","protected":false},"excerpt":{"rendered":"<p>Avtriyada ya\u015fayan az\u0259rbaycanl\u0131ya v\u0259t\u0259nda\u015fl\u0131q verilm\u0259sind\u0259n imtina olunub. ARANTV.AZ-\u0131n x\u0259b\u0259rin\u0259 g\u00f6r\u0259, bu bar\u0259d\u0259 \u00f6lk\u0259nin yerli m\u0259tbuat\u0131nda yaz\u0131l\u0131b. 2008- ci ild\u0259n Tirol vilay\u0259tinin \u0130sburk \u015f\u0259h\u0259rind\u0259 t\u0259hsil alan v\u0259 i\u015fl\u0259y\u0259n az\u0259rbaycanl\u0131 v\u0259t\u0259nda\u015fl\u0131q \u00fc\u00e7\u00fcn m\u00fcraci\u0259t etdikd\u0259 imtina cavab\u0131 al\u0131b. Buna s\u0259b\u0259b kimi onun bu ill\u0259r \u0259rzind\u0259 Avstriyada ma\u015f\u0131n s\u00fcr\u0259rk\u0259n \u00e7oxlu qayda pozuntusu etm\u0259si, parklanma c\u0259zalar\u0131 v\u0259 tez-tez s\u00fcr\u0259t h\u0259ddini a\u015fmas\u0131 g\u00f6st\u0259rilib.Oxu.Az<\/p>\n","protected":false},"author":2,"featured_media":105320,"comment_status":"closed","ping_status":"closed","sticky":false,"template":"","format":"standard","meta":{"om_disable_all_campaigns":false,"_monsterinsights_skip_tracking":false,"_monsterinsights_sitenote_active":false,"_monsterinsights_sitenote_note":"","_monsterinsights_sitenote_category":0},"categories":[1],"tags":[],"aioseo_notices":[],"gutentor_comment":0,"rttpg_featured_image_url":{"full":["https:\/\/arantv.az\/wp-content\/uploads\/2019\/12\/s\u00c3\u00bcr\u00c9_t.jpg",620,414,false],"landscape":["https:\/\/arantv.az\/wp-content\/uploads\/2019\/12\/s\u00c3\u00bcr\u00c9_t.jpg",620,414,false],"portraits":["https:\/\/arantv.az\/wp-content\/uploads\/2019\/12\/s\u00c3\u00bcr\u00c9_t.jpg",620,414,false],"thumbnail":["https:\/\/arantv.az\/wp-content\/uploads\/2019\/12\/s\u00c3\u00bcr\u00c9_t-150x150.jpg",150,150,true],"medium":["https:\/\/arantv.az\/wp-content\/uploads\/2019\/12\/s\u00c3\u00bcr\u00c9_t-300x200.jpg",300,200,true],"large":["https:\/\/arantv.az\/wp-content\/uploads\/2019\/12\/s\u00c3\u00bcr\u00c9_t.jpg",620,414,false],"1536x1536":["https:\/\/arantv.az\/wp-content\/uploads\/2019\/12\/s\u00c3\u00bcr\u00c9_t.jpg",620,414,false],"2048x2048":["https:\/\/arantv.az\/wp-content\/uploads\/2019\/12\/s\u00c3\u00bcr\u00c9_t.jpg",620,414,false],"post-thumbnail":["https:\/\/arantv.az\/wp-content\/uploads\/2019\/12\/s\u00c3\u00bcr\u00c9_t-240x172.jpg",240,172,true],"advps-thumb-one":["https:\/\/arantv.az\/wp-content\/uploads\/2019\/12\/s\u00c3\u00bcr\u00c9_t.jpg",620,414,false]},"rttpg_author":{"display_name":"V\u00fcsal Rafiqo\u011flu","author_link":"https:\/\/arantv.az\/?author=2"},"rttpg_comment":0,"rttpg_category":"<a href=\"https:\/\/arantv.az\/?cat=1\" rel=\"category\">C\u0259miyy\u0259t<\/a>","rttpg_excerpt":"Avtriyada ya\u015fayan az\u0259rbaycanl\u0131ya v\u0259t\u0259nda\u015fl\u0131q verilm\u0259sind\u0259n imtina olunub. ARANTV.AZ-\u0131n x\u0259b\u0259rin\u0259 g\u00f6r\u0259, bu bar\u0259d\u0259 \u00f6lk\u0259nin yerli m\u0259tbuat\u0131nda yaz\u0131l\u0131b. 2008- ci ild\u0259n Tirol vilay\u0259tinin \u0130sburk \u015f\u0259h\u0259rind\u0259 t\u0259hsil alan v\u0259 i\u015fl\u0259y\u0259n az\u0259rbaycanl\u0131 v\u0259t\u0259nda\u015fl\u0131q \u00fc\u00e7\u00fcn m\u00fcraci\u0259t etdikd\u0259 imtina cavab\u0131 al\u0131b. Buna s\u0259b\u0259b kimi onun bu ill\u0259r \u0259rzind\u0259 Avstriyada ma\u015f\u0131n s\u00fcr\u0259rk\u0259n \u00e7oxlu qayda pozuntusu etm\u0259si, parklanma c\u0259zalar\u0131 v\u0259 tez-tez s\u00fcr\u0259t h\u0259ddini&hellip;","_links":{"self":[{"href":"https:\/\/arantv.az\/index.php?rest_route=\/wp\/v2\/posts\/105319"}],"collection":[{"href":"https:\/\/arantv.az\/index.php?rest_route=\/wp\/v2\/posts"}],"about":[{"href":"https:\/\/arantv.az\/index.php?rest_route=\/wp\/v2\/types\/post"}],"author":[{"embeddable":true,"href":"https:\/\/arantv.az\/index.php?rest_route=\/wp\/v2\/users\/2"}],"replies":[{"embeddable":true,"href":"https:\/\/arantv.az\/index.php?rest_route=%2Fwp%2Fv2%2Fcomments&post=105319"}],"version-history":[{"count":0,"href":"https:\/\/arantv.az\/index.php?rest_route=\/wp\/v2\/posts\/105319\/revisions"}],"wp:featuredmedia":[{"embeddable":true,"href":"https:\/\/arantv.az\/index.php?rest_route=\/wp\/v2\/media\/105320"}],"wp:attachment":[{"href":"https:\/\/arantv.az\/index.php?rest_route=%2Fwp%2Fv2%2Fmedia&parent=105319"}],"wp:term":[{"taxonomy":"category","embeddable":true,"href":"https:\/\/arantv.az\/index.php?rest_route=%2Fwp%2Fv2%2Fcategories&post=105319"},{"taxonomy":"post_tag","embeddable":true,"href":"https:\/\/arantv.az\/index.php?rest_route=%2Fwp%2Fv2%2Ftags&post=105319"}],"curies":[{"name":"wp","href":"https:\/\/api.w.org\/{rel}","templated":true}]}}