{"id":105335,"date":"2019-12-09T14:25:32","date_gmt":"2019-12-09T11:25:32","guid":{"rendered":"http:\/\/arantv.az\/?p=105335"},"modified":"2019-12-09T14:25:32","modified_gmt":"2019-12-09T11:25:32","slug":"prezident-ilham-%c9%99liyev-bu-il-rusiya-v%c9%99-az%c9%99rbaycan-arasinda-butun-istiqam%c9%99tl%c9%99r-uzr%c9%99-ikit%c9%99r%c9%99fli-munasib%c9%99tl%c9%99rin-inkisafi-ucun-cox-ugurlu-olub","status":"publish","type":"post","link":"https:\/\/arantv.az\/?p=105335","title":{"rendered":"Prezident \u0130lham \u018fliyev: &#8220;Bu il Rusiya v\u0259 Az\u0259rbaycan aras\u0131nda b\u00fct\u00fcn istiqam\u0259tl\u0259r \u00fczr\u0259 ikit\u0259r\u0259fli m\u00fcnasib\u0259tl\u0259rin inki\u015faf\u0131 \u00fc\u00e7\u00fcn \u00e7ox u\u011furlu olub&#8221;"},"content":{"rendered":"<p>&#8220;Bu il Rusiya v\u0259 Az\u0259rbaycan aras\u0131nda b\u00fct\u00fcn istiqam\u0259tl\u0259r \u00fczr\u0259 ikit\u0259r\u0259fli m\u00fcnasib\u0259tl\u0259rin inki\u015faf\u0131 \u00fc\u00e7\u00fcn \u00e7ox u\u011furlu olub&#8221;.<\/p>\n<p><strong>ARANTV.AZ<\/strong>\u00a0<a href=\"https:\/\/azertag.az\/\" target=\"_blank\" rel=\"noopener\">AZ\u018fRTAC<\/a>-a istinad\u0259n x\u0259b\u0259r verir ki, bunu Az\u0259rbaycan Respublikas\u0131n\u0131n Prezidenti \u0130lham \u018fliyev dekabr\u0131n 9-da Rusiya Federasiyas\u0131n\u0131n \u0130qtisadi \u0130nki\u015faf naziri, Rusiya-Az\u0259rbaycan H\u00f6kum\u0259tl\u0259raras\u0131 \u0130qtisadi Komissiyas\u0131n\u0131n h\u0259ms\u0259dri Maksim Ore\u015fkinin ba\u015f\u00e7\u0131l\u0131q etdiyi n\u00fcmay\u0259nd\u0259 hey\u0259tini q\u0259bul ed\u0259rk\u0259n deyib.<\/p>\n<p>D\u00f6vl\u0259t ba\u015f\u00e7\u0131s\u0131 bildirib: &#8220;Az\u0259rbaycana xo\u015f g\u0259lmisiniz. Sizi yenid\u0259n g\u00f6rm\u0259yim\u0259 \u015fadam. \u0130l ba\u015fa \u00e7at\u0131r. Art\u0131q indid\u0259n dem\u0259k olar ki, bu il b\u00fct\u00fcn istiqam\u0259tl\u0259r \u00fczr\u0259 ikit\u0259r\u0259fli m\u00fcnasib\u0259tl\u0259rimizin inki\u015faf\u0131 \u00fc\u00e7\u00fcn \u00e7ox u\u011furlu olub. Y\u00fcks\u0259k s\u0259viyy\u0259d\u0259, prezidentl\u0259r aras\u0131nda \u00e7ox m\u00fch\u00fcm g\u00f6r\u00fc\u015fl\u0259r olub. Beyn\u0259lxalq t\u0259dbirl\u0259r \u00e7\u0259r\u00e7iv\u0259sind\u0259 ke\u00e7iril\u0259n g\u00f6r\u00fc\u015fl\u0259rd\u0259n \u0259lav\u0259, prezidentl\u0259r aras\u0131nda iki g\u00f6r\u00fc\u015f olub. Sizin d\u0259 i\u015ftirak etdiyiniz h\u0259min g\u00f6r\u00fc\u015fl\u0259rd\u0259 b\u00fct\u00fcn istiqam\u0259tl\u0259r \u00fczr\u0259 qar\u015f\u0131l\u0131ql\u0131 f\u0259aliyy\u0259timizin \u0259sas, o c\u00fcml\u0259d\u0259n iqtisadi-ticari \u0259laq\u0259l\u0259rin inki\u015faf\u0131 prinsipl\u0259ri t\u0259sdiq edilib. Prezidentl\u0259r &#8220;yol x\u0259rit\u0259l\u0259ri&#8221;nin implementasiyas\u0131 \u00fczr\u0259 i\u015fi f\u0259alla\u015fd\u0131rmaq bar\u0259d\u0259 tap\u015f\u0131r\u0131q veribl\u0259r. \u015eadam ki, bu proses \u00e7ox u\u011furla gedir&#8221;.<\/p>\n<p>Prezident \u0130lham \u018fliyev qeyd edib ki, Mehriban \u018fliyevan\u0131n Moskvaya s\u0259f\u0259ri \u00e7\u0259r\u00e7iv\u0259sind\u0259 d\u0259 &#8220;yol x\u0259rit\u0259l\u0259ri&#8221; siyah\u0131s\u0131n\u0131n geni\u015fl\u0259ndirilm\u0259si raz\u0131la\u015fd\u0131r\u0131l\u0131b ki, onlar yeni sah\u0259l\u0259ri \u0259hat\u0259 etsin. &#8220;Yol x\u0259rit\u0259l\u0259ri&#8221;nin realla\u015fmas\u0131n\u0131n yax\u015f\u0131 n\u0259tic\u0259l\u0259r verdiyini n\u0259z\u0259r\u0259 alsaq, bu, \u00e7ox vacibdir. Ona g\u00f6r\u0259 d\u0259 bu siyah\u0131ya yeni istiqam\u0259tl\u0259rin \u0259lav\u0259 edilm\u0259si, \u0259lb\u0259tt\u0259 ki, bizim \u0259m\u0259kda\u015fl\u0131\u011f\u0131m\u0131z\u0131n m\u0259ntiqi davam\u0131d\u0131r:<\/p>\n<p>&#8220;Biz ili yax\u015f\u0131 n\u0259tic\u0259l\u0259rl\u0259 ba\u015fa vururuq, \u0259mt\u0259\u0259 d\u00f6vriyy\u0259si art\u0131r. Bu, sevindirici hald\u0131r, \u00e7\u00fcnki \u0259mt\u0259\u0259 d\u00f6vriyy\u0259si ilb\u0259il art\u0131r. M\u00f6vcud potensial\u0131n art\u0131r\u0131lmas\u0131 ilk bax\u0131\u015fda \u00e7\u0259tindir, \u00e7\u00fcnki baza art\u0131r. Bununla b\u0259rab\u0259r, biz f\u0259al qar\u015f\u0131l\u0131ql\u0131 \u0259laq\u0259l\u0259rin n\u0259tic\u0259l\u0259rini g\u00f6r\u00fcr\u00fck. Bu n\u0259tic\u0259l\u0259r h\u0259m \u0259mt\u0259\u0259 d\u00f6vriyy\u0259sinin, h\u0259m d\u0259 investisiyalar\u0131n artmas\u0131nda \u0259ksini tap\u0131r. Bu m\u0259s\u0259l\u0259 yax\u0131n vaxtlarda Mehriban \u018fliyevan\u0131n s\u0259f\u0259ri \u00e7\u0259r\u00e7iv\u0259sind\u0259 d\u0259 m\u00fczakir\u0259 edilib v\u0259 vur\u011fulan\u0131b ki, h\u0259m Rusiyadan Az\u0259rbaycana, h\u0259m d\u0259 Az\u0259rbaycandan Rusiyaya \u00e7oxmilyardl\u0131q investisiyalar, ilk n\u00f6vb\u0259d\u0259, bizim bir-birimiz\u0259 etimad\u0131m\u0131z\u0131n, h\u0259m\u00e7inin Rusiyada da, Az\u0259rbaycanda da yax\u015f\u0131la\u015fmaqda olan \u0259lveri\u015fli investisiya m\u00fchitinin g\u00f6st\u0259ricisidir. Biz bunu D\u00fcnya Bank\u0131n\u0131n &#8220;Doing Business&#8221; reytinqind\u0259 d\u0259, Davos Forumunun r\u0259qab\u0259tqabiliyy\u0259tlilik reytinqind\u0259 d\u0259 g\u00f6r\u00fcr\u00fck. Bu reytinql\u0259rd\u0259 h\u0259m Az\u0259rbaycan, h\u0259m d\u0259 Rusiya \u00f6z m\u00f6vqel\u0259rini yax\u015f\u0131la\u015fd\u0131r\u0131r. Bu, obyektiv reall\u0131qd\u0131r. Bu fakt onu g\u00f6st\u0259rir ki, \u00f6lk\u0259mizd\u0259 h\u0259yata ke\u00e7iril\u0259n islahatlar konkret n\u0259tic\u0259l\u0259r verir&#8221;.<\/p>\n<p>Az\u0259rbaycan Prezidenti vur\u011fulay\u0131b ki, bu g\u00fcn Az\u0259rbaycanda \u00e7ox m\u00fch\u00fcm investisiya layih\u0259sinin &#8211; \u0259cza\u00e7\u0131l\u0131q m\u00fc\u0259ssis\u0259sinin a\u00e7\u0131l\u0131\u015f\u0131 olacaq:<\/p>\n<p>&#8220;Bu istiqam\u0259td\u0259 Az\u0259rbaycan bazar\u0131n\u0131n geni\u015fl\u0259nm\u0259sini, \u0259halinin v\u0259 istehlak\u0131n da artmas\u0131n\u0131 n\u0259z\u0259r\u0259 alsaq, bu, \u00e7ox sevindirici hald\u0131r. \u018flb\u0259tt\u0259 ki, biz bazar\u0131 \u00f6z\u00fcm\u00fcz\u00fcn istehsal etdiyimiz m\u0259hsullarla z\u0259nginl\u0259\u015fdirm\u0259kd\u0259 maraql\u0131y\u0131q. \u0130ndiki halda Rusiya \u015firk\u0259tinin Az\u0259rbaycanda istehsal\u0131 ba\u015fqa istiqam\u0259tl\u0259rd\u0259, ma\u015f\u0131nqay\u0131rma, energetika v\u0259 n\u0259qliyyatda oldu\u011fu kimi, bizim m\u00fcnasib\u0259tl\u0259rimizin yax\u015f\u0131 g\u00f6st\u0259ricisidir. Samur \u00e7ay\u0131 \u00fcz\u0259rind\u0259n k\u00f6rp\u00fcn\u00fcn tikintisi praktiki olaraq ba\u015fa \u00e7atd\u0131r\u0131l\u0131b. Bu da onun n\u0259tic\u0259sidir ki, y\u00fcks\u0259k s\u0259viyy\u0259d\u0259 q\u0259bul edil\u0259n b\u00fct\u00fcn q\u0259rarlar yerin\u0259 yetirilir. Z\u0259nnimc\u0259, bu, bizim m\u00fcnasib\u0259tl\u0259rimizin \u0259sas nailiyy\u0259tl\u0259rind\u0259n biridir. Biz qar\u015f\u0131ya konkret m\u0259s\u0259l\u0259l\u0259r qoyur, onlar\u0131 konkret h\u0259ll edir v\u0259 yax\u015f\u0131 n\u0259tic\u0259l\u0259r g\u00f6r\u00fcr\u00fck.<\/p>\n<p>\u018flb\u0259tt\u0259, Xalq T\u0259s\u0259rr\u00fcfat\u0131 Nailiyy\u0259tl\u0259ri S\u0259rgisind\u0259 &#8220;Az\u0259rbaycan&#8221; pavilyonunun ilkin g\u00f6rk\u0259md\u0259 b\u0259rpa olunmas\u0131n\u0131 m\u0259mnuniyy\u0259tl\u0259 qeyd etm\u0259liy\u0259m. M\u0259n bu pavilyonun a\u00e7\u0131l\u0131\u015f\u0131na televizorla baxm\u0131\u015fam, sonra is\u0259 bizim telekanallarda \u00e7oxlu reportajlar g\u00f6st\u0259rilib. Bu, \u0259lb\u0259tt\u0259, bizim m\u00fcnasib\u0259tl\u0259rimiz \u00fc\u00e7\u00fcn \u00e7ox b\u00f6y\u00fck \u0259h\u0259miyy\u0259t k\u0259sb ed\u0259n olduqca \u0259lam\u0259tdar hadis\u0259 v\u0259 bizim ortaq tariximiz\u0259 h\u00f6rm\u0259t \u0259lam\u0259tidir. D\u00fc\u015f\u00fcn\u00fcr\u0259m ki, bu pavilyon Az\u0259rbaycan mallar\u0131n\u0131 Rusiya bazarlar\u0131nda \u00e7ox f\u0259al t\u0259bli\u011f ed\u0259c\u0259k&#8221;.<\/p>\n<p>D\u00f6vl\u0259t ba\u015f\u00e7\u0131s\u0131n\u0131n s\u00f6zl\u0259rin\u0259 g\u00f6r\u0259, ikit\u0259r\u0259fli \u0259m\u0259kda\u015fl\u0131\u011f\u0131\u0131n b\u00fct\u00fcn istiqam\u0259tl\u0259ri \u00fczr\u0259 m\u00fcsb\u0259t n\u0259tic\u0259l\u0259r g\u00f6z qaba\u011f\u0131ndad\u0131r: &#8220;Art\u0131q yekun vurmaq olar. \u018fmin\u0259m ki, n\u00f6vb\u0259ti il d\u0259 \u00e7ox u\u011furlu olacaq, ona g\u00f6r\u0259 ki, m\u00fcnasib\u0259tl\u0259rimizi m\u00f6hk\u0259ml\u0259tm\u0259k \u00fc\u00e7\u00fcn \u00e7ox ciddi niyy\u0259tl\u0259rimiz var. Bu g\u00fcn H\u00f6kum\u0259tl\u0259raras\u0131 Komissiyan\u0131n iclas\u0131 da ke\u00e7iril\u0259c\u0259k. \u018fmin\u0259m ki, geni\u015f spektrli m\u0259s\u0259l\u0259l\u0259r m\u00fczakir\u0259 olunacaq, realla\u015fd\u0131r\u0131lmaq \u00fc\u00e7\u00fcn konkret tap\u015f\u0131r\u0131qlar veril\u0259c\u0259k. Buna g\u00f6r\u0259 inan\u0131ram ki, s\u0259f\u0259riniz \u00e7ox s\u0259m\u0259r\u0259li olacaq v\u0259 Bak\u0131da vaxt\u0131n\u0131z\u0131n xo\u015f ke\u00e7m\u0259sini arzu edir\u0259m&#8221;.<\/p>\n<p>Rusiya Federasiyas\u0131n\u0131n \u0130qtisadi \u0130nki\u015faf naziri, Rusiya-Az\u0259rbaycan H\u00f6kum\u0259tl\u0259raras\u0131 \u0130qtisadi Komissiyas\u0131n\u0131n h\u0259ms\u0259dri Maksim Ore\u015fkin Rusiya Prezidenti Vladimir Putinin salamlar\u0131n\u0131 d\u00f6vl\u0259timizin ba\u015f\u00e7\u0131s\u0131na \u00e7atd\u0131rd\u0131.<\/p>\n<p>Prezident \u0130lham \u018fliyev Rusiya Federasiyas\u0131n\u0131n Prezidenti Vladimir Putinin salamlar\u0131na g\u00f6r\u0259 minn\u0259tdarl\u0131\u011f\u0131n\u0131 bildirdi, onun da salamlar\u0131n\u0131 Rusiya d\u00f6vl\u0259tinin ba\u015f\u00e7\u0131s\u0131na \u00e7atd\u0131rma\u011f\u0131 xahi\u015f etdi.<\/p>\n","protected":false},"excerpt":{"rendered":"<p>&#8220;Bu il Rusiya v\u0259 Az\u0259rbaycan aras\u0131nda b\u00fct\u00fcn istiqam\u0259tl\u0259r \u00fczr\u0259 ikit\u0259r\u0259fli m\u00fcnasib\u0259tl\u0259rin inki\u015faf\u0131 \u00fc\u00e7\u00fcn \u00e7ox u\u011furlu olub&#8221;. ARANTV.AZ\u00a0AZ\u018fRTAC-a istinad\u0259n x\u0259b\u0259r verir ki, bunu Az\u0259rbaycan Respublikas\u0131n\u0131n Prezidenti \u0130lham \u018fliyev dekabr\u0131n 9-da Rusiya Federasiyas\u0131n\u0131n \u0130qtisadi \u0130nki\u015faf naziri, Rusiya-Az\u0259rbaycan H\u00f6kum\u0259tl\u0259raras\u0131 \u0130qtisadi Komissiyas\u0131n\u0131n h\u0259ms\u0259dri Maksim Ore\u015fkinin ba\u015f\u00e7\u0131l\u0131q etdiyi n\u00fcmay\u0259nd\u0259 hey\u0259tini q\u0259bul ed\u0259rk\u0259n deyib. D\u00f6vl\u0259t ba\u015f\u00e7\u0131s\u0131 bildirib: &#8220;Az\u0259rbaycana xo\u015f g\u0259lmisiniz. Sizi yenid\u0259n g\u00f6rm\u0259yim\u0259 \u015fadam. \u0130l ba\u015fa \u00e7at\u0131r. Art\u0131q indid\u0259n dem\u0259k olar ki, bu il b\u00fct\u00fcn istiqam\u0259tl\u0259r \u00fczr\u0259 ikit\u0259r\u0259fli m\u00fcnasib\u0259tl\u0259rimizin inki\u015faf\u0131 \u00fc\u00e7\u00fcn \u00e7ox u\u011furlu olub. Y\u00fcks\u0259k s\u0259viyy\u0259d\u0259, prezidentl\u0259r aras\u0131nda \u00e7ox m\u00fch\u00fcm g\u00f6r\u00fc\u015fl\u0259r olub. Beyn\u0259lxalq t\u0259dbirl\u0259r \u00e7\u0259r\u00e7iv\u0259sind\u0259 ke\u00e7iril\u0259n&hellip;<\/p>\n","protected":false},"author":2,"featured_media":105336,"comment_status":"closed","ping_status":"closed","sticky":false,"template":"","format":"standard","meta":{"om_disable_all_campaigns":false,"_monsterinsights_skip_tracking":false,"_monsterinsights_sitenote_active":false,"_monsterinsights_sitenote_note":"","_monsterinsights_sitenote_category":0},"categories":[4],"tags":[],"aioseo_notices":[],"gutentor_comment":0,"rttpg_featured_image_url":{"full":["https:\/\/arantv.az\/wp-content\/uploads\/2019\/12\/808901_02.jpg",1000,571,false],"landscape":["https:\/\/arantv.az\/wp-content\/uploads\/2019\/12\/808901_02.jpg",1000,571,false],"portraits":["https:\/\/arantv.az\/wp-content\/uploads\/2019\/12\/808901_02.jpg",1000,571,false],"thumbnail":["https:\/\/arantv.az\/wp-content\/uploads\/2019\/12\/808901_02-150x150.jpg",150,150,true],"medium":["https:\/\/arantv.az\/wp-content\/uploads\/2019\/12\/808901_02-300x171.jpg",300,171,true],"large":["https:\/\/arantv.az\/wp-content\/uploads\/2019\/12\/808901_02.jpg",640,365,false],"1536x1536":["https:\/\/arantv.az\/wp-content\/uploads\/2019\/12\/808901_02.jpg",1000,571,false],"2048x2048":["https:\/\/arantv.az\/wp-content\/uploads\/2019\/12\/808901_02.jpg",1000,571,false],"post-thumbnail":["https:\/\/arantv.az\/wp-content\/uploads\/2019\/12\/808901_02-240x172.jpg",240,172,true],"advps-thumb-one":["https:\/\/arantv.az\/wp-content\/uploads\/2019\/12\/808901_02.jpg",1000,571,false]},"rttpg_author":{"display_name":"V\u00fcsal Rafiqo\u011flu","author_link":"https:\/\/arantv.az\/?author=2"},"rttpg_comment":0,"rttpg_category":"<a href=\"https:\/\/arantv.az\/?cat=4\" rel=\"category\">Siyas\u0259t<\/a>","rttpg_excerpt":"&#8220;Bu il Rusiya v\u0259 Az\u0259rbaycan aras\u0131nda b\u00fct\u00fcn istiqam\u0259tl\u0259r \u00fczr\u0259 ikit\u0259r\u0259fli m\u00fcnasib\u0259tl\u0259rin inki\u015faf\u0131 \u00fc\u00e7\u00fcn \u00e7ox u\u011furlu olub&#8221;. ARANTV.AZ\u00a0AZ\u018fRTAC-a istinad\u0259n x\u0259b\u0259r verir ki, bunu Az\u0259rbaycan Respublikas\u0131n\u0131n Prezidenti \u0130lham \u018fliyev dekabr\u0131n 9-da Rusiya Federasiyas\u0131n\u0131n \u0130qtisadi \u0130nki\u015faf naziri, Rusiya-Az\u0259rbaycan H\u00f6kum\u0259tl\u0259raras\u0131 \u0130qtisadi Komissiyas\u0131n\u0131n h\u0259ms\u0259dri Maksim Ore\u015fkinin ba\u015f\u00e7\u0131l\u0131q etdiyi n\u00fcmay\u0259nd\u0259 hey\u0259tini q\u0259bul ed\u0259rk\u0259n deyib. D\u00f6vl\u0259t ba\u015f\u00e7\u0131s\u0131 bildirib: &#8220;Az\u0259rbaycana xo\u015f g\u0259lmisiniz. Sizi&hellip;","_links":{"self":[{"href":"https:\/\/arantv.az\/index.php?rest_route=\/wp\/v2\/posts\/105335"}],"collection":[{"href":"https:\/\/arantv.az\/index.php?rest_route=\/wp\/v2\/posts"}],"about":[{"href":"https:\/\/arantv.az\/index.php?rest_route=\/wp\/v2\/types\/post"}],"author":[{"embeddable":true,"href":"https:\/\/arantv.az\/index.php?rest_route=\/wp\/v2\/users\/2"}],"replies":[{"embeddable":true,"href":"https:\/\/arantv.az\/index.php?rest_route=%2Fwp%2Fv2%2Fcomments&post=105335"}],"version-history":[{"count":0,"href":"https:\/\/arantv.az\/index.php?rest_route=\/wp\/v2\/posts\/105335\/revisions"}],"wp:featuredmedia":[{"embeddable":true,"href":"https:\/\/arantv.az\/index.php?rest_route=\/wp\/v2\/media\/105336"}],"wp:attachment":[{"href":"https:\/\/arantv.az\/index.php?rest_route=%2Fwp%2Fv2%2Fmedia&parent=105335"}],"wp:term":[{"taxonomy":"category","embeddable":true,"href":"https:\/\/arantv.az\/index.php?rest_route=%2Fwp%2Fv2%2Fcategories&post=105335"},{"taxonomy":"post_tag","embeddable":true,"href":"https:\/\/arantv.az\/index.php?rest_route=%2Fwp%2Fv2%2Ftags&post=105335"}],"curies":[{"name":"wp","href":"https:\/\/api.w.org\/{rel}","templated":true}]}}