{"id":105393,"date":"2019-12-09T15:22:24","date_gmt":"2019-12-09T12:22:24","guid":{"rendered":"http:\/\/arantv.az\/?p=105393"},"modified":"2019-12-09T15:22:24","modified_gmt":"2019-12-09T12:22:24","slug":"maksim-oreskin-az%c9%99rbaycan-rusiya-munasib%c9%99tl%c9%99ri-mohk%c9%99m-strateji-%c9%99sasa-malikdir","status":"publish","type":"post","link":"https:\/\/arantv.az\/?p=105393","title":{"rendered":"Maksim Ore\u015fkin: &#8220;Az\u0259rbaycan-Rusiya m\u00fcnasib\u0259tl\u0259ri m\u00f6hk\u0259m strateji \u0259sasa malikdir&#8221;"},"content":{"rendered":"<p>&#8220;Az\u0259rbaycan-Rusiya m\u00fcnasib\u0259tl\u0259ri m\u00f6hk\u0259m iqtisadi v\u0259 siyasi \u0259sasa malikdir v\u0259 bu, \u00f6lk\u0259l\u0259r aras\u0131nda strateji t\u0259r\u0259fda\u015fl\u0131\u011f\u0131n t\u0259sdiqidir&#8221;.<\/p>\n<p><strong>ARANTV.AZ\u00a0\u00a0<\/strong><a href=\"https:\/\/az.trend.az\/\" target=\"_blank\" rel=\"noopener\">Trend<\/a>-\u0259 istinad\u0259n x\u0259b\u0259r verir ki, bunu Rusiyan\u0131n \u0130qtisadi \u0130nki\u015faf naziri Maksim Ore\u015fkin iqtisadi \u0259m\u0259kda\u015fl\u0131q \u00fczr\u0259 Az\u0259rbaycan-Rusiya h\u00f6kum\u0259tl\u0259raras\u0131 komissiyas\u0131n\u0131n 18-ci iclas\u0131nda deyib.<\/p>\n<p>Nazir Prezident \u0130lham \u018fliyevin sentyabr ay\u0131nda Rusiyaya u\u011furlu s\u0259f\u0259rini v\u0259 bu s\u0259f\u0259r \u00e7\u0259r\u00e7iv\u0259sind\u0259 be\u015f yol x\u0259rit\u0259si \u00fczr\u0259 ciddi i\u015fl\u0259rin g\u00f6r\u00fcld\u00fcy\u00fcn\u00fc qeyd edib:<\/p>\n<p>&#8220;X\u00fcsusil\u0259 Birinci vitse-prezident Mehriban \u018fliyevan\u0131n Rusiyaya s\u0259f\u0259rinin yekunlar\u0131n\u0131 qeyd etm\u0259k ist\u0259yir\u0259m. Bu s\u0259f\u0259r \u00e7\u0259r\u00e7iv\u0259sind\u0259 r\u0259q\u0259msal iqtisadiyyat\u0131n inki\u015faf\u0131 sah\u0259sind\u0259 alt\u0131nc\u0131 yol x\u0259rit\u0259sinin haz\u0131rlanmas\u0131 bar\u0259d\u0259 raz\u0131l\u0131q \u0259ld\u0259 olundu v\u0259 art\u0131q ilk n\u0259tic\u0259l\u0259r var&#8221;.<\/p>\n<p>M.Ore\u015fkin \u0259lav\u0259 edib ki, Rusiya il\u0259 Az\u0259rbaycan aras\u0131nda \u0259m\u0259kda\u015fl\u0131q t\u0259kc\u0259 ticar\u0259t sah\u0259sind\u0259 m\u00fcsb\u0259t n\u0259tic\u0259 g\u00f6st\u0259rmir. O vur\u011fulay\u0131b ki, n\u0259qliyyat v\u0259 infrastruktur sah\u0259sind\u0259 Samur \u00e7ay\u0131 \u00fcz\u0259rind\u0259 k\u00f6rp\u00fc tikintisi kimi vacib layih\u0259 realla\u015fd\u0131r\u0131l\u0131r.<\/p>\n","protected":false},"excerpt":{"rendered":"<p>&#8220;Az\u0259rbaycan-Rusiya m\u00fcnasib\u0259tl\u0259ri m\u00f6hk\u0259m iqtisadi v\u0259 siyasi \u0259sasa malikdir v\u0259 bu, \u00f6lk\u0259l\u0259r aras\u0131nda strateji t\u0259r\u0259fda\u015fl\u0131\u011f\u0131n t\u0259sdiqidir&#8221;. ARANTV.AZ\u00a0\u00a0Trend-\u0259 istinad\u0259n x\u0259b\u0259r verir ki, bunu Rusiyan\u0131n \u0130qtisadi \u0130nki\u015faf naziri Maksim Ore\u015fkin iqtisadi \u0259m\u0259kda\u015fl\u0131q \u00fczr\u0259 Az\u0259rbaycan-Rusiya h\u00f6kum\u0259tl\u0259raras\u0131 komissiyas\u0131n\u0131n 18-ci iclas\u0131nda deyib. Nazir Prezident \u0130lham \u018fliyevin sentyabr ay\u0131nda Rusiyaya u\u011furlu s\u0259f\u0259rini v\u0259 bu s\u0259f\u0259r \u00e7\u0259r\u00e7iv\u0259sind\u0259 be\u015f yol x\u0259rit\u0259si \u00fczr\u0259 ciddi i\u015fl\u0259rin g\u00f6r\u00fcld\u00fcy\u00fcn\u00fc qeyd edib: &#8220;X\u00fcsusil\u0259 Birinci vitse-prezident Mehriban \u018fliyevan\u0131n Rusiyaya s\u0259f\u0259rinin yekunlar\u0131n\u0131 qeyd etm\u0259k ist\u0259yir\u0259m. Bu s\u0259f\u0259r \u00e7\u0259r\u00e7iv\u0259sind\u0259 r\u0259q\u0259msal iqtisadiyyat\u0131n inki\u015faf\u0131 sah\u0259sind\u0259 alt\u0131nc\u0131 yol x\u0259rit\u0259sinin haz\u0131rlanmas\u0131 bar\u0259d\u0259 raz\u0131l\u0131q \u0259ld\u0259 olundu v\u0259 art\u0131q ilk n\u0259tic\u0259l\u0259r var&#8221;. M.Ore\u015fkin&hellip;<\/p>\n","protected":false},"author":2,"featured_media":105394,"comment_status":"closed","ping_status":"closed","sticky":false,"template":"","format":"standard","meta":{"om_disable_all_campaigns":false,"_monsterinsights_skip_tracking":false,"_monsterinsights_sitenote_active":false,"_monsterinsights_sitenote_note":"","_monsterinsights_sitenote_category":0},"categories":[4],"tags":[],"aioseo_notices":[],"gutentor_comment":0,"rttpg_featured_image_url":{"full":["https:\/\/arantv.az\/wp-content\/uploads\/2019\/12\/809024.jpg",550,340,false],"landscape":["https:\/\/arantv.az\/wp-content\/uploads\/2019\/12\/809024.jpg",550,340,false],"portraits":["https:\/\/arantv.az\/wp-content\/uploads\/2019\/12\/809024.jpg",550,340,false],"thumbnail":["https:\/\/arantv.az\/wp-content\/uploads\/2019\/12\/809024-150x150.jpg",150,150,true],"medium":["https:\/\/arantv.az\/wp-content\/uploads\/2019\/12\/809024-300x185.jpg",300,185,true],"large":["https:\/\/arantv.az\/wp-content\/uploads\/2019\/12\/809024.jpg",550,340,false],"1536x1536":["https:\/\/arantv.az\/wp-content\/uploads\/2019\/12\/809024.jpg",550,340,false],"2048x2048":["https:\/\/arantv.az\/wp-content\/uploads\/2019\/12\/809024.jpg",550,340,false],"post-thumbnail":["https:\/\/arantv.az\/wp-content\/uploads\/2019\/12\/809024-240x172.jpg",240,172,true],"advps-thumb-one":["https:\/\/arantv.az\/wp-content\/uploads\/2019\/12\/809024.jpg",550,340,false]},"rttpg_author":{"display_name":"V\u00fcsal Rafiqo\u011flu","author_link":"https:\/\/arantv.az\/?author=2"},"rttpg_comment":0,"rttpg_category":"<a href=\"https:\/\/arantv.az\/?cat=4\" rel=\"category\">Siyas\u0259t<\/a>","rttpg_excerpt":"&#8220;Az\u0259rbaycan-Rusiya m\u00fcnasib\u0259tl\u0259ri m\u00f6hk\u0259m iqtisadi v\u0259 siyasi \u0259sasa malikdir v\u0259 bu, \u00f6lk\u0259l\u0259r aras\u0131nda strateji t\u0259r\u0259fda\u015fl\u0131\u011f\u0131n t\u0259sdiqidir&#8221;. ARANTV.AZ\u00a0\u00a0Trend-\u0259 istinad\u0259n x\u0259b\u0259r verir ki, bunu Rusiyan\u0131n \u0130qtisadi \u0130nki\u015faf naziri Maksim Ore\u015fkin iqtisadi \u0259m\u0259kda\u015fl\u0131q \u00fczr\u0259 Az\u0259rbaycan-Rusiya h\u00f6kum\u0259tl\u0259raras\u0131 komissiyas\u0131n\u0131n 18-ci iclas\u0131nda deyib. Nazir Prezident \u0130lham \u018fliyevin sentyabr ay\u0131nda Rusiyaya u\u011furlu s\u0259f\u0259rini v\u0259 bu s\u0259f\u0259r \u00e7\u0259r\u00e7iv\u0259sind\u0259 be\u015f yol x\u0259rit\u0259si \u00fczr\u0259 ciddi i\u015fl\u0259rin&hellip;","_links":{"self":[{"href":"https:\/\/arantv.az\/index.php?rest_route=\/wp\/v2\/posts\/105393"}],"collection":[{"href":"https:\/\/arantv.az\/index.php?rest_route=\/wp\/v2\/posts"}],"about":[{"href":"https:\/\/arantv.az\/index.php?rest_route=\/wp\/v2\/types\/post"}],"author":[{"embeddable":true,"href":"https:\/\/arantv.az\/index.php?rest_route=\/wp\/v2\/users\/2"}],"replies":[{"embeddable":true,"href":"https:\/\/arantv.az\/index.php?rest_route=%2Fwp%2Fv2%2Fcomments&post=105393"}],"version-history":[{"count":0,"href":"https:\/\/arantv.az\/index.php?rest_route=\/wp\/v2\/posts\/105393\/revisions"}],"wp:featuredmedia":[{"embeddable":true,"href":"https:\/\/arantv.az\/index.php?rest_route=\/wp\/v2\/media\/105394"}],"wp:attachment":[{"href":"https:\/\/arantv.az\/index.php?rest_route=%2Fwp%2Fv2%2Fmedia&parent=105393"}],"wp:term":[{"taxonomy":"category","embeddable":true,"href":"https:\/\/arantv.az\/index.php?rest_route=%2Fwp%2Fv2%2Fcategories&post=105393"},{"taxonomy":"post_tag","embeddable":true,"href":"https:\/\/arantv.az\/index.php?rest_route=%2Fwp%2Fv2%2Ftags&post=105393"}],"curies":[{"name":"wp","href":"https:\/\/api.w.org\/{rel}","templated":true}]}}