{"id":105397,"date":"2019-12-09T15:23:29","date_gmt":"2019-12-09T12:23:29","guid":{"rendered":"http:\/\/arantv.az\/?p=105397"},"modified":"2019-12-09T15:23:29","modified_gmt":"2019-12-09T12:23:29","slug":"az%c9%99rbaycan-rusiyanin-c%c9%99nubi-qafqazda-%c9%99n-vacib-t%c9%99r%c9%99fdasidir","status":"publish","type":"post","link":"https:\/\/arantv.az\/?p=105397","title":{"rendered":"Az\u0259rbaycan Rusiyan\u0131n C\u0259nubi Qafqazda \u0259n vacib t\u0259r\u0259fda\u015f\u0131d\u0131r"},"content":{"rendered":"<p><strong>&#8220;Az\u0259rbaycan Rusiyan\u0131n C\u0259nubi Qafqazda \u0259n vacib iqtisadi v\u0259 ticar\u0259t t\u0259r\u0259fda\u015f\u0131d\u0131r&#8221;.<\/strong><\/p>\n<p><strong>ARANTV.AZ<\/strong>\u00a0\u00a0<a href=\"https:\/\/az.trend.az\/\" target=\"_blank\" rel=\"noopener\">Trend<\/a>-\u0259 istinad\u0259n x\u0259b\u0259r verir ki, bunu \u0130qtisadiyyat nazirinin m\u00fcavini Niyazi S\u0259f\u0259rov iqtisadi \u0259m\u0259kda\u015fl\u0131q \u00fczr\u0259 Az\u0259rbaycan-Rusiya h\u00f6kum\u0259tl\u0259raras\u0131 komissiyas\u0131n\u0131n 18-ci iclas\u0131nda deyib.<\/p>\n<p>O bildirib ki, Rusiyan\u0131n C\u0259nubi Qafqazdak\u0131 ticar\u0259t \u0259m\u0259liyyatlar\u0131n\u0131n 45 faizi Az\u0259rbaycan\u0131n pay\u0131na d\u00fc\u015f\u00fcr, eyni zamanda Rusiya Az\u0259rbaycan\u0131n xarici ticar\u0259t d\u00f6vriyy\u0259sind\u0259 birinci yeri tutur:<\/p>\n<p>&#8220;Az\u0259rbaycan iqtisadiyyat\u0131n r\u0259q\u0259msalla\u015fd\u0131r\u0131lmas\u0131, y\u00fcks\u0259k texnologiyalar v\u0259 innovasiyalar sah\u0259l\u0259rind\u0259 \u0259laq\u0259l\u0259rin geni\u015fl\u0259nm\u0259sini y\u00fcks\u0259k qiym\u0259tl\u0259ndirir, Xalq T\u0259s\u0259rr\u00fcfat\u0131 Nailiyy\u0259tl\u0259ri S\u0259rgisind\u0259ki Az\u0259rbaycan pavilyonu is\u0259 ikit\u0259r\u0259fli iqtisadi m\u00fcnasib\u0259tl\u0259rin inki\u015faf\u0131na xidm\u0259t ed\u0259c\u0259k&#8221;.<\/p>\n","protected":false},"excerpt":{"rendered":"<p>&#8220;Az\u0259rbaycan Rusiyan\u0131n C\u0259nubi Qafqazda \u0259n vacib iqtisadi v\u0259 ticar\u0259t t\u0259r\u0259fda\u015f\u0131d\u0131r&#8221;. ARANTV.AZ\u00a0\u00a0Trend-\u0259 istinad\u0259n x\u0259b\u0259r verir ki, bunu \u0130qtisadiyyat nazirinin m\u00fcavini Niyazi S\u0259f\u0259rov iqtisadi \u0259m\u0259kda\u015fl\u0131q \u00fczr\u0259 Az\u0259rbaycan-Rusiya h\u00f6kum\u0259tl\u0259raras\u0131 komissiyas\u0131n\u0131n 18-ci iclas\u0131nda deyib. O bildirib ki, Rusiyan\u0131n C\u0259nubi Qafqazdak\u0131 ticar\u0259t \u0259m\u0259liyyatlar\u0131n\u0131n 45 faizi Az\u0259rbaycan\u0131n pay\u0131na d\u00fc\u015f\u00fcr, eyni zamanda Rusiya Az\u0259rbaycan\u0131n xarici ticar\u0259t d\u00f6vriyy\u0259sind\u0259 birinci yeri tutur: &#8220;Az\u0259rbaycan iqtisadiyyat\u0131n r\u0259q\u0259msalla\u015fd\u0131r\u0131lmas\u0131, y\u00fcks\u0259k texnologiyalar v\u0259 innovasiyalar sah\u0259l\u0259rind\u0259 \u0259laq\u0259l\u0259rin geni\u015fl\u0259nm\u0259sini y\u00fcks\u0259k qiym\u0259tl\u0259ndirir, Xalq T\u0259s\u0259rr\u00fcfat\u0131 Nailiyy\u0259tl\u0259ri S\u0259rgisind\u0259ki Az\u0259rbaycan pavilyonu is\u0259 ikit\u0259r\u0259fli iqtisadi m\u00fcnasib\u0259tl\u0259rin inki\u015faf\u0131na xidm\u0259t ed\u0259c\u0259k&#8221;.<\/p>\n","protected":false},"author":2,"featured_media":105398,"comment_status":"closed","ping_status":"closed","sticky":false,"template":"","format":"standard","meta":{"om_disable_all_campaigns":false,"_monsterinsights_skip_tracking":false,"_monsterinsights_sitenote_active":false,"_monsterinsights_sitenote_note":"","_monsterinsights_sitenote_category":0},"categories":[4],"tags":[],"aioseo_notices":[],"gutentor_comment":0,"rttpg_featured_image_url":{"full":["https:\/\/arantv.az\/wp-content\/uploads\/2019\/12\/808994.jpg",800,600,false],"landscape":["https:\/\/arantv.az\/wp-content\/uploads\/2019\/12\/808994.jpg",800,600,false],"portraits":["https:\/\/arantv.az\/wp-content\/uploads\/2019\/12\/808994.jpg",800,600,false],"thumbnail":["https:\/\/arantv.az\/wp-content\/uploads\/2019\/12\/808994-150x150.jpg",150,150,true],"medium":["https:\/\/arantv.az\/wp-content\/uploads\/2019\/12\/808994-300x225.jpg",300,225,true],"large":["https:\/\/arantv.az\/wp-content\/uploads\/2019\/12\/808994.jpg",640,480,false],"1536x1536":["https:\/\/arantv.az\/wp-content\/uploads\/2019\/12\/808994.jpg",800,600,false],"2048x2048":["https:\/\/arantv.az\/wp-content\/uploads\/2019\/12\/808994.jpg",800,600,false],"post-thumbnail":["https:\/\/arantv.az\/wp-content\/uploads\/2019\/12\/808994-240x172.jpg",240,172,true],"advps-thumb-one":["https:\/\/arantv.az\/wp-content\/uploads\/2019\/12\/808994.jpg",800,600,false]},"rttpg_author":{"display_name":"V\u00fcsal Rafiqo\u011flu","author_link":"https:\/\/arantv.az\/?author=2"},"rttpg_comment":0,"rttpg_category":"<a href=\"https:\/\/arantv.az\/?cat=4\" rel=\"category\">Siyas\u0259t<\/a>","rttpg_excerpt":"&#8220;Az\u0259rbaycan Rusiyan\u0131n C\u0259nubi Qafqazda \u0259n vacib iqtisadi v\u0259 ticar\u0259t t\u0259r\u0259fda\u015f\u0131d\u0131r&#8221;. ARANTV.AZ\u00a0\u00a0Trend-\u0259 istinad\u0259n x\u0259b\u0259r verir ki, bunu \u0130qtisadiyyat nazirinin m\u00fcavini Niyazi S\u0259f\u0259rov iqtisadi \u0259m\u0259kda\u015fl\u0131q \u00fczr\u0259 Az\u0259rbaycan-Rusiya h\u00f6kum\u0259tl\u0259raras\u0131 komissiyas\u0131n\u0131n 18-ci iclas\u0131nda deyib. O bildirib ki, Rusiyan\u0131n C\u0259nubi Qafqazdak\u0131 ticar\u0259t \u0259m\u0259liyyatlar\u0131n\u0131n 45 faizi Az\u0259rbaycan\u0131n pay\u0131na d\u00fc\u015f\u00fcr, eyni zamanda Rusiya Az\u0259rbaycan\u0131n xarici ticar\u0259t d\u00f6vriyy\u0259sind\u0259 birinci yeri tutur: &#8220;Az\u0259rbaycan iqtisadiyyat\u0131n&hellip;","_links":{"self":[{"href":"https:\/\/arantv.az\/index.php?rest_route=\/wp\/v2\/posts\/105397"}],"collection":[{"href":"https:\/\/arantv.az\/index.php?rest_route=\/wp\/v2\/posts"}],"about":[{"href":"https:\/\/arantv.az\/index.php?rest_route=\/wp\/v2\/types\/post"}],"author":[{"embeddable":true,"href":"https:\/\/arantv.az\/index.php?rest_route=\/wp\/v2\/users\/2"}],"replies":[{"embeddable":true,"href":"https:\/\/arantv.az\/index.php?rest_route=%2Fwp%2Fv2%2Fcomments&post=105397"}],"version-history":[{"count":0,"href":"https:\/\/arantv.az\/index.php?rest_route=\/wp\/v2\/posts\/105397\/revisions"}],"wp:featuredmedia":[{"embeddable":true,"href":"https:\/\/arantv.az\/index.php?rest_route=\/wp\/v2\/media\/105398"}],"wp:attachment":[{"href":"https:\/\/arantv.az\/index.php?rest_route=%2Fwp%2Fv2%2Fmedia&parent=105397"}],"wp:term":[{"taxonomy":"category","embeddable":true,"href":"https:\/\/arantv.az\/index.php?rest_route=%2Fwp%2Fv2%2Fcategories&post=105397"},{"taxonomy":"post_tag","embeddable":true,"href":"https:\/\/arantv.az\/index.php?rest_route=%2Fwp%2Fv2%2Ftags&post=105397"}],"curies":[{"name":"wp","href":"https:\/\/api.w.org\/{rel}","templated":true}]}}