{"id":105411,"date":"2019-12-09T15:48:02","date_gmt":"2019-12-09T12:48:02","guid":{"rendered":"http:\/\/arantv.az\/?p=105411"},"modified":"2019-12-09T15:48:02","modified_gmt":"2019-12-09T12:48:02","slug":"zakir-qaralov-azyaslilarin-isg%c9%99nc%c9%99l%c9%99r%c9%99-m%c9%99ruz-qalmasi-il%c9%99-bagli-m%c9%99s%c9%99l%c9%99ni-xususi-n%c9%99zar%c9%99t%c9%99-goturdu","status":"publish","type":"post","link":"https:\/\/arantv.az\/?p=105411","title":{"rendered":"Zakir Qaralov azya\u015fl\u0131lar\u0131n i\u015fg\u0259nc\u0259l\u0259r\u0259 m\u0259ruz qalmas\u0131 il\u0259 ba\u011fl\u0131 m\u0259s\u0259l\u0259ni x\u00fcsusi n\u0259zar\u0259t\u0259 g\u00f6t\u00fcrd\u00fc"},"content":{"rendered":"<p>Ba\u015f prokuror Zakir Qaralov Bak\u0131n\u0131n Sabun\u00e7u rayonunda azya\u015fl\u0131lar\u0131n valideynl\u0259ri t\u0259r\u0259find\u0259n i\u015fg\u0259nc\u0259l\u0259r\u0259 m\u0259ruz qalmas\u0131 bar\u0259d\u0259 yay\u0131lan m\u0259lumatlar\u0131 n\u0259zar\u0259t\u0259 g\u00f6t\u00fcr\u00fcb.<\/p>\n<p>Bu bar\u0259d\u0259 Ba\u015f Prokurorlu\u011fun M\u0259tbuat xidm\u0259tinin r\u0259hb\u0259ri Eldar Sultanov \u00f6z \u201cFacebook\u201d s\u0259hif\u0259sind\u0259 m\u0259lumat verib.<\/p>\n<div id=\"AdviadNativeVideo0\" class=\"AdviadNativeVideo\"><\/div>\n<p>\u201cB\u0259zi k\u00fctl\u0259vi informasiya vasit\u0259l\u0259ri v\u0259 sosial \u015f\u0259b\u0259k\u0259l\u0259rd\u0259 paytaxt\u0131n Sabun\u00e7u rayonu \u0259razisind\u0259 azya\u015fl\u0131lar &#8211; Qulu v\u0259 H\u00fcseyn adl\u0131 qarda\u015flar\u0131n ata v\u0259 \u00f6gey analar\u0131 t\u0259r\u0259find\u0259n i\u015fg\u0259nc\u0259l\u0259r\u0259 m\u0259ruz qalmalar\u0131 il\u0259 \u0259laq\u0259dar yay\u0131lm\u0131\u015f informasiyalar \u00fczr\u0259 ara\u015fd\u0131rman\u0131n aidiyy\u0259ti d\u00f6vl\u0259t qurumlar\u0131n\u0131n n\u00fcmay\u0259nd\u0259l\u0259ri c\u0259lb edilm\u0259kl\u0259 apar\u0131lmas\u0131 Bak\u0131 \u015f\u0259h\u0259r prokurorlu\u011funa tap\u015f\u0131r\u0131l\u0131b.<\/p>\n<p>Ba\u015f vermi\u015f hadis\u0259 il\u0259 ba\u011fl\u0131 ara\u015fd\u0131rmalar Ba\u015f prokuror t\u0259r\u0259find\u0259n x\u00fcsusi n\u0259zar\u0259t\u0259 g\u00f6t\u00fcr\u00fcl\u00fcb\u201d, &#8211; dey\u0259, E.Sultanov \u0259lav\u0259 edib.<\/p>\n","protected":false},"excerpt":{"rendered":"<p>Ba\u015f prokuror Zakir Qaralov Bak\u0131n\u0131n Sabun\u00e7u rayonunda azya\u015fl\u0131lar\u0131n valideynl\u0259ri t\u0259r\u0259find\u0259n i\u015fg\u0259nc\u0259l\u0259r\u0259 m\u0259ruz qalmas\u0131 bar\u0259d\u0259 yay\u0131lan m\u0259lumatlar\u0131 n\u0259zar\u0259t\u0259 g\u00f6t\u00fcr\u00fcb. Bu bar\u0259d\u0259 Ba\u015f Prokurorlu\u011fun M\u0259tbuat xidm\u0259tinin r\u0259hb\u0259ri Eldar Sultanov \u00f6z \u201cFacebook\u201d s\u0259hif\u0259sind\u0259 m\u0259lumat verib. \u201cB\u0259zi k\u00fctl\u0259vi informasiya vasit\u0259l\u0259ri v\u0259 sosial \u015f\u0259b\u0259k\u0259l\u0259rd\u0259 paytaxt\u0131n Sabun\u00e7u rayonu \u0259razisind\u0259 azya\u015fl\u0131lar &#8211; Qulu v\u0259 H\u00fcseyn adl\u0131 qarda\u015flar\u0131n ata v\u0259 \u00f6gey analar\u0131 t\u0259r\u0259find\u0259n i\u015fg\u0259nc\u0259l\u0259r\u0259 m\u0259ruz qalmalar\u0131 il\u0259 \u0259laq\u0259dar yay\u0131lm\u0131\u015f informasiyalar \u00fczr\u0259 ara\u015fd\u0131rman\u0131n aidiyy\u0259ti d\u00f6vl\u0259t qurumlar\u0131n\u0131n n\u00fcmay\u0259nd\u0259l\u0259ri c\u0259lb edilm\u0259kl\u0259 apar\u0131lmas\u0131 Bak\u0131 \u015f\u0259h\u0259r prokurorlu\u011funa tap\u015f\u0131r\u0131l\u0131b. Ba\u015f vermi\u015f hadis\u0259 il\u0259 ba\u011fl\u0131 ara\u015fd\u0131rmalar Ba\u015f prokuror t\u0259r\u0259find\u0259n x\u00fcsusi n\u0259zar\u0259t\u0259 g\u00f6t\u00fcr\u00fcl\u00fcb\u201d, &#8211; dey\u0259, E.Sultanov&hellip;<\/p>\n","protected":false},"author":2,"featured_media":105412,"comment_status":"closed","ping_status":"closed","sticky":false,"template":"","format":"standard","meta":{"om_disable_all_campaigns":false,"_monsterinsights_skip_tracking":false,"_monsterinsights_sitenote_active":false,"_monsterinsights_sitenote_note":"","_monsterinsights_sitenote_category":0},"categories":[1],"tags":[],"aioseo_notices":[],"gutentor_comment":0,"rttpg_featured_image_url":{"full":["https:\/\/arantv.az\/wp-content\/uploads\/2019\/12\/zakir.jpg",587,440,false],"landscape":["https:\/\/arantv.az\/wp-content\/uploads\/2019\/12\/zakir.jpg",587,440,false],"portraits":["https:\/\/arantv.az\/wp-content\/uploads\/2019\/12\/zakir.jpg",587,440,false],"thumbnail":["https:\/\/arantv.az\/wp-content\/uploads\/2019\/12\/zakir-150x150.jpg",150,150,true],"medium":["https:\/\/arantv.az\/wp-content\/uploads\/2019\/12\/zakir-300x225.jpg",300,225,true],"large":["https:\/\/arantv.az\/wp-content\/uploads\/2019\/12\/zakir.jpg",587,440,false],"1536x1536":["https:\/\/arantv.az\/wp-content\/uploads\/2019\/12\/zakir.jpg",587,440,false],"2048x2048":["https:\/\/arantv.az\/wp-content\/uploads\/2019\/12\/zakir.jpg",587,440,false],"post-thumbnail":["https:\/\/arantv.az\/wp-content\/uploads\/2019\/12\/zakir-240x172.jpg",240,172,true],"advps-thumb-one":["https:\/\/arantv.az\/wp-content\/uploads\/2019\/12\/zakir.jpg",587,440,false]},"rttpg_author":{"display_name":"V\u00fcsal Rafiqo\u011flu","author_link":"https:\/\/arantv.az\/?author=2"},"rttpg_comment":0,"rttpg_category":"<a href=\"https:\/\/arantv.az\/?cat=1\" rel=\"category\">C\u0259miyy\u0259t<\/a>","rttpg_excerpt":"Ba\u015f prokuror Zakir Qaralov Bak\u0131n\u0131n Sabun\u00e7u rayonunda azya\u015fl\u0131lar\u0131n valideynl\u0259ri t\u0259r\u0259find\u0259n i\u015fg\u0259nc\u0259l\u0259r\u0259 m\u0259ruz qalmas\u0131 bar\u0259d\u0259 yay\u0131lan m\u0259lumatlar\u0131 n\u0259zar\u0259t\u0259 g\u00f6t\u00fcr\u00fcb. Bu bar\u0259d\u0259 Ba\u015f Prokurorlu\u011fun M\u0259tbuat xidm\u0259tinin r\u0259hb\u0259ri Eldar Sultanov \u00f6z \u201cFacebook\u201d s\u0259hif\u0259sind\u0259 m\u0259lumat verib. \u201cB\u0259zi k\u00fctl\u0259vi informasiya vasit\u0259l\u0259ri v\u0259 sosial \u015f\u0259b\u0259k\u0259l\u0259rd\u0259 paytaxt\u0131n Sabun\u00e7u rayonu \u0259razisind\u0259 azya\u015fl\u0131lar &#8211; Qulu v\u0259 H\u00fcseyn adl\u0131 qarda\u015flar\u0131n ata v\u0259 \u00f6gey analar\u0131 t\u0259r\u0259find\u0259n&hellip;","_links":{"self":[{"href":"https:\/\/arantv.az\/index.php?rest_route=\/wp\/v2\/posts\/105411"}],"collection":[{"href":"https:\/\/arantv.az\/index.php?rest_route=\/wp\/v2\/posts"}],"about":[{"href":"https:\/\/arantv.az\/index.php?rest_route=\/wp\/v2\/types\/post"}],"author":[{"embeddable":true,"href":"https:\/\/arantv.az\/index.php?rest_route=\/wp\/v2\/users\/2"}],"replies":[{"embeddable":true,"href":"https:\/\/arantv.az\/index.php?rest_route=%2Fwp%2Fv2%2Fcomments&post=105411"}],"version-history":[{"count":0,"href":"https:\/\/arantv.az\/index.php?rest_route=\/wp\/v2\/posts\/105411\/revisions"}],"wp:featuredmedia":[{"embeddable":true,"href":"https:\/\/arantv.az\/index.php?rest_route=\/wp\/v2\/media\/105412"}],"wp:attachment":[{"href":"https:\/\/arantv.az\/index.php?rest_route=%2Fwp%2Fv2%2Fmedia&parent=105411"}],"wp:term":[{"taxonomy":"category","embeddable":true,"href":"https:\/\/arantv.az\/index.php?rest_route=%2Fwp%2Fv2%2Fcategories&post=105411"},{"taxonomy":"post_tag","embeddable":true,"href":"https:\/\/arantv.az\/index.php?rest_route=%2Fwp%2Fv2%2Ftags&post=105411"}],"curies":[{"name":"wp","href":"https:\/\/api.w.org\/{rel}","templated":true}]}}