{"id":105423,"date":"2019-12-09T15:56:47","date_gmt":"2019-12-09T12:56:47","guid":{"rendered":"http:\/\/arantv.az\/?p=105423"},"modified":"2019-12-09T15:56:47","modified_gmt":"2019-12-09T12:56:47","slug":"prezident-ilham-%c9%99liyev-ukraynanin-prezidenti-vladimir-zelenskiy%c9%99-bassagligi-verib","status":"publish","type":"post","link":"https:\/\/arantv.az\/?p=105423","title":{"rendered":"Prezident \u0130lham \u018fliyev Ukraynan\u0131n Prezidenti Vladimir Zelenskiy\u0259 ba\u015fsa\u011fl\u0131\u011f\u0131 verib"},"content":{"rendered":"<p><strong>Prezident \u0130lham \u018fliyev Ukraynan\u0131n Prezidenti Vladimir Zelenskiy\u0259 ba\u015fsa\u011fl\u0131\u011f\u0131 verib.<\/strong><\/p>\n<p><strong>ARANTV.AZ\u00a0<\/strong>\u00a0<a href=\"http:\/\/azertag.az\/\" target=\"_blank\" rel=\"noopener\">AZ\u018fRTAC<\/a>-a istinad\u0259n bildirir ki,\u00a0ba\u015fsa\u011fl\u0131\u011f\u0131nda deyilir:<\/p>\n<p>&#8220;H\u00f6rm\u0259tli c\u0259nab Prezident, Odessa \u015f\u0259h\u0259rind\u0259 kollecd\u0259 ba\u015f vermi\u015f yan\u011f\u0131n n\u0259tic\u0259sind\u0259 insan t\u0259l\u0259fat\u0131 x\u0259b\u0259ri m\u0259ni son d\u0259r\u0259c\u0259 k\u0259d\u0259rl\u0259ndirdi.<\/p>\n<p>Bu faci\u0259 il\u0259 \u0259laq\u0259dar Siz\u0259, h\u0259lak olanlar\u0131n ail\u0259l\u0259rin\u0259 v\u0259 yax\u0131nlar\u0131na, b\u00fct\u00fcn Ukrayna xalq\u0131na \u015f\u0259xs\u0259n \u00f6z ad\u0131mdan v\u0259 Az\u0259rbaycan xalq\u0131 ad\u0131ndan d\u0259rin h\u00fcznl\u0259 ba\u015fsa\u011fl\u0131\u011f\u0131 verir, yaralananlar\u0131n v\u0259 x\u0259sar\u0259t alanlar\u0131n tezlikl\u0259 sa\u011falmas\u0131n\u0131 arzulay\u0131ram&#8221;.<\/p>\n","protected":false},"excerpt":{"rendered":"<p>Prezident \u0130lham \u018fliyev Ukraynan\u0131n Prezidenti Vladimir Zelenskiy\u0259 ba\u015fsa\u011fl\u0131\u011f\u0131 verib. ARANTV.AZ\u00a0\u00a0AZ\u018fRTAC-a istinad\u0259n bildirir ki,\u00a0ba\u015fsa\u011fl\u0131\u011f\u0131nda deyilir: &#8220;H\u00f6rm\u0259tli c\u0259nab Prezident, Odessa \u015f\u0259h\u0259rind\u0259 kollecd\u0259 ba\u015f vermi\u015f yan\u011f\u0131n n\u0259tic\u0259sind\u0259 insan t\u0259l\u0259fat\u0131 x\u0259b\u0259ri m\u0259ni son d\u0259r\u0259c\u0259 k\u0259d\u0259rl\u0259ndirdi. Bu faci\u0259 il\u0259 \u0259laq\u0259dar Siz\u0259, h\u0259lak olanlar\u0131n ail\u0259l\u0259rin\u0259 v\u0259 yax\u0131nlar\u0131na, b\u00fct\u00fcn Ukrayna xalq\u0131na \u015f\u0259xs\u0259n \u00f6z ad\u0131mdan v\u0259 Az\u0259rbaycan xalq\u0131 ad\u0131ndan d\u0259rin h\u00fcznl\u0259 ba\u015fsa\u011fl\u0131\u011f\u0131 verir, yaralananlar\u0131n v\u0259 x\u0259sar\u0259t alanlar\u0131n tezlikl\u0259 sa\u011falmas\u0131n\u0131 arzulay\u0131ram&#8221;.<\/p>\n","protected":false},"author":2,"featured_media":105424,"comment_status":"closed","ping_status":"closed","sticky":false,"template":"","format":"standard","meta":{"om_disable_all_campaigns":false,"_monsterinsights_skip_tracking":false,"_monsterinsights_sitenote_active":false,"_monsterinsights_sitenote_note":"","_monsterinsights_sitenote_category":0},"categories":[4],"tags":[],"aioseo_notices":[],"gutentor_comment":0,"rttpg_featured_image_url":{"full":["https:\/\/arantv.az\/wp-content\/uploads\/2019\/12\/2018_ilham_aliyev_05-4.jpg",1200,900,false],"landscape":["https:\/\/arantv.az\/wp-content\/uploads\/2019\/12\/2018_ilham_aliyev_05-4.jpg",1200,900,false],"portraits":["https:\/\/arantv.az\/wp-content\/uploads\/2019\/12\/2018_ilham_aliyev_05-4.jpg",1200,900,false],"thumbnail":["https:\/\/arantv.az\/wp-content\/uploads\/2019\/12\/2018_ilham_aliyev_05-4-150x150.jpg",150,150,true],"medium":["https:\/\/arantv.az\/wp-content\/uploads\/2019\/12\/2018_ilham_aliyev_05-4-300x225.jpg",300,225,true],"large":["https:\/\/arantv.az\/wp-content\/uploads\/2019\/12\/2018_ilham_aliyev_05-4-1024x768.jpg",640,480,true],"1536x1536":["https:\/\/arantv.az\/wp-content\/uploads\/2019\/12\/2018_ilham_aliyev_05-4.jpg",1200,900,false],"2048x2048":["https:\/\/arantv.az\/wp-content\/uploads\/2019\/12\/2018_ilham_aliyev_05-4.jpg",1200,900,false],"post-thumbnail":["https:\/\/arantv.az\/wp-content\/uploads\/2019\/12\/2018_ilham_aliyev_05-4-240x172.jpg",240,172,true],"advps-thumb-one":["https:\/\/arantv.az\/wp-content\/uploads\/2019\/12\/2018_ilham_aliyev_05-4-1200x620.jpg",1200,620,true]},"rttpg_author":{"display_name":"V\u00fcsal Rafiqo\u011flu","author_link":"https:\/\/arantv.az\/?author=2"},"rttpg_comment":0,"rttpg_category":"<a href=\"https:\/\/arantv.az\/?cat=4\" rel=\"category\">Siyas\u0259t<\/a>","rttpg_excerpt":"Prezident \u0130lham \u018fliyev Ukraynan\u0131n Prezidenti Vladimir Zelenskiy\u0259 ba\u015fsa\u011fl\u0131\u011f\u0131 verib. ARANTV.AZ\u00a0\u00a0AZ\u018fRTAC-a istinad\u0259n bildirir ki,\u00a0ba\u015fsa\u011fl\u0131\u011f\u0131nda deyilir: &#8220;H\u00f6rm\u0259tli c\u0259nab Prezident, Odessa \u015f\u0259h\u0259rind\u0259 kollecd\u0259 ba\u015f vermi\u015f yan\u011f\u0131n n\u0259tic\u0259sind\u0259 insan t\u0259l\u0259fat\u0131 x\u0259b\u0259ri m\u0259ni son d\u0259r\u0259c\u0259 k\u0259d\u0259rl\u0259ndirdi. Bu faci\u0259 il\u0259 \u0259laq\u0259dar Siz\u0259, h\u0259lak olanlar\u0131n ail\u0259l\u0259rin\u0259 v\u0259 yax\u0131nlar\u0131na, b\u00fct\u00fcn Ukrayna xalq\u0131na \u015f\u0259xs\u0259n \u00f6z ad\u0131mdan v\u0259 Az\u0259rbaycan xalq\u0131 ad\u0131ndan d\u0259rin h\u00fcznl\u0259 ba\u015fsa\u011fl\u0131\u011f\u0131 verir,&hellip;","_links":{"self":[{"href":"https:\/\/arantv.az\/index.php?rest_route=\/wp\/v2\/posts\/105423"}],"collection":[{"href":"https:\/\/arantv.az\/index.php?rest_route=\/wp\/v2\/posts"}],"about":[{"href":"https:\/\/arantv.az\/index.php?rest_route=\/wp\/v2\/types\/post"}],"author":[{"embeddable":true,"href":"https:\/\/arantv.az\/index.php?rest_route=\/wp\/v2\/users\/2"}],"replies":[{"embeddable":true,"href":"https:\/\/arantv.az\/index.php?rest_route=%2Fwp%2Fv2%2Fcomments&post=105423"}],"version-history":[{"count":0,"href":"https:\/\/arantv.az\/index.php?rest_route=\/wp\/v2\/posts\/105423\/revisions"}],"wp:featuredmedia":[{"embeddable":true,"href":"https:\/\/arantv.az\/index.php?rest_route=\/wp\/v2\/media\/105424"}],"wp:attachment":[{"href":"https:\/\/arantv.az\/index.php?rest_route=%2Fwp%2Fv2%2Fmedia&parent=105423"}],"wp:term":[{"taxonomy":"category","embeddable":true,"href":"https:\/\/arantv.az\/index.php?rest_route=%2Fwp%2Fv2%2Fcategories&post=105423"},{"taxonomy":"post_tag","embeddable":true,"href":"https:\/\/arantv.az\/index.php?rest_route=%2Fwp%2Fv2%2Ftags&post=105423"}],"curies":[{"name":"wp","href":"https:\/\/api.w.org\/{rel}","templated":true}]}}