{"id":105439,"date":"2019-12-09T16:17:05","date_gmt":"2019-12-09T13:17:05","guid":{"rendered":"http:\/\/arantv.az\/?p=105439"},"modified":"2019-12-09T16:17:05","modified_gmt":"2019-12-09T13:17:05","slug":"prezident-onu-%c9%99m%c9%99k-ordeni-il%c9%99-t%c9%99ltif-etdi-s%c9%99r%c9%99ncam","status":"publish","type":"post","link":"https:\/\/arantv.az\/?p=105439","title":{"rendered":"Prezident onu \u201c\u018fm\u0259k\u201d ordeni il\u0259 t\u0259ltif etdi &#8211; S\u018fR\u018fNCAM"},"content":{"rendered":"<p>Az\u0259rbaycan Respublikas\u0131 Prezidenti \u0130lham \u018fliyev \u018fli\u015fir Veys o\u011flu Musayevin 3-c\u00fc d\u0259r\u0259c\u0259li \u201c\u018fm\u0259k\u201d ordeni il\u0259 t\u0259ltif edilm\u0259si haqq\u0131nda s\u0259r\u0259ncam imzalay\u0131b.<\/p>\n<p>Bununla ba\u011fl\u0131\u00a0<a href=\"https:\/\/azertag.az\/xeber\/AVMusayevin_3_cu_dereceli_Amek_ordeni_ile_teltif_edilmesi_haqqinda__Azerbaycan_Respublikasi_Prezidentinin_Serencami-1365026\" target=\"_blank\" rel=\"noopener\">AZ\u018fRTAC<\/a>\u00a0m\u0259lumat yay\u0131b.<\/p>\n<p>S\u0259r\u0259ncama \u0259sas\u0259n, Az\u0259rbaycan Respublikas\u0131n\u0131n ictimai-siyasi h\u0259yat\u0131nda f\u0259al i\u015ftirak\u0131na g\u00f6r\u0259 \u018fli\u015fir Veys o\u011flu Musayev 3 c\u00fc d\u0259r\u0259c\u0259li \u201c\u018fm\u0259k\u201d ordeni il\u0259 t\u0259ltif edilib.<\/p>\n<p>Qeyd ed\u0259k ki, \u018fli\u015fir Musayev AMEA-n\u0131n m\u00fcxbir \u00fczv\u00fc (2017), tibb elml\u0259ri doktoru, professor, Az\u0259rbaycan Respublikas\u0131 \u018fm\u0259kdar Elm Xadimi, Az\u0259rbaycan Elmi-T\u0259dqiqat Tibbi B\u0259rpa \u0130nstitutunun direktorudur.<\/p>\n","protected":false},"excerpt":{"rendered":"<p>Az\u0259rbaycan Respublikas\u0131 Prezidenti \u0130lham \u018fliyev \u018fli\u015fir Veys o\u011flu Musayevin 3-c\u00fc d\u0259r\u0259c\u0259li \u201c\u018fm\u0259k\u201d ordeni il\u0259 t\u0259ltif edilm\u0259si haqq\u0131nda s\u0259r\u0259ncam imzalay\u0131b. Bununla ba\u011fl\u0131\u00a0AZ\u018fRTAC\u00a0m\u0259lumat yay\u0131b. S\u0259r\u0259ncama \u0259sas\u0259n, Az\u0259rbaycan Respublikas\u0131n\u0131n ictimai-siyasi h\u0259yat\u0131nda f\u0259al i\u015ftirak\u0131na g\u00f6r\u0259 \u018fli\u015fir Veys o\u011flu Musayev 3 c\u00fc d\u0259r\u0259c\u0259li \u201c\u018fm\u0259k\u201d ordeni il\u0259 t\u0259ltif edilib. Qeyd ed\u0259k ki, \u018fli\u015fir Musayev AMEA-n\u0131n m\u00fcxbir \u00fczv\u00fc (2017), tibb elml\u0259ri doktoru, professor, Az\u0259rbaycan Respublikas\u0131 \u018fm\u0259kdar Elm Xadimi, Az\u0259rbaycan Elmi-T\u0259dqiqat Tibbi B\u0259rpa \u0130nstitutunun direktorudur.<\/p>\n","protected":false},"author":2,"featured_media":102612,"comment_status":"closed","ping_status":"closed","sticky":false,"template":"","format":"standard","meta":{"om_disable_all_campaigns":false,"_monsterinsights_skip_tracking":false,"_monsterinsights_sitenote_active":false,"_monsterinsights_sitenote_note":"","_monsterinsights_sitenote_category":0},"categories":[4],"tags":[],"aioseo_notices":[],"gutentor_comment":0,"rttpg_featured_image_url":{"full":["https:\/\/arantv.az\/wp-content\/uploads\/2019\/11\/2018_ilham_aliyev_01-9.jpg",1200,900,false],"landscape":["https:\/\/arantv.az\/wp-content\/uploads\/2019\/11\/2018_ilham_aliyev_01-9.jpg",1200,900,false],"portraits":["https:\/\/arantv.az\/wp-content\/uploads\/2019\/11\/2018_ilham_aliyev_01-9.jpg",1200,900,false],"thumbnail":["https:\/\/arantv.az\/wp-content\/uploads\/2019\/11\/2018_ilham_aliyev_01-9-150x150.jpg",150,150,true],"medium":["https:\/\/arantv.az\/wp-content\/uploads\/2019\/11\/2018_ilham_aliyev_01-9-300x225.jpg",300,225,true],"large":["https:\/\/arantv.az\/wp-content\/uploads\/2019\/11\/2018_ilham_aliyev_01-9-1024x768.jpg",640,480,true],"1536x1536":["https:\/\/arantv.az\/wp-content\/uploads\/2019\/11\/2018_ilham_aliyev_01-9.jpg",1200,900,false],"2048x2048":["https:\/\/arantv.az\/wp-content\/uploads\/2019\/11\/2018_ilham_aliyev_01-9.jpg",1200,900,false],"post-thumbnail":["https:\/\/arantv.az\/wp-content\/uploads\/2019\/11\/2018_ilham_aliyev_01-9-240x172.jpg",240,172,true],"advps-thumb-one":["https:\/\/arantv.az\/wp-content\/uploads\/2019\/11\/2018_ilham_aliyev_01-9-1200x620.jpg",1200,620,true]},"rttpg_author":{"display_name":"V\u00fcsal Rafiqo\u011flu","author_link":"https:\/\/arantv.az\/?author=2"},"rttpg_comment":0,"rttpg_category":"<a href=\"https:\/\/arantv.az\/?cat=4\" rel=\"category\">Siyas\u0259t<\/a>","rttpg_excerpt":"Az\u0259rbaycan Respublikas\u0131 Prezidenti \u0130lham \u018fliyev \u018fli\u015fir Veys o\u011flu Musayevin 3-c\u00fc d\u0259r\u0259c\u0259li \u201c\u018fm\u0259k\u201d ordeni il\u0259 t\u0259ltif edilm\u0259si haqq\u0131nda s\u0259r\u0259ncam imzalay\u0131b. Bununla ba\u011fl\u0131\u00a0AZ\u018fRTAC\u00a0m\u0259lumat yay\u0131b. S\u0259r\u0259ncama \u0259sas\u0259n, Az\u0259rbaycan Respublikas\u0131n\u0131n ictimai-siyasi h\u0259yat\u0131nda f\u0259al i\u015ftirak\u0131na g\u00f6r\u0259 \u018fli\u015fir Veys o\u011flu Musayev 3 c\u00fc d\u0259r\u0259c\u0259li \u201c\u018fm\u0259k\u201d ordeni il\u0259 t\u0259ltif edilib. Qeyd ed\u0259k ki, \u018fli\u015fir Musayev AMEA-n\u0131n m\u00fcxbir \u00fczv\u00fc (2017), tibb elml\u0259ri doktoru,&hellip;","_links":{"self":[{"href":"https:\/\/arantv.az\/index.php?rest_route=\/wp\/v2\/posts\/105439"}],"collection":[{"href":"https:\/\/arantv.az\/index.php?rest_route=\/wp\/v2\/posts"}],"about":[{"href":"https:\/\/arantv.az\/index.php?rest_route=\/wp\/v2\/types\/post"}],"author":[{"embeddable":true,"href":"https:\/\/arantv.az\/index.php?rest_route=\/wp\/v2\/users\/2"}],"replies":[{"embeddable":true,"href":"https:\/\/arantv.az\/index.php?rest_route=%2Fwp%2Fv2%2Fcomments&post=105439"}],"version-history":[{"count":0,"href":"https:\/\/arantv.az\/index.php?rest_route=\/wp\/v2\/posts\/105439\/revisions"}],"wp:featuredmedia":[{"embeddable":true,"href":"https:\/\/arantv.az\/index.php?rest_route=\/wp\/v2\/media\/102612"}],"wp:attachment":[{"href":"https:\/\/arantv.az\/index.php?rest_route=%2Fwp%2Fv2%2Fmedia&parent=105439"}],"wp:term":[{"taxonomy":"category","embeddable":true,"href":"https:\/\/arantv.az\/index.php?rest_route=%2Fwp%2Fv2%2Fcategories&post=105439"},{"taxonomy":"post_tag","embeddable":true,"href":"https:\/\/arantv.az\/index.php?rest_route=%2Fwp%2Fv2%2Ftags&post=105439"}],"curies":[{"name":"wp","href":"https:\/\/api.w.org\/{rel}","templated":true}]}}