{"id":105477,"date":"2019-12-10T08:18:42","date_gmt":"2019-12-10T05:18:42","guid":{"rendered":"http:\/\/arantv.az\/?p=105477"},"modified":"2019-12-10T08:18:42","modified_gmt":"2019-12-10T05:18:42","slug":"roya-hansi-kisi-mug%c9%99nniy%c9%99-sponsorluq-ed%c9%99c%c9%99k","status":"publish","type":"post","link":"https:\/\/arantv.az\/?p=105477","title":{"rendered":"R\u00f6ya hans\u0131 ki\u015fi m\u00fc\u011f\u0259nniy\u0259 sponsorluq ed\u0259c\u0259k?"},"content":{"rendered":"<p>Xalq artisti R\u00f6ya Ayxan qazand\u0131\u011f\u0131 pullar\u0131 qarda\u015f\u0131 \u0130smay\u0131l N\u0259c\u0259fovun T\u00fcrkiy\u0259d\u0259 m\u00fc\u011f\u0259nnilik karyeras\u0131na x\u0259rcl\u0259y\u0259c\u0259k. <strong>ARANTV.AZ<\/strong> x\u0259b\u0259r verir ki, bu haqda s\u0259n\u0259t\u00e7i &#8220;Elektra Events Hall&#8221;da t\u00fcrkiy\u0259li m\u00fc\u011f\u0259nnil\u0259r Ersay \u00dcner v\u0259 F\u0259rid\u0259 Hilal\u0131n i\u015ftirak\u0131 il\u0259 ba\u015f tutan konsert \u00f6nc\u0259si media n\u00fcmay\u0259nd\u0259l\u0259ri il\u0259 s\u00f6hb\u0259tind\u0259 dil\u0259 g\u0259tirib: &#8220;Qarda\u015f\u0131m \u0130smay\u0131la m\u00fc\u011f\u0259nnilik f\u0259aliyy\u0259tind\u0259 d\u0259st\u0259k oluram. Ki\u015fiy\u0259 d\u0259st\u0259k laz\u0131md\u0131r. Qad\u0131n o q\u0259d\u0259r g\u00fccl\u00fcd\u00fcr ki, \u00f6z yolunu se\u00e7ir bir yana \u00e7\u0131x\u0131r. Ki\u015fil\u0259rd\u0259 is\u0259 bu al\u0131nm\u0131r. M\u0259n \u00f6z\u00fcm s\u00fcr\u00fcn\u0259-s\u00fcr\u00fcn\u0259 ham\u0131ya a\u011f\u0131z a\u00e7\u0131b, xahi\u015f edirdim ki, m\u0259ni \u00f6zl\u0259ri il\u0259 toylara apars\u0131nlar. Amma qarda\u015f\u0131m\u0131n m\u0259nim kimi bac\u0131s\u0131 var. M\u0259n d\u0259 onunla dan\u0131\u015f\u0131b demi\u015f\u0259m ki, iki il s\u0259n\u0259 \u015firk\u0259t kimi pul buraxacam. Haz\u0131rda T\u00fcrkiy\u0259d\u0259 tan\u0131d\u0131\u011f\u0131m insanlar \u0130smay\u0131l \u00fc\u00e7\u00fcn \u00e7al\u0131\u015f\u0131rlar&#8221;.<\/p>\n","protected":false},"excerpt":{"rendered":"<p>Xalq artisti R\u00f6ya Ayxan qazand\u0131\u011f\u0131 pullar\u0131 qarda\u015f\u0131 \u0130smay\u0131l N\u0259c\u0259fovun T\u00fcrkiy\u0259d\u0259 m\u00fc\u011f\u0259nnilik karyeras\u0131na x\u0259rcl\u0259y\u0259c\u0259k. ARANTV.AZ x\u0259b\u0259r verir ki, bu haqda s\u0259n\u0259t\u00e7i &#8220;Elektra Events Hall&#8221;da t\u00fcrkiy\u0259li m\u00fc\u011f\u0259nnil\u0259r Ersay \u00dcner v\u0259 F\u0259rid\u0259 Hilal\u0131n i\u015ftirak\u0131 il\u0259 ba\u015f tutan konsert \u00f6nc\u0259si media n\u00fcmay\u0259nd\u0259l\u0259ri il\u0259 s\u00f6hb\u0259tind\u0259 dil\u0259 g\u0259tirib: &#8220;Qarda\u015f\u0131m \u0130smay\u0131la m\u00fc\u011f\u0259nnilik f\u0259aliyy\u0259tind\u0259 d\u0259st\u0259k oluram. Ki\u015fiy\u0259 d\u0259st\u0259k laz\u0131md\u0131r. Qad\u0131n o q\u0259d\u0259r g\u00fccl\u00fcd\u00fcr ki, \u00f6z yolunu se\u00e7ir bir yana \u00e7\u0131x\u0131r. Ki\u015fil\u0259rd\u0259 is\u0259 bu al\u0131nm\u0131r. M\u0259n \u00f6z\u00fcm s\u00fcr\u00fcn\u0259-s\u00fcr\u00fcn\u0259 ham\u0131ya a\u011f\u0131z a\u00e7\u0131b, xahi\u015f edirdim ki, m\u0259ni \u00f6zl\u0259ri il\u0259 toylara apars\u0131nlar. Amma qarda\u015f\u0131m\u0131n m\u0259nim kimi bac\u0131s\u0131 var. M\u0259n d\u0259 onunla dan\u0131\u015f\u0131b&hellip;<\/p>\n","protected":false},"author":2,"featured_media":105478,"comment_status":"closed","ping_status":"closed","sticky":false,"template":"","format":"standard","meta":{"om_disable_all_campaigns":false,"_monsterinsights_skip_tracking":false,"_monsterinsights_sitenote_active":false,"_monsterinsights_sitenote_note":"","_monsterinsights_sitenote_category":0},"categories":[20],"tags":[],"aioseo_notices":[],"gutentor_comment":0,"rttpg_featured_image_url":{"full":["https:\/\/arantv.az\/wp-content\/uploads\/2019\/12\/79335289_542951916556553_3490726586695548928_n.jpg",1000,625,false],"landscape":["https:\/\/arantv.az\/wp-content\/uploads\/2019\/12\/79335289_542951916556553_3490726586695548928_n.jpg",1000,625,false],"portraits":["https:\/\/arantv.az\/wp-content\/uploads\/2019\/12\/79335289_542951916556553_3490726586695548928_n.jpg",1000,625,false],"thumbnail":["https:\/\/arantv.az\/wp-content\/uploads\/2019\/12\/79335289_542951916556553_3490726586695548928_n-150x150.jpg",150,150,true],"medium":["https:\/\/arantv.az\/wp-content\/uploads\/2019\/12\/79335289_542951916556553_3490726586695548928_n-300x188.jpg",300,188,true],"large":["https:\/\/arantv.az\/wp-content\/uploads\/2019\/12\/79335289_542951916556553_3490726586695548928_n.jpg",640,400,false],"1536x1536":["https:\/\/arantv.az\/wp-content\/uploads\/2019\/12\/79335289_542951916556553_3490726586695548928_n.jpg",1000,625,false],"2048x2048":["https:\/\/arantv.az\/wp-content\/uploads\/2019\/12\/79335289_542951916556553_3490726586695548928_n.jpg",1000,625,false],"post-thumbnail":["https:\/\/arantv.az\/wp-content\/uploads\/2019\/12\/79335289_542951916556553_3490726586695548928_n-240x172.jpg",240,172,true],"advps-thumb-one":["https:\/\/arantv.az\/wp-content\/uploads\/2019\/12\/79335289_542951916556553_3490726586695548928_n-1000x620.jpg",1000,620,true]},"rttpg_author":{"display_name":"V\u00fcsal Rafiqo\u011flu","author_link":"https:\/\/arantv.az\/?author=2"},"rttpg_comment":0,"rttpg_category":"<a href=\"https:\/\/arantv.az\/?cat=20\" rel=\"category\">\u015eou biznes<\/a>","rttpg_excerpt":"Xalq artisti R\u00f6ya Ayxan qazand\u0131\u011f\u0131 pullar\u0131 qarda\u015f\u0131 \u0130smay\u0131l N\u0259c\u0259fovun T\u00fcrkiy\u0259d\u0259 m\u00fc\u011f\u0259nnilik karyeras\u0131na x\u0259rcl\u0259y\u0259c\u0259k. ARANTV.AZ x\u0259b\u0259r verir ki, bu haqda s\u0259n\u0259t\u00e7i &#8220;Elektra Events Hall&#8221;da t\u00fcrkiy\u0259li m\u00fc\u011f\u0259nnil\u0259r Ersay \u00dcner v\u0259 F\u0259rid\u0259 Hilal\u0131n i\u015ftirak\u0131 il\u0259 ba\u015f tutan konsert \u00f6nc\u0259si media n\u00fcmay\u0259nd\u0259l\u0259ri il\u0259 s\u00f6hb\u0259tind\u0259 dil\u0259 g\u0259tirib: &#8220;Qarda\u015f\u0131m \u0130smay\u0131la m\u00fc\u011f\u0259nnilik f\u0259aliyy\u0259tind\u0259 d\u0259st\u0259k oluram. Ki\u015fiy\u0259 d\u0259st\u0259k laz\u0131md\u0131r. Qad\u0131n o q\u0259d\u0259r g\u00fccl\u00fcd\u00fcr&hellip;","_links":{"self":[{"href":"https:\/\/arantv.az\/index.php?rest_route=\/wp\/v2\/posts\/105477"}],"collection":[{"href":"https:\/\/arantv.az\/index.php?rest_route=\/wp\/v2\/posts"}],"about":[{"href":"https:\/\/arantv.az\/index.php?rest_route=\/wp\/v2\/types\/post"}],"author":[{"embeddable":true,"href":"https:\/\/arantv.az\/index.php?rest_route=\/wp\/v2\/users\/2"}],"replies":[{"embeddable":true,"href":"https:\/\/arantv.az\/index.php?rest_route=%2Fwp%2Fv2%2Fcomments&post=105477"}],"version-history":[{"count":0,"href":"https:\/\/arantv.az\/index.php?rest_route=\/wp\/v2\/posts\/105477\/revisions"}],"wp:featuredmedia":[{"embeddable":true,"href":"https:\/\/arantv.az\/index.php?rest_route=\/wp\/v2\/media\/105478"}],"wp:attachment":[{"href":"https:\/\/arantv.az\/index.php?rest_route=%2Fwp%2Fv2%2Fmedia&parent=105477"}],"wp:term":[{"taxonomy":"category","embeddable":true,"href":"https:\/\/arantv.az\/index.php?rest_route=%2Fwp%2Fv2%2Fcategories&post=105477"},{"taxonomy":"post_tag","embeddable":true,"href":"https:\/\/arantv.az\/index.php?rest_route=%2Fwp%2Fv2%2Ftags&post=105477"}],"curies":[{"name":"wp","href":"https:\/\/api.w.org\/{rel}","templated":true}]}}