{"id":105529,"date":"2019-12-10T09:03:42","date_gmt":"2019-12-10T06:03:42","guid":{"rendered":"http:\/\/arantv.az\/?p=105529"},"modified":"2019-12-10T09:03:42","modified_gmt":"2019-12-10T06:03:42","slug":"yeni-yaradilan-s%c9%99naye-parkinda-istehsal-edil%c9%99n-m%c9%99hsullar-cox-ucuz-qiym%c9%99t%c9%99-olacaq","status":"publish","type":"post","link":"https:\/\/arantv.az\/?p=105529","title":{"rendered":"Yeni yarad\u0131lan s\u0259naye park\u0131nda istehsal edil\u0259n m\u0259hsullar \u00e7ox ucuz qiym\u0259t\u0259 olacaq"},"content":{"rendered":"<p>&#8220;\u0130ran\u0131n \u015fimal\u0131nda yerl\u0259\u015f\u0259n \u018frd\u0259bil vilay\u0259tinin Parsabad rayonunda birg\u0259 s\u0259naye park\u0131n\u0131n yarad\u0131lmas\u0131 \u00fczr\u0259 raz\u0131la\u015fma iki \u00f6lk\u0259nin iqtisadi \u0259laq\u0259l\u0259rind\u0259 m\u00fcsb\u0259t add\u0131md\u0131r&#8221;.<\/p>\n<p><strong>ARANTV.AZ\u00a0<\/strong> x\u0259b\u0259r verir ki, bunu \u0130ran v\u0259 Az\u0259rbaycan birg\u0259 ticar\u0259t palatas\u0131n\u0131n iranl\u0131 ba\u015f katibi H\u00fcseyn Vosuqi \u0130rani\u00a0<a href=\"https:\/\/az.trend.az\/\" target=\"_blank\" rel=\"noopener\">Trend<\/a>-\u0259 \u00f6z\u0259l a\u00e7\u0131qlamas\u0131nda deyib.<\/p>\n<p><img src=\"https:\/\/img.milli.az\/2019\/12\/10\/809148_000.jpg\" alt=\"\" \/><\/p>\n<p>H.V.\u0130raninin s\u00f6zl\u0259rin\u0259 g\u00f6r\u0259, raz\u0131la\u015fmada qeyd olunub ki, h\u0259min \u0259razinin hans\u0131 \u00f6l\u00e7\u00fcd\u0259 v\u0259 hans\u0131 imkanlara sahib olmas\u0131 haqq\u0131nda q\u0259rarlar i\u015f\u00e7i qrupunun iclas\u0131nda veril\u0259c\u0259k:<\/p>\n<p>&#8220;Bu s\u0259naye park\u0131nda h\u0259m iranl\u0131, h\u0259m d\u0259 az\u0259rbaycanl\u0131 istehsal\u00e7\u0131lar birg\u0259 \u015f\u0259kild\u0259 m\u0259hsul istehsal ed\u0259c\u0259kl\u0259r. Eyni zamanda Az\u0259rbaycan\u0131n i\u015f adamlar\u0131 bu parkda istehsal olunan m\u0259hsullar\u0131 Rusiya, Qafqaz, Orta Asiya \u00f6lk\u0259l\u0259rin\u0259 ixrac ed\u0259c\u0259k. Bu m\u0259hsullar \u00e7ox ucuz qiym\u0259t\u0259 ba\u015fa g\u0259l\u0259c\u0259k. \u0130lk n\u00f6vb\u0259d\u0259 \u0259rzaq m\u0259hsullar\u0131n\u0131n istehsal\u0131 diqq\u0259t m\u0259rk\u0259zind\u0259 olacaq. \u0130ranla s\u0259rh\u0259dd\u0259n Az\u0259rbaycan\u0131n \u0130mi\u015fli rayonunda d\u0259miryoluna kimi t\u0259xmin\u0259n 8 kilometr m\u0259saf\u0259 var. \u0130ki \u00f6lk\u0259nin birg\u0259 s\u0259naye park\u0131nda istehsal olunacaq m\u0259hsullar Az\u0259rbaycan\u0131n d\u0259miryolu vasit\u0259si il\u0259 da\u015f\u0131nacaq&#8221;.<\/p>\n<p>Vosuqi \u0130rani bildirib ki, s\u0259naye park\u0131n\u0131n bu \u0259razid\u0259 se\u00e7ilm\u0259si he\u00e7 d\u0259 t\u0259sad\u00fcfi deyil.<\/p>\n<p>Qeyd ed\u0259k ki, Az\u0259rbaycan Ba\u015f Nazirinin m\u00fcavini \u015eahin Mustafayevin \u0130rana s\u0259f\u0259ri \u00e7\u0259r\u00e7iv\u0259sind\u0259 \u0130ran\u0131n s\u0259naye, m\u0259d\u0259n v\u0259 ticar\u0259t naziri Rza R\u0259hmani aras\u0131nda \u018frd\u0259bil vilay\u0259tinin Parsabad rayonu \u0259razisind\u0259 iki \u00f6lk\u0259nin birg\u0259 s\u0259naye park\u0131 yarad\u0131lmas\u0131 haqda raz\u0131l\u0131q \u0259ld\u0259 olunub.<\/p>\n","protected":false},"excerpt":{"rendered":"<p>&#8220;\u0130ran\u0131n \u015fimal\u0131nda yerl\u0259\u015f\u0259n \u018frd\u0259bil vilay\u0259tinin Parsabad rayonunda birg\u0259 s\u0259naye park\u0131n\u0131n yarad\u0131lmas\u0131 \u00fczr\u0259 raz\u0131la\u015fma iki \u00f6lk\u0259nin iqtisadi \u0259laq\u0259l\u0259rind\u0259 m\u00fcsb\u0259t add\u0131md\u0131r&#8221;. ARANTV.AZ\u00a0 x\u0259b\u0259r verir ki, bunu \u0130ran v\u0259 Az\u0259rbaycan birg\u0259 ticar\u0259t palatas\u0131n\u0131n iranl\u0131 ba\u015f katibi H\u00fcseyn Vosuqi \u0130rani\u00a0Trend-\u0259 \u00f6z\u0259l a\u00e7\u0131qlamas\u0131nda deyib. H.V.\u0130raninin s\u00f6zl\u0259rin\u0259 g\u00f6r\u0259, raz\u0131la\u015fmada qeyd olunub ki, h\u0259min \u0259razinin hans\u0131 \u00f6l\u00e7\u00fcd\u0259 v\u0259 hans\u0131 imkanlara sahib olmas\u0131 haqq\u0131nda q\u0259rarlar i\u015f\u00e7i qrupunun iclas\u0131nda veril\u0259c\u0259k: &#8220;Bu s\u0259naye park\u0131nda h\u0259m iranl\u0131, h\u0259m d\u0259 az\u0259rbaycanl\u0131 istehsal\u00e7\u0131lar birg\u0259 \u015f\u0259kild\u0259 m\u0259hsul istehsal ed\u0259c\u0259kl\u0259r. Eyni zamanda Az\u0259rbaycan\u0131n i\u015f adamlar\u0131 bu parkda istehsal olunan m\u0259hsullar\u0131 Rusiya, Qafqaz, Orta Asiya \u00f6lk\u0259l\u0259rin\u0259&hellip;<\/p>\n","protected":false},"author":2,"featured_media":105530,"comment_status":"closed","ping_status":"closed","sticky":false,"template":"","format":"standard","meta":{"om_disable_all_campaigns":false,"_monsterinsights_skip_tracking":false,"_monsterinsights_sitenote_active":false,"_monsterinsights_sitenote_note":"","_monsterinsights_sitenote_category":0},"categories":[19],"tags":[],"aioseo_notices":[],"gutentor_comment":0,"rttpg_featured_image_url":{"full":["https:\/\/arantv.az\/wp-content\/uploads\/2019\/12\/809148.jpg",800,600,false],"landscape":["https:\/\/arantv.az\/wp-content\/uploads\/2019\/12\/809148.jpg",800,600,false],"portraits":["https:\/\/arantv.az\/wp-content\/uploads\/2019\/12\/809148.jpg",800,600,false],"thumbnail":["https:\/\/arantv.az\/wp-content\/uploads\/2019\/12\/809148-150x150.jpg",150,150,true],"medium":["https:\/\/arantv.az\/wp-content\/uploads\/2019\/12\/809148-300x225.jpg",300,225,true],"large":["https:\/\/arantv.az\/wp-content\/uploads\/2019\/12\/809148.jpg",640,480,false],"1536x1536":["https:\/\/arantv.az\/wp-content\/uploads\/2019\/12\/809148.jpg",800,600,false],"2048x2048":["https:\/\/arantv.az\/wp-content\/uploads\/2019\/12\/809148.jpg",800,600,false],"post-thumbnail":["https:\/\/arantv.az\/wp-content\/uploads\/2019\/12\/809148-240x172.jpg",240,172,true],"advps-thumb-one":["https:\/\/arantv.az\/wp-content\/uploads\/2019\/12\/809148.jpg",800,600,false]},"rttpg_author":{"display_name":"V\u00fcsal Rafiqo\u011flu","author_link":"https:\/\/arantv.az\/?author=2"},"rttpg_comment":0,"rttpg_category":"<a href=\"https:\/\/arantv.az\/?cat=19\" rel=\"category\">G\u00fcnd\u0259m<\/a>","rttpg_excerpt":"&#8220;\u0130ran\u0131n \u015fimal\u0131nda yerl\u0259\u015f\u0259n \u018frd\u0259bil vilay\u0259tinin Parsabad rayonunda birg\u0259 s\u0259naye park\u0131n\u0131n yarad\u0131lmas\u0131 \u00fczr\u0259 raz\u0131la\u015fma iki \u00f6lk\u0259nin iqtisadi \u0259laq\u0259l\u0259rind\u0259 m\u00fcsb\u0259t add\u0131md\u0131r&#8221;. ARANTV.AZ\u00a0 x\u0259b\u0259r verir ki, bunu \u0130ran v\u0259 Az\u0259rbaycan birg\u0259 ticar\u0259t palatas\u0131n\u0131n iranl\u0131 ba\u015f katibi H\u00fcseyn Vosuqi \u0130rani\u00a0Trend-\u0259 \u00f6z\u0259l a\u00e7\u0131qlamas\u0131nda deyib. H.V.\u0130raninin s\u00f6zl\u0259rin\u0259 g\u00f6r\u0259, raz\u0131la\u015fmada qeyd olunub ki, h\u0259min \u0259razinin hans\u0131 \u00f6l\u00e7\u00fcd\u0259 v\u0259 hans\u0131 imkanlara sahib olmas\u0131&hellip;","_links":{"self":[{"href":"https:\/\/arantv.az\/index.php?rest_route=\/wp\/v2\/posts\/105529"}],"collection":[{"href":"https:\/\/arantv.az\/index.php?rest_route=\/wp\/v2\/posts"}],"about":[{"href":"https:\/\/arantv.az\/index.php?rest_route=\/wp\/v2\/types\/post"}],"author":[{"embeddable":true,"href":"https:\/\/arantv.az\/index.php?rest_route=\/wp\/v2\/users\/2"}],"replies":[{"embeddable":true,"href":"https:\/\/arantv.az\/index.php?rest_route=%2Fwp%2Fv2%2Fcomments&post=105529"}],"version-history":[{"count":0,"href":"https:\/\/arantv.az\/index.php?rest_route=\/wp\/v2\/posts\/105529\/revisions"}],"wp:featuredmedia":[{"embeddable":true,"href":"https:\/\/arantv.az\/index.php?rest_route=\/wp\/v2\/media\/105530"}],"wp:attachment":[{"href":"https:\/\/arantv.az\/index.php?rest_route=%2Fwp%2Fv2%2Fmedia&parent=105529"}],"wp:term":[{"taxonomy":"category","embeddable":true,"href":"https:\/\/arantv.az\/index.php?rest_route=%2Fwp%2Fv2%2Fcategories&post=105529"},{"taxonomy":"post_tag","embeddable":true,"href":"https:\/\/arantv.az\/index.php?rest_route=%2Fwp%2Fv2%2Ftags&post=105529"}],"curies":[{"name":"wp","href":"https:\/\/api.w.org\/{rel}","templated":true}]}}