{"id":105558,"date":"2019-12-10T09:28:52","date_gmt":"2019-12-10T06:28:52","guid":{"rendered":"http:\/\/arantv.az\/?p=105558"},"modified":"2019-12-10T09:28:52","modified_gmt":"2019-12-10T06:28:52","slug":"3-gunluk-korp%c9%99-x%c9%99st%c9%99xanada-oldu","status":"publish","type":"post","link":"https:\/\/arantv.az\/?p=105558","title":{"rendered":"3 g\u00fcnl\u00fck k\u00f6rp\u0259 x\u0259st\u0259xanada \u00f6ld\u00fc"},"content":{"rendered":"<div><b>\u015eirvanda yeni do\u011fulan k\u00f6rp\u0259 \u00f6l\u00fcb.<br \/>\n<\/b><\/div>\n<div><b>\u00a0<\/b><\/div>\n<div><b>ARANTV.AZ\u00a0<\/b>x\u0259b\u0259r verir ki, hadis\u0259 \u015eirvan M\u0259rk\u0259zi \u015e\u0259h\u0259r X\u0259st\u0259xanas\u0131nda qeyd\u0259 al\u0131n\u0131b. K\u00fcrd\u0259mir rayon, S\u0131\u011f\u0131rl\u0131 k\u0259nd sakini Af\u0259t M\u00fcr\u015f\u00fcdov polis\u0259 m\u00fcraci\u0259t ed\u0259r\u0259k yeni do\u011fulmu\u015f n\u0259v\u0259sinin x\u0259st\u0259xanada \u00f6ld\u00fcy\u00fcn\u00fc bildirib.<\/div>\n<div>\n<div class=\"inlineads\"><\/div>\n<\/div>\n<div>Apar\u0131lan ilkin ara\u015fd\u0131rmalar zaman\u0131 m\u00fc\u0259yy\u0259n edilib ki, K\u00fcrd\u0259mir rayon S\u0131\u011f\u0131rl\u0131 k\u0259nd sakini Ramil\u0259 \u0130drisova dekabr\u0131n 6-da h\u0259min x\u0259st\u0259xanada u\u015faq d\u00fcnyaya g\u0259tirib. Ay\u0131n 9-da is\u0259 u\u015faq x\u0259st\u0259xanada \u00f6l\u00fcb. Lakin x\u0259st\u0259xana bu bar\u0259d\u0259 polis\u0259 m\u0259lumat verm\u0259yib.Medicina.az<\/div>\n","protected":false},"excerpt":{"rendered":"<p>\u015eirvanda yeni do\u011fulan k\u00f6rp\u0259 \u00f6l\u00fcb. \u00a0 ARANTV.AZ\u00a0x\u0259b\u0259r verir ki, hadis\u0259 \u015eirvan M\u0259rk\u0259zi \u015e\u0259h\u0259r X\u0259st\u0259xanas\u0131nda qeyd\u0259 al\u0131n\u0131b. K\u00fcrd\u0259mir rayon, S\u0131\u011f\u0131rl\u0131 k\u0259nd sakini Af\u0259t M\u00fcr\u015f\u00fcdov polis\u0259 m\u00fcraci\u0259t ed\u0259r\u0259k yeni do\u011fulmu\u015f n\u0259v\u0259sinin x\u0259st\u0259xanada \u00f6ld\u00fcy\u00fcn\u00fc bildirib. Apar\u0131lan ilkin ara\u015fd\u0131rmalar zaman\u0131 m\u00fc\u0259yy\u0259n edilib ki, K\u00fcrd\u0259mir rayon S\u0131\u011f\u0131rl\u0131 k\u0259nd sakini Ramil\u0259 \u0130drisova dekabr\u0131n 6-da h\u0259min x\u0259st\u0259xanada u\u015faq d\u00fcnyaya g\u0259tirib. Ay\u0131n 9-da is\u0259 u\u015faq x\u0259st\u0259xanada \u00f6l\u00fcb. Lakin x\u0259st\u0259xana bu bar\u0259d\u0259 polis\u0259 m\u0259lumat verm\u0259yib.Medicina.az<\/p>\n","protected":false},"author":2,"featured_media":102905,"comment_status":"closed","ping_status":"closed","sticky":false,"template":"","format":"standard","meta":{"om_disable_all_campaigns":false,"_monsterinsights_skip_tracking":false,"_monsterinsights_sitenote_active":false,"_monsterinsights_sitenote_note":"","_monsterinsights_sitenote_category":0},"categories":[5],"tags":[],"aioseo_notices":[],"gutentor_comment":0,"rttpg_featured_image_url":{"full":["https:\/\/arantv.az\/wp-content\/uploads\/2019\/12\/1575278747439_26xsg5ih.jpg",548,310,false],"landscape":["https:\/\/arantv.az\/wp-content\/uploads\/2019\/12\/1575278747439_26xsg5ih.jpg",548,310,false],"portraits":["https:\/\/arantv.az\/wp-content\/uploads\/2019\/12\/1575278747439_26xsg5ih.jpg",548,310,false],"thumbnail":["https:\/\/arantv.az\/wp-content\/uploads\/2019\/12\/1575278747439_26xsg5ih-150x150.jpg",150,150,true],"medium":["https:\/\/arantv.az\/wp-content\/uploads\/2019\/12\/1575278747439_26xsg5ih-300x170.jpg",300,170,true],"large":["https:\/\/arantv.az\/wp-content\/uploads\/2019\/12\/1575278747439_26xsg5ih.jpg",548,310,false],"1536x1536":["https:\/\/arantv.az\/wp-content\/uploads\/2019\/12\/1575278747439_26xsg5ih.jpg",548,310,false],"2048x2048":["https:\/\/arantv.az\/wp-content\/uploads\/2019\/12\/1575278747439_26xsg5ih.jpg",548,310,false],"post-thumbnail":["https:\/\/arantv.az\/wp-content\/uploads\/2019\/12\/1575278747439_26xsg5ih-240x172.jpg",240,172,true],"advps-thumb-one":["https:\/\/arantv.az\/wp-content\/uploads\/2019\/12\/1575278747439_26xsg5ih.jpg",548,310,false]},"rttpg_author":{"display_name":"V\u00fcsal Rafiqo\u011flu","author_link":"https:\/\/arantv.az\/?author=2"},"rttpg_comment":0,"rttpg_category":"<a href=\"https:\/\/arantv.az\/?cat=5\" rel=\"category\">Hadis\u0259<\/a>","rttpg_excerpt":"\u015eirvanda yeni do\u011fulan k\u00f6rp\u0259 \u00f6l\u00fcb. \u00a0 ARANTV.AZ\u00a0x\u0259b\u0259r verir ki, hadis\u0259 \u015eirvan M\u0259rk\u0259zi \u015e\u0259h\u0259r X\u0259st\u0259xanas\u0131nda qeyd\u0259 al\u0131n\u0131b. K\u00fcrd\u0259mir rayon, S\u0131\u011f\u0131rl\u0131 k\u0259nd sakini Af\u0259t M\u00fcr\u015f\u00fcdov polis\u0259 m\u00fcraci\u0259t ed\u0259r\u0259k yeni do\u011fulmu\u015f n\u0259v\u0259sinin x\u0259st\u0259xanada \u00f6ld\u00fcy\u00fcn\u00fc bildirib. Apar\u0131lan ilkin ara\u015fd\u0131rmalar zaman\u0131 m\u00fc\u0259yy\u0259n edilib ki, K\u00fcrd\u0259mir rayon S\u0131\u011f\u0131rl\u0131 k\u0259nd sakini Ramil\u0259 \u0130drisova dekabr\u0131n 6-da h\u0259min x\u0259st\u0259xanada u\u015faq d\u00fcnyaya g\u0259tirib. Ay\u0131n 9-da&hellip;","_links":{"self":[{"href":"https:\/\/arantv.az\/index.php?rest_route=\/wp\/v2\/posts\/105558"}],"collection":[{"href":"https:\/\/arantv.az\/index.php?rest_route=\/wp\/v2\/posts"}],"about":[{"href":"https:\/\/arantv.az\/index.php?rest_route=\/wp\/v2\/types\/post"}],"author":[{"embeddable":true,"href":"https:\/\/arantv.az\/index.php?rest_route=\/wp\/v2\/users\/2"}],"replies":[{"embeddable":true,"href":"https:\/\/arantv.az\/index.php?rest_route=%2Fwp%2Fv2%2Fcomments&post=105558"}],"version-history":[{"count":0,"href":"https:\/\/arantv.az\/index.php?rest_route=\/wp\/v2\/posts\/105558\/revisions"}],"wp:featuredmedia":[{"embeddable":true,"href":"https:\/\/arantv.az\/index.php?rest_route=\/wp\/v2\/media\/102905"}],"wp:attachment":[{"href":"https:\/\/arantv.az\/index.php?rest_route=%2Fwp%2Fv2%2Fmedia&parent=105558"}],"wp:term":[{"taxonomy":"category","embeddable":true,"href":"https:\/\/arantv.az\/index.php?rest_route=%2Fwp%2Fv2%2Fcategories&post=105558"},{"taxonomy":"post_tag","embeddable":true,"href":"https:\/\/arantv.az\/index.php?rest_route=%2Fwp%2Fv2%2Ftags&post=105558"}],"curies":[{"name":"wp","href":"https:\/\/api.w.org\/{rel}","templated":true}]}}