{"id":105934,"date":"2019-12-11T08:10:23","date_gmt":"2019-12-11T05:10:23","guid":{"rendered":"http:\/\/arantv.az\/?p=105934"},"modified":"2019-12-11T08:10:23","modified_gmt":"2019-12-11T05:10:23","slug":"royadan-xanimlara-8-mart-h%c9%99diyy%c9%99si","status":"publish","type":"post","link":"https:\/\/arantv.az\/?p=105934","title":{"rendered":"R\u00f6yadan xan\u0131mlara 8 Mart h\u0259diyy\u0259si"},"content":{"rendered":"<p>Xalq artisti R\u00f6ya Ayxan konsert verm\u0259y\u0259 haz\u0131rla\u015f\u0131r. <strong>ARANTV.AZ<\/strong> x\u0259b\u0259r verir ki, Bak\u0131 Konqres M\u0259rk\u0259zind\u0259 ba\u015f tutacaq konsert 2020-ci ilin mart ay\u0131na planla\u015fd\u0131r\u0131l\u0131r. S\u0259n\u0259t\u00e7i sev\u0259nl\u0259rini 3 g\u00fcn \u0259rzind\u0259 bir araya y\u0131\u011faraq, sevil\u0259n hitl\u0259rini s\u0259sl\u0259ndir\u0259c\u0259k. R\u00f6ya 7, 8 v\u0259 9 mart tarixl\u0259rind\u0259 Bak\u0131 Konqres M\u0259rk\u0259zind\u0259 solo konsert proqram\u0131 il\u0259 sev\u0259nl\u0259rinin qar\u015f\u0131s\u0131na \u00e7\u0131xacaq. Konsertin bir g\u00fcn\u00fc is\u0259 s\u0131rf xan\u0131mlara h\u0259sr olunacaq. H\u0259min g\u00fcn\u00fc R\u00f6ya ancaq qad\u0131nlar \u00fc\u00e7\u00fcn s\u0259hn\u0259 alacaq. S\u0259n\u0259t\u00e7inin a\u00e7\u0131qlamas\u0131na g\u00f6r\u0259, h\u0259min g\u00fcn konsert xan\u0131mlar \u00fc\u00e7\u00fcn pulsuz olacaq. Qeyd ed\u0259k ki, \u00f6t\u0259n g\u00fcnd\u0259n etibar\u0259n R.Ayxan art\u0131q konsert \u00fc\u00e7\u00fcn afi\u015fa v\u0259 reklam \u00e7arx\u0131 \u00fc\u00e7\u00fcn fotokamera \u00f6n\u00fcn\u0259 ke\u00e7ib.<\/p>\n","protected":false},"excerpt":{"rendered":"<p>Xalq artisti R\u00f6ya Ayxan konsert verm\u0259y\u0259 haz\u0131rla\u015f\u0131r. ARANTV.AZ x\u0259b\u0259r verir ki, Bak\u0131 Konqres M\u0259rk\u0259zind\u0259 ba\u015f tutacaq konsert 2020-ci ilin mart ay\u0131na planla\u015fd\u0131r\u0131l\u0131r. S\u0259n\u0259t\u00e7i sev\u0259nl\u0259rini 3 g\u00fcn \u0259rzind\u0259 bir araya y\u0131\u011faraq, sevil\u0259n hitl\u0259rini s\u0259sl\u0259ndir\u0259c\u0259k. R\u00f6ya 7, 8 v\u0259 9 mart tarixl\u0259rind\u0259 Bak\u0131 Konqres M\u0259rk\u0259zind\u0259 solo konsert proqram\u0131 il\u0259 sev\u0259nl\u0259rinin qar\u015f\u0131s\u0131na \u00e7\u0131xacaq. Konsertin bir g\u00fcn\u00fc is\u0259 s\u0131rf xan\u0131mlara h\u0259sr olunacaq. H\u0259min g\u00fcn\u00fc R\u00f6ya ancaq qad\u0131nlar \u00fc\u00e7\u00fcn s\u0259hn\u0259 alacaq. S\u0259n\u0259t\u00e7inin a\u00e7\u0131qlamas\u0131na g\u00f6r\u0259, h\u0259min g\u00fcn konsert xan\u0131mlar \u00fc\u00e7\u00fcn pulsuz olacaq. Qeyd ed\u0259k ki, \u00f6t\u0259n g\u00fcnd\u0259n etibar\u0259n R.Ayxan art\u0131q konsert \u00fc\u00e7\u00fcn afi\u015fa v\u0259 reklam \u00e7arx\u0131&hellip;<\/p>\n","protected":false},"author":2,"featured_media":105935,"comment_status":"closed","ping_status":"closed","sticky":false,"template":"","format":"standard","meta":{"om_disable_all_campaigns":false,"_monsterinsights_skip_tracking":false,"_monsterinsights_sitenote_active":false,"_monsterinsights_sitenote_note":"","_monsterinsights_sitenote_category":0},"categories":[24],"tags":[],"aioseo_notices":[],"gutentor_comment":0,"rttpg_featured_image_url":{"full":["https:\/\/arantv.az\/wp-content\/uploads\/2019\/12\/78570316_1030507593954000_679849398326263808_n.jpg",606,340,false],"landscape":["https:\/\/arantv.az\/wp-content\/uploads\/2019\/12\/78570316_1030507593954000_679849398326263808_n.jpg",606,340,false],"portraits":["https:\/\/arantv.az\/wp-content\/uploads\/2019\/12\/78570316_1030507593954000_679849398326263808_n.jpg",606,340,false],"thumbnail":["https:\/\/arantv.az\/wp-content\/uploads\/2019\/12\/78570316_1030507593954000_679849398326263808_n-150x150.jpg",150,150,true],"medium":["https:\/\/arantv.az\/wp-content\/uploads\/2019\/12\/78570316_1030507593954000_679849398326263808_n-300x168.jpg",300,168,true],"large":["https:\/\/arantv.az\/wp-content\/uploads\/2019\/12\/78570316_1030507593954000_679849398326263808_n.jpg",606,340,false],"1536x1536":["https:\/\/arantv.az\/wp-content\/uploads\/2019\/12\/78570316_1030507593954000_679849398326263808_n.jpg",606,340,false],"2048x2048":["https:\/\/arantv.az\/wp-content\/uploads\/2019\/12\/78570316_1030507593954000_679849398326263808_n.jpg",606,340,false],"post-thumbnail":["https:\/\/arantv.az\/wp-content\/uploads\/2019\/12\/78570316_1030507593954000_679849398326263808_n-240x172.jpg",240,172,true],"advps-thumb-one":["https:\/\/arantv.az\/wp-content\/uploads\/2019\/12\/78570316_1030507593954000_679849398326263808_n.jpg",606,340,false]},"rttpg_author":{"display_name":"V\u00fcsal Rafiqo\u011flu","author_link":"https:\/\/arantv.az\/?author=2"},"rttpg_comment":0,"rttpg_category":"<a href=\"https:\/\/arantv.az\/?cat=24\" rel=\"category\">Maraql\u0131<\/a>","rttpg_excerpt":"Xalq artisti R\u00f6ya Ayxan konsert verm\u0259y\u0259 haz\u0131rla\u015f\u0131r. ARANTV.AZ x\u0259b\u0259r verir ki, Bak\u0131 Konqres M\u0259rk\u0259zind\u0259 ba\u015f tutacaq konsert 2020-ci ilin mart ay\u0131na planla\u015fd\u0131r\u0131l\u0131r. S\u0259n\u0259t\u00e7i sev\u0259nl\u0259rini 3 g\u00fcn \u0259rzind\u0259 bir araya y\u0131\u011faraq, sevil\u0259n hitl\u0259rini s\u0259sl\u0259ndir\u0259c\u0259k. R\u00f6ya 7, 8 v\u0259 9 mart tarixl\u0259rind\u0259 Bak\u0131 Konqres M\u0259rk\u0259zind\u0259 solo konsert proqram\u0131 il\u0259 sev\u0259nl\u0259rinin qar\u015f\u0131s\u0131na \u00e7\u0131xacaq. Konsertin bir g\u00fcn\u00fc is\u0259 s\u0131rf&hellip;","_links":{"self":[{"href":"https:\/\/arantv.az\/index.php?rest_route=\/wp\/v2\/posts\/105934"}],"collection":[{"href":"https:\/\/arantv.az\/index.php?rest_route=\/wp\/v2\/posts"}],"about":[{"href":"https:\/\/arantv.az\/index.php?rest_route=\/wp\/v2\/types\/post"}],"author":[{"embeddable":true,"href":"https:\/\/arantv.az\/index.php?rest_route=\/wp\/v2\/users\/2"}],"replies":[{"embeddable":true,"href":"https:\/\/arantv.az\/index.php?rest_route=%2Fwp%2Fv2%2Fcomments&post=105934"}],"version-history":[{"count":0,"href":"https:\/\/arantv.az\/index.php?rest_route=\/wp\/v2\/posts\/105934\/revisions"}],"wp:featuredmedia":[{"embeddable":true,"href":"https:\/\/arantv.az\/index.php?rest_route=\/wp\/v2\/media\/105935"}],"wp:attachment":[{"href":"https:\/\/arantv.az\/index.php?rest_route=%2Fwp%2Fv2%2Fmedia&parent=105934"}],"wp:term":[{"taxonomy":"category","embeddable":true,"href":"https:\/\/arantv.az\/index.php?rest_route=%2Fwp%2Fv2%2Fcategories&post=105934"},{"taxonomy":"post_tag","embeddable":true,"href":"https:\/\/arantv.az\/index.php?rest_route=%2Fwp%2Fv2%2Ftags&post=105934"}],"curies":[{"name":"wp","href":"https:\/\/api.w.org\/{rel}","templated":true}]}}