{"id":106071,"date":"2019-12-11T10:51:44","date_gmt":"2019-12-11T07:51:44","guid":{"rendered":"http:\/\/arantv.az\/?p=106071"},"modified":"2019-12-11T10:51:44","modified_gmt":"2019-12-11T07:51:44","slug":"yap-numay%c9%99nd%c9%99l%c9%99ri-umummilli-lider-heyd%c9%99r-%c9%99liyevin-m%c9%99zarini-ziyar%c9%99t-etdi","status":"publish","type":"post","link":"https:\/\/arantv.az\/?p=106071","title":{"rendered":"YAP n\u00fcmay\u0259nd\u0259l\u0259ri umummilli lider Heyd\u0259r \u018fliyevin m\u0259zar\u0131n\u0131 ziyar\u0259t etdi"},"content":{"rendered":"<p><strong>Dekabr\u0131n 11-d\u0259 Yeni Az\u0259rbaycan Partiyas\u0131n\u0131n (YAP) n\u00fcmay\u0259nd\u0259l\u0259ri, partiyan\u0131n \u0130dar\u0259 Hey\u0259tinin, Siyasi \u015euras\u0131n\u0131n \u00fczvl\u0259ri, Milli M\u0259clisin deputatlar\u0131, rayon v\u0259 \u015f\u0259h\u0259r t\u0259\u015fkilatlar\u0131n\u0131n f\u0259allar\u0131 m\u00fcasir m\u00fcst\u0259qil d\u00f6vl\u0259timizin memar\u0131 v\u0259 qurucusu, xalq\u0131m\u0131z\u0131n \u00fcmummilli lideri Heyd\u0259r \u018fliyevin v\u0259fat\u0131n\u0131n 16-c\u0131 ild\u00f6n\u00fcm\u00fc il\u0259 \u0259laq\u0259dar F\u0259xri xiyabanda ulu \u00f6nd\u0259rin xatir\u0259sini yad edib, m\u0259zar\u0131 \u00f6n\u00fcn\u0259 \u0259klil v\u0259 g\u00fcl d\u0259st\u0259l\u0259ri qoyublar.<\/strong><\/p>\n<p><b>ARANTV.AZ\u00a0\u00a0<\/b>x\u0259b\u0259r verir ki, g\u00f6rk\u0259mli oftalmoloq-alim, akademik Z\u0259rif\u0259 xan\u0131m \u018fliyevan\u0131n da xatir\u0259si an\u0131l\u0131b, m\u0259zar\u0131 \u00fcz\u0259rin\u0259 t\u0259r g\u00fcll\u0259r d\u00fcz\u00fcl\u00fcb.<\/p>\n<p>Tarixin yetirdiyi nadir \u015f\u0259xsiyy\u0259tl\u0259rd\u0259n olan \u00fcmummilli lider Heyd\u0259r \u018fliyevin parlaq siyasi z\u0259kas\u0131 say\u0259sind\u0259 iki \u0259srin qovu\u015fu\u011funda Az\u0259rbaycan \u00f6z milli m\u0259n\u0259vi d\u0259y\u0259rl\u0259rini qoruyaraq \u00fc\u00e7\u00fcnc\u00fc minilliy\u0259 inamla q\u0259d\u0259m qoyub.<\/p>\n<p>Ulu \u00f6nd\u0259r Heyd\u0259r \u018fliyevin z\u0259kas\u0131 b\u00fct\u00fcn mane\u0259l\u0259ri a\u015faraq v\u0259 qar\u015f\u0131ya \u00e7\u0131xan \u00e7\u0259tinlikl\u0259r\u0259 baxmayaraq, Az\u0259rbaycan\u0131 t\u0259n\u0259zz\u00fcld\u0259n, h\u0259rc-m\u0259rclikd\u0259n, v\u0259t\u0259nda\u015f m\u00fcharib\u0259si v\u0259 m\u00fcst\u0259qilliyin itirilm\u0259si t\u0259hl\u00fck\u0259sind\u0259n u\u011furla \u00e7\u0131xar\u0131b ona h\u0259m b\u00f6lg\u0259d\u0259, h\u0259m d\u0259 d\u00fcnyada layiqli yer qazand\u0131r\u0131b.<\/p>\n<p>\u018fb\u0259diya\u015far liderimiz Heyd\u0259r \u018fliyev olduqca m\u00fcr\u0259kk\u0259b bir d\u00f6vrd\u0259 xalq\u0131n xidm\u0259tind\u0259 dayand\u0131\u011f\u0131n\u0131 n\u00fcmayi\u015f etdirm\u0259kl\u0259 yana\u015f\u0131, h\u0259m d\u0259 Az\u0259rbaycan Respublikas\u0131n\u0131n Konstitusiyas\u0131 v\u0259 qanunvericiliyi \u00e7\u0259r\u00e7iv\u0259sind\u0259, \u00f6z\u00fcn\u00fcn Nizamnam\u0259si v\u0259 Proqram\u0131 \u0259sas\u0131nda f\u0259aliyy\u0259t g\u00f6st\u0259r\u0259n, \u00f6z s\u0131ralar\u0131nda \u00f6lk\u0259mizd\u0259 h\u00fcquqi d\u00f6vl\u0259t, sabit v\u0259 sosialy\u00f6n\u00fcml\u00fc iqtisadiyyat, v\u0259t\u0259nda\u015f c\u0259miyy\u0259ti qurmaq ideyalar\u0131n\u0131 q\u0259bul ed\u0259n v\u0259t\u0259nda\u015flar\u0131 birl\u0259\u015fdir\u0259n sa\u011f m\u0259rk\u0259zy\u00f6n\u00fcml\u00fc siyasi partiya olan Yeni Az\u0259rbaycan Partiyas\u0131n\u0131n banisidir.Publika.az<\/p>\n","protected":false},"excerpt":{"rendered":"<p>Dekabr\u0131n 11-d\u0259 Yeni Az\u0259rbaycan Partiyas\u0131n\u0131n (YAP) n\u00fcmay\u0259nd\u0259l\u0259ri, partiyan\u0131n \u0130dar\u0259 Hey\u0259tinin, Siyasi \u015euras\u0131n\u0131n \u00fczvl\u0259ri, Milli M\u0259clisin deputatlar\u0131, rayon v\u0259 \u015f\u0259h\u0259r t\u0259\u015fkilatlar\u0131n\u0131n f\u0259allar\u0131 m\u00fcasir m\u00fcst\u0259qil d\u00f6vl\u0259timizin memar\u0131 v\u0259 qurucusu, xalq\u0131m\u0131z\u0131n \u00fcmummilli lideri Heyd\u0259r \u018fliyevin v\u0259fat\u0131n\u0131n 16-c\u0131 ild\u00f6n\u00fcm\u00fc il\u0259 \u0259laq\u0259dar F\u0259xri xiyabanda ulu \u00f6nd\u0259rin xatir\u0259sini yad edib, m\u0259zar\u0131 \u00f6n\u00fcn\u0259 \u0259klil v\u0259 g\u00fcl d\u0259st\u0259l\u0259ri qoyublar. ARANTV.AZ\u00a0\u00a0x\u0259b\u0259r verir ki, g\u00f6rk\u0259mli oftalmoloq-alim, akademik Z\u0259rif\u0259 xan\u0131m \u018fliyevan\u0131n da xatir\u0259si an\u0131l\u0131b, m\u0259zar\u0131 \u00fcz\u0259rin\u0259 t\u0259r g\u00fcll\u0259r d\u00fcz\u00fcl\u00fcb. Tarixin yetirdiyi nadir \u015f\u0259xsiyy\u0259tl\u0259rd\u0259n olan \u00fcmummilli lider Heyd\u0259r \u018fliyevin parlaq siyasi z\u0259kas\u0131 say\u0259sind\u0259 iki \u0259srin qovu\u015fu\u011funda Az\u0259rbaycan \u00f6z milli m\u0259n\u0259vi d\u0259y\u0259rl\u0259rini qoruyaraq&hellip;<\/p>\n","protected":false},"author":2,"featured_media":106072,"comment_status":"closed","ping_status":"closed","sticky":false,"template":"","format":"standard","meta":{"om_disable_all_campaigns":false,"_monsterinsights_skip_tracking":false,"_monsterinsights_sitenote_active":false,"_monsterinsights_sitenote_note":"","_monsterinsights_sitenote_category":0},"categories":[4],"tags":[],"aioseo_notices":[],"gutentor_comment":0,"rttpg_featured_image_url":{"full":["https:\/\/arantv.az\/wp-content\/uploads\/2019\/12\/heyder_aliyev_111219.jpg",800,450,false],"landscape":["https:\/\/arantv.az\/wp-content\/uploads\/2019\/12\/heyder_aliyev_111219.jpg",800,450,false],"portraits":["https:\/\/arantv.az\/wp-content\/uploads\/2019\/12\/heyder_aliyev_111219.jpg",800,450,false],"thumbnail":["https:\/\/arantv.az\/wp-content\/uploads\/2019\/12\/heyder_aliyev_111219-150x150.jpg",150,150,true],"medium":["https:\/\/arantv.az\/wp-content\/uploads\/2019\/12\/heyder_aliyev_111219-300x169.jpg",300,169,true],"large":["https:\/\/arantv.az\/wp-content\/uploads\/2019\/12\/heyder_aliyev_111219.jpg",640,360,false],"1536x1536":["https:\/\/arantv.az\/wp-content\/uploads\/2019\/12\/heyder_aliyev_111219.jpg",800,450,false],"2048x2048":["https:\/\/arantv.az\/wp-content\/uploads\/2019\/12\/heyder_aliyev_111219.jpg",800,450,false],"post-thumbnail":["https:\/\/arantv.az\/wp-content\/uploads\/2019\/12\/heyder_aliyev_111219-240x172.jpg",240,172,true],"advps-thumb-one":["https:\/\/arantv.az\/wp-content\/uploads\/2019\/12\/heyder_aliyev_111219.jpg",800,450,false]},"rttpg_author":{"display_name":"V\u00fcsal Rafiqo\u011flu","author_link":"https:\/\/arantv.az\/?author=2"},"rttpg_comment":0,"rttpg_category":"<a href=\"https:\/\/arantv.az\/?cat=4\" rel=\"category\">Siyas\u0259t<\/a>","rttpg_excerpt":"Dekabr\u0131n 11-d\u0259 Yeni Az\u0259rbaycan Partiyas\u0131n\u0131n (YAP) n\u00fcmay\u0259nd\u0259l\u0259ri, partiyan\u0131n \u0130dar\u0259 Hey\u0259tinin, Siyasi \u015euras\u0131n\u0131n \u00fczvl\u0259ri, Milli M\u0259clisin deputatlar\u0131, rayon v\u0259 \u015f\u0259h\u0259r t\u0259\u015fkilatlar\u0131n\u0131n f\u0259allar\u0131 m\u00fcasir m\u00fcst\u0259qil d\u00f6vl\u0259timizin memar\u0131 v\u0259 qurucusu, xalq\u0131m\u0131z\u0131n \u00fcmummilli lideri Heyd\u0259r \u018fliyevin v\u0259fat\u0131n\u0131n 16-c\u0131 ild\u00f6n\u00fcm\u00fc il\u0259 \u0259laq\u0259dar F\u0259xri xiyabanda ulu \u00f6nd\u0259rin xatir\u0259sini yad edib, m\u0259zar\u0131 \u00f6n\u00fcn\u0259 \u0259klil v\u0259 g\u00fcl d\u0259st\u0259l\u0259ri qoyublar. ARANTV.AZ\u00a0\u00a0x\u0259b\u0259r verir ki, g\u00f6rk\u0259mli&hellip;","_links":{"self":[{"href":"https:\/\/arantv.az\/index.php?rest_route=\/wp\/v2\/posts\/106071"}],"collection":[{"href":"https:\/\/arantv.az\/index.php?rest_route=\/wp\/v2\/posts"}],"about":[{"href":"https:\/\/arantv.az\/index.php?rest_route=\/wp\/v2\/types\/post"}],"author":[{"embeddable":true,"href":"https:\/\/arantv.az\/index.php?rest_route=\/wp\/v2\/users\/2"}],"replies":[{"embeddable":true,"href":"https:\/\/arantv.az\/index.php?rest_route=%2Fwp%2Fv2%2Fcomments&post=106071"}],"version-history":[{"count":0,"href":"https:\/\/arantv.az\/index.php?rest_route=\/wp\/v2\/posts\/106071\/revisions"}],"wp:featuredmedia":[{"embeddable":true,"href":"https:\/\/arantv.az\/index.php?rest_route=\/wp\/v2\/media\/106072"}],"wp:attachment":[{"href":"https:\/\/arantv.az\/index.php?rest_route=%2Fwp%2Fv2%2Fmedia&parent=106071"}],"wp:term":[{"taxonomy":"category","embeddable":true,"href":"https:\/\/arantv.az\/index.php?rest_route=%2Fwp%2Fv2%2Fcategories&post=106071"},{"taxonomy":"post_tag","embeddable":true,"href":"https:\/\/arantv.az\/index.php?rest_route=%2Fwp%2Fv2%2Ftags&post=106071"}],"curies":[{"name":"wp","href":"https:\/\/api.w.org\/{rel}","templated":true}]}}