{"id":106213,"date":"2019-12-11T14:22:22","date_gmt":"2019-12-11T11:22:22","guid":{"rendered":"http:\/\/arantv.az\/?p=106213"},"modified":"2019-12-11T14:22:22","modified_gmt":"2019-12-11T11:22:22","slug":"b%c9%99rd%c9%99d%c9%99-evd%c9%99-guclu-partlayis-x%c9%99sar%c9%99t-alan-var","status":"publish","type":"post","link":"https:\/\/arantv.az\/?p=106213","title":{"rendered":"B\u0259rd\u0259d\u0259 evd\u0259 G\u00dcCL\u00dc PARTLAYI\u015e &#8211; X\u0259sar\u0259t alan var"},"content":{"rendered":"<p><strong>B\u0259rd\u0259 rayonunun G\u00fclo\u011flular k\u0259ndind\u0259 \u00fcmumi sah\u0259si 286 m\u00b2 olan ikim\u0259rt\u0259b\u0259li evin 1-ci m\u0259rt\u0259b\u0259sind\u0259 sah\u0259si 52 m\u00b2 olan otaqda qura\u015fd\u0131r\u0131lan yanacaq sobas\u0131nda yan\u011f\u0131nla n\u0259tic\u0259l\u0259n\u0259n partlama ba\u015f verib.<\/strong><\/p>\n<p>F\u00f6vq\u0259lad\u0259 Hallar Nazirliyind\u0259n (FHN) Publika.az-a veril\u0259n m\u0259lumata g\u00f6r\u0259, yan\u011f\u0131n n\u0259tic\u0259sind\u0259 \u0259trafa da\u011f\u0131lan yanacaq v\u0259 ota\u011f\u0131n tavan\u0131 qism\u0259n yan\u0131b.<\/p>\n<p>Hadis\u0259 zaman\u0131 1 n\u0259f\u0259r x\u0259sar\u0259t al\u0131b. Evin qalan hiss\u0259si yan\u011f\u0131ndan m\u00fchafiz\u0259 olunub. Yan\u011f\u0131n yan\u011f\u0131ndan m\u00fchafiz\u0259 b\u00f6lm\u0259l\u0259ri t\u0259r\u0259find\u0259n s\u00f6nd\u00fcr\u00fcl\u00fcb.<\/p>\n<p>Hadis\u0259 il\u0259 \u0259laq\u0259dar m\u00fcvafiq qurumlar t\u0259r\u0259find\u0259n t\u0259hqiqat apar\u0131l\u0131r.<\/p>\n","protected":false},"excerpt":{"rendered":"<p>B\u0259rd\u0259 rayonunun G\u00fclo\u011flular k\u0259ndind\u0259 \u00fcmumi sah\u0259si 286 m\u00b2 olan ikim\u0259rt\u0259b\u0259li evin 1-ci m\u0259rt\u0259b\u0259sind\u0259 sah\u0259si 52 m\u00b2 olan otaqda qura\u015fd\u0131r\u0131lan yanacaq sobas\u0131nda yan\u011f\u0131nla n\u0259tic\u0259l\u0259n\u0259n partlama ba\u015f verib. F\u00f6vq\u0259lad\u0259 Hallar Nazirliyind\u0259n (FHN) Publika.az-a veril\u0259n m\u0259lumata g\u00f6r\u0259, yan\u011f\u0131n n\u0259tic\u0259sind\u0259 \u0259trafa da\u011f\u0131lan yanacaq v\u0259 ota\u011f\u0131n tavan\u0131 qism\u0259n yan\u0131b. Hadis\u0259 zaman\u0131 1 n\u0259f\u0259r x\u0259sar\u0259t al\u0131b. Evin qalan hiss\u0259si yan\u011f\u0131ndan m\u00fchafiz\u0259 olunub. Yan\u011f\u0131n yan\u011f\u0131ndan m\u00fchafiz\u0259 b\u00f6lm\u0259l\u0259ri t\u0259r\u0259find\u0259n s\u00f6nd\u00fcr\u00fcl\u00fcb. Hadis\u0259 il\u0259 \u0259laq\u0259dar m\u00fcvafiq qurumlar t\u0259r\u0259find\u0259n t\u0259hqiqat apar\u0131l\u0131r.<\/p>\n","protected":false},"author":2,"featured_media":106214,"comment_status":"closed","ping_status":"closed","sticky":false,"template":"","format":"standard","meta":{"om_disable_all_campaigns":false,"_monsterinsights_skip_tracking":false,"_monsterinsights_sitenote_active":false,"_monsterinsights_sitenote_note":"","_monsterinsights_sitenote_category":0},"categories":[5],"tags":[],"aioseo_notices":[],"gutentor_comment":0,"rttpg_featured_image_url":{"full":["https:\/\/arantv.az\/wp-content\/uploads\/2019\/12\/unnamed-file.jpg",800,450,false],"landscape":["https:\/\/arantv.az\/wp-content\/uploads\/2019\/12\/unnamed-file.jpg",800,450,false],"portraits":["https:\/\/arantv.az\/wp-content\/uploads\/2019\/12\/unnamed-file.jpg",800,450,false],"thumbnail":["https:\/\/arantv.az\/wp-content\/uploads\/2019\/12\/unnamed-file-150x150.jpg",150,150,true],"medium":["https:\/\/arantv.az\/wp-content\/uploads\/2019\/12\/unnamed-file-300x169.jpg",300,169,true],"large":["https:\/\/arantv.az\/wp-content\/uploads\/2019\/12\/unnamed-file.jpg",640,360,false],"1536x1536":["https:\/\/arantv.az\/wp-content\/uploads\/2019\/12\/unnamed-file.jpg",800,450,false],"2048x2048":["https:\/\/arantv.az\/wp-content\/uploads\/2019\/12\/unnamed-file.jpg",800,450,false],"post-thumbnail":["https:\/\/arantv.az\/wp-content\/uploads\/2019\/12\/unnamed-file-240x172.jpg",240,172,true],"advps-thumb-one":["https:\/\/arantv.az\/wp-content\/uploads\/2019\/12\/unnamed-file.jpg",800,450,false]},"rttpg_author":{"display_name":"V\u00fcsal Rafiqo\u011flu","author_link":"https:\/\/arantv.az\/?author=2"},"rttpg_comment":0,"rttpg_category":"<a href=\"https:\/\/arantv.az\/?cat=5\" rel=\"category\">Hadis\u0259<\/a>","rttpg_excerpt":"B\u0259rd\u0259 rayonunun G\u00fclo\u011flular k\u0259ndind\u0259 \u00fcmumi sah\u0259si 286 m\u00b2 olan ikim\u0259rt\u0259b\u0259li evin 1-ci m\u0259rt\u0259b\u0259sind\u0259 sah\u0259si 52 m\u00b2 olan otaqda qura\u015fd\u0131r\u0131lan yanacaq sobas\u0131nda yan\u011f\u0131nla n\u0259tic\u0259l\u0259n\u0259n partlama ba\u015f verib. F\u00f6vq\u0259lad\u0259 Hallar Nazirliyind\u0259n (FHN) Publika.az-a veril\u0259n m\u0259lumata g\u00f6r\u0259, yan\u011f\u0131n n\u0259tic\u0259sind\u0259 \u0259trafa da\u011f\u0131lan yanacaq v\u0259 ota\u011f\u0131n tavan\u0131 qism\u0259n yan\u0131b. Hadis\u0259 zaman\u0131 1 n\u0259f\u0259r x\u0259sar\u0259t al\u0131b. Evin qalan hiss\u0259si yan\u011f\u0131ndan m\u00fchafiz\u0259&hellip;","_links":{"self":[{"href":"https:\/\/arantv.az\/index.php?rest_route=\/wp\/v2\/posts\/106213"}],"collection":[{"href":"https:\/\/arantv.az\/index.php?rest_route=\/wp\/v2\/posts"}],"about":[{"href":"https:\/\/arantv.az\/index.php?rest_route=\/wp\/v2\/types\/post"}],"author":[{"embeddable":true,"href":"https:\/\/arantv.az\/index.php?rest_route=\/wp\/v2\/users\/2"}],"replies":[{"embeddable":true,"href":"https:\/\/arantv.az\/index.php?rest_route=%2Fwp%2Fv2%2Fcomments&post=106213"}],"version-history":[{"count":0,"href":"https:\/\/arantv.az\/index.php?rest_route=\/wp\/v2\/posts\/106213\/revisions"}],"wp:featuredmedia":[{"embeddable":true,"href":"https:\/\/arantv.az\/index.php?rest_route=\/wp\/v2\/media\/106214"}],"wp:attachment":[{"href":"https:\/\/arantv.az\/index.php?rest_route=%2Fwp%2Fv2%2Fmedia&parent=106213"}],"wp:term":[{"taxonomy":"category","embeddable":true,"href":"https:\/\/arantv.az\/index.php?rest_route=%2Fwp%2Fv2%2Fcategories&post=106213"},{"taxonomy":"post_tag","embeddable":true,"href":"https:\/\/arantv.az\/index.php?rest_route=%2Fwp%2Fv2%2Ftags&post=106213"}],"curies":[{"name":"wp","href":"https:\/\/api.w.org\/{rel}","templated":true}]}}