{"id":106217,"date":"2019-12-11T14:24:09","date_gmt":"2019-12-11T11:24:09","guid":{"rendered":"http:\/\/arantv.az\/?p=106217"},"modified":"2019-12-11T14:24:09","modified_gmt":"2019-12-11T11:24:09","slug":"qurban-qurbanov-azarkesl%c9%99rimizi-d%c9%99-basa-dusur%c9%99m","status":"publish","type":"post","link":"https:\/\/arantv.az\/?p=106217","title":{"rendered":"Qurban Qurbanov: Azarke\u015fl\u0259rimizi d\u0259 ba\u015fa d\u00fc\u015f\u00fcr\u0259m"},"content":{"rendered":"<p>Son oyunumuzdur. Hiss olunur ki, maraq azd\u0131r. H\u0259r halda, oyuna ciddi haz\u0131rla\u015faca\u011f\u0131q. Normal oyunla, yax\u015f\u0131 n\u0259tic\u0259 il\u0259 turniri ba\u015fa vurmaq ist\u0259yirik.<\/p>\n<p><strong>ARANTV.AZ\u00a0\u00a0<\/strong>x\u0259b\u0259r verir ki, bunu \u201cQaraba\u011f\u201d\u0131n ba\u015f m\u0259\u015fq\u00e7isi Qurban Qurbanov Avropa Liqas\u0131n\u0131n qrup m\u0259rh\u0259l\u0259sinin VI turunda Bak\u0131da L\u00fcksemburq \u201dD\u00fcdelanj\u201d\u0131 il\u0259 qar\u015f\u0131la\u015fmadan \u00f6nc\u0259 ke\u00e7iril\u0259n m\u0259tbuat konfrans\u0131nda deyib:<\/p>\n<p>\u201cBu oyundan \u0259vv\u0259l futbol\u00e7ulara s\u0259rb\u0259stlik vermi\u015fik. Oyuna haz\u0131rl\u0131q prosesind\u0259 d\u0259, m\u0259\u015fql\u0259rd\u0259 d\u0259.<\/p>\n<p>\u201cD\u00fcdelanj\u201d tan\u0131d\u0131\u011f\u0131m\u0131z r\u0259qibdir, bu g\u00fcn v\u0259 sabah r\u0259qibi daha yax\u0131ndan tan\u0131yaca\u011f\u0131q. Bizim \u00fc\u00e7\u00fcn h\u0259r oyun ciddidir. Stadionun dolu olmas\u0131n\u0131 ist\u0259rdik. Azarke\u015fl\u0259rimizi d\u0259 ba\u015fa d\u00fc\u015f\u00fcr\u0259m. Stadionda olmasalar da, biziml\u0259 olacaqlar. Son oyunda stadionun dolmas\u0131n\u0131 ist\u0259rdik\u201d.Oxu.Az<\/p>\n","protected":false},"excerpt":{"rendered":"<p>Son oyunumuzdur. Hiss olunur ki, maraq azd\u0131r. H\u0259r halda, oyuna ciddi haz\u0131rla\u015faca\u011f\u0131q. Normal oyunla, yax\u015f\u0131 n\u0259tic\u0259 il\u0259 turniri ba\u015fa vurmaq ist\u0259yirik. ARANTV.AZ\u00a0\u00a0x\u0259b\u0259r verir ki, bunu \u201cQaraba\u011f\u201d\u0131n ba\u015f m\u0259\u015fq\u00e7isi Qurban Qurbanov Avropa Liqas\u0131n\u0131n qrup m\u0259rh\u0259l\u0259sinin VI turunda Bak\u0131da L\u00fcksemburq \u201dD\u00fcdelanj\u201d\u0131 il\u0259 qar\u015f\u0131la\u015fmadan \u00f6nc\u0259 ke\u00e7iril\u0259n m\u0259tbuat konfrans\u0131nda deyib: \u201cBu oyundan \u0259vv\u0259l futbol\u00e7ulara s\u0259rb\u0259stlik vermi\u015fik. Oyuna haz\u0131rl\u0131q prosesind\u0259 d\u0259, m\u0259\u015fql\u0259rd\u0259 d\u0259. \u201cD\u00fcdelanj\u201d tan\u0131d\u0131\u011f\u0131m\u0131z r\u0259qibdir, bu g\u00fcn v\u0259 sabah r\u0259qibi daha yax\u0131ndan tan\u0131yaca\u011f\u0131q. Bizim \u00fc\u00e7\u00fcn h\u0259r oyun ciddidir. Stadionun dolu olmas\u0131n\u0131 ist\u0259rdik. Azarke\u015fl\u0259rimizi d\u0259 ba\u015fa d\u00fc\u015f\u00fcr\u0259m. Stadionda olmasalar da, biziml\u0259 olacaqlar. Son oyunda stadionun&hellip;<\/p>\n","protected":false},"author":2,"featured_media":106218,"comment_status":"closed","ping_status":"closed","sticky":false,"template":"","format":"standard","meta":{"om_disable_all_campaigns":false,"_monsterinsights_skip_tracking":false,"_monsterinsights_sitenote_active":false,"_monsterinsights_sitenote_note":"","_monsterinsights_sitenote_category":0},"categories":[6],"tags":[],"aioseo_notices":[],"gutentor_comment":0,"rttpg_featured_image_url":{"full":["https:\/\/arantv.az\/wp-content\/uploads\/2019\/12\/3_1570390041641.jpg",620,413,false],"landscape":["https:\/\/arantv.az\/wp-content\/uploads\/2019\/12\/3_1570390041641.jpg",620,413,false],"portraits":["https:\/\/arantv.az\/wp-content\/uploads\/2019\/12\/3_1570390041641.jpg",620,413,false],"thumbnail":["https:\/\/arantv.az\/wp-content\/uploads\/2019\/12\/3_1570390041641-150x150.jpg",150,150,true],"medium":["https:\/\/arantv.az\/wp-content\/uploads\/2019\/12\/3_1570390041641-300x200.jpg",300,200,true],"large":["https:\/\/arantv.az\/wp-content\/uploads\/2019\/12\/3_1570390041641.jpg",620,413,false],"1536x1536":["https:\/\/arantv.az\/wp-content\/uploads\/2019\/12\/3_1570390041641.jpg",620,413,false],"2048x2048":["https:\/\/arantv.az\/wp-content\/uploads\/2019\/12\/3_1570390041641.jpg",620,413,false],"post-thumbnail":["https:\/\/arantv.az\/wp-content\/uploads\/2019\/12\/3_1570390041641-240x172.jpg",240,172,true],"advps-thumb-one":["https:\/\/arantv.az\/wp-content\/uploads\/2019\/12\/3_1570390041641.jpg",620,413,false]},"rttpg_author":{"display_name":"V\u00fcsal Rafiqo\u011flu","author_link":"https:\/\/arantv.az\/?author=2"},"rttpg_comment":0,"rttpg_category":"<a href=\"https:\/\/arantv.az\/?cat=6\" rel=\"category\">\u0130dman<\/a>","rttpg_excerpt":"Son oyunumuzdur. Hiss olunur ki, maraq azd\u0131r. H\u0259r halda, oyuna ciddi haz\u0131rla\u015faca\u011f\u0131q. Normal oyunla, yax\u015f\u0131 n\u0259tic\u0259 il\u0259 turniri ba\u015fa vurmaq ist\u0259yirik. ARANTV.AZ\u00a0\u00a0x\u0259b\u0259r verir ki, bunu \u201cQaraba\u011f\u201d\u0131n ba\u015f m\u0259\u015fq\u00e7isi Qurban Qurbanov Avropa Liqas\u0131n\u0131n qrup m\u0259rh\u0259l\u0259sinin VI turunda Bak\u0131da L\u00fcksemburq \u201dD\u00fcdelanj\u201d\u0131 il\u0259 qar\u015f\u0131la\u015fmadan \u00f6nc\u0259 ke\u00e7iril\u0259n m\u0259tbuat konfrans\u0131nda deyib: \u201cBu oyundan \u0259vv\u0259l futbol\u00e7ulara s\u0259rb\u0259stlik vermi\u015fik. Oyuna haz\u0131rl\u0131q prosesind\u0259&hellip;","_links":{"self":[{"href":"https:\/\/arantv.az\/index.php?rest_route=\/wp\/v2\/posts\/106217"}],"collection":[{"href":"https:\/\/arantv.az\/index.php?rest_route=\/wp\/v2\/posts"}],"about":[{"href":"https:\/\/arantv.az\/index.php?rest_route=\/wp\/v2\/types\/post"}],"author":[{"embeddable":true,"href":"https:\/\/arantv.az\/index.php?rest_route=\/wp\/v2\/users\/2"}],"replies":[{"embeddable":true,"href":"https:\/\/arantv.az\/index.php?rest_route=%2Fwp%2Fv2%2Fcomments&post=106217"}],"version-history":[{"count":0,"href":"https:\/\/arantv.az\/index.php?rest_route=\/wp\/v2\/posts\/106217\/revisions"}],"wp:featuredmedia":[{"embeddable":true,"href":"https:\/\/arantv.az\/index.php?rest_route=\/wp\/v2\/media\/106218"}],"wp:attachment":[{"href":"https:\/\/arantv.az\/index.php?rest_route=%2Fwp%2Fv2%2Fmedia&parent=106217"}],"wp:term":[{"taxonomy":"category","embeddable":true,"href":"https:\/\/arantv.az\/index.php?rest_route=%2Fwp%2Fv2%2Fcategories&post=106217"},{"taxonomy":"post_tag","embeddable":true,"href":"https:\/\/arantv.az\/index.php?rest_route=%2Fwp%2Fv2%2Ftags&post=106217"}],"curies":[{"name":"wp","href":"https:\/\/api.w.org\/{rel}","templated":true}]}}