{"id":106225,"date":"2019-12-11T14:42:35","date_gmt":"2019-12-11T11:42:35","guid":{"rendered":"http:\/\/arantv.az\/?p=106225"},"modified":"2019-12-11T14:42:35","modified_gmt":"2019-12-11T11:42:35","slug":"elmar-m%c9%99mm%c9%99dyarov-niderland-az%c9%99rbaycanin-qeyri-neft-sektorunun-%c9%99sas-investorlarindan-biridir","status":"publish","type":"post","link":"https:\/\/arantv.az\/?p=106225","title":{"rendered":"Elmar M\u0259mm\u0259dyarov: Niderland-Az\u0259rbaycan\u0131n qeyri-neft sektorunun \u0259sas investorlar\u0131ndan biridir"},"content":{"rendered":"<p>Az\u0259rbaycan\u0131n Xarici \u0130\u015fl\u0259r naziri Elmar M\u0259mm\u0259dyarov Bak\u0131 il\u0259 Amsterdam aras\u0131nda \u0259m\u0259kda\u015fl\u0131\u011f\u0131n u\u011furla inki\u015faf etdiyini qeyd edib.<\/p>\n<p>\u201cNiderland ikit\u0259r\u0259fli formatda oldu\u011fu kimi, \u00e7oxt\u0259r\u0259fli formatlarda da Az\u0259rbaycan\u0131n yax\u0131n m\u00fctt\u0259fiqi v\u0259 etibarl\u0131 t\u0259r\u0259fda\u015f\u0131d\u0131r\u201d, &#8211; E.M\u0259mm\u0259dyarovun Niderland\u0131n \u201cDiplomat magazine\u201d n\u0259\u015frinin s\u0259hif\u0259l\u0259rind\u0259 d\u0259rc olunan\u00a0<a href=\"http:\/\/www.diplomatmagazine.eu\/2019\/12\/01\/azerbaijan-and-the-netherlands-mutually-beneficial-cooperation-relations-and-their-prospects\/?fbclid=IwAR0ssYsDvx6IWSeFDs3-YCjQ4OLgYtBtZyquGdOdr9K8oiEUWKh5DEJlgBI\" target=\"_blank\" rel=\"noopener\">m\u0259qal\u0259si<\/a>nd\u0259 deyilir.<\/p>\n<p>X\u0130N r\u0259hb\u0259ri\u00a0diplomatik \u0259laq\u0259l\u0259rin 1 aprel 1992-ci ild\u0259 quruldu\u011fu \u00f6lk\u0259l\u0259r aras\u0131nda ikit\u0259r\u0259fli \u0259m\u0259kda\u015fl\u0131\u011f\u0131n m\u00fcsb\u0259t xarakterini qeyd edib.<\/p>\n<div id=\"AdviadNativeVideo0\" class=\"AdviadNativeVideo\"><\/div>\n<p><img src=\"https:\/\/assets.oxu.az\/uploads\/W1siZiIsIjIwMTkvMTIvMTEvMTUvMDcvMzUvOWE3MTA1OTktMzgxZC00MmNjLThjNDctZDE4MWY0Mzg4ZGQ2L2VsbWFyLmpwZyJdLFsicCIsImVuY29kZSIsImpwZyIsIi1xdWFsaXR5IDgwIl0sWyJwIiwidGh1bWIiLCI1OTB4NTkwXHUwMDNlIl1d?sha=5c8ddcb59bb53586\" alt=\"\" \/><\/p>\n<p>\u201cAz\u0259rbaycanla Niderland aras\u0131ndak\u0131 m\u00fcnasib\u0259tl\u0259r d\u00f6vl\u0259tin \u0259razi b\u00fct\u00f6vl\u00fcy\u00fcn\u0259 v\u0259 suverenliyin\u0259 qar\u015f\u0131l\u0131ql\u0131 h\u00f6rm\u0259t\u0259 \u0259saslan\u0131r, iki \u00f6lk\u0259 aras\u0131nda \u0259m\u0259kda\u015fl\u0131q ticar\u0259t, logistika, k\u0259nd t\u0259s\u0259rr\u00fcfat\u0131, t\u0259hsil, turizm v\u0259 s. sah\u0259l\u0259ri \u0259hat\u0259 edir\u201d, &#8211; nazir bildirib.<\/p>\n<p>Ticar\u0259t-iqtisadi \u0259m\u0259kda\u015fl\u0131q m\u0259s\u0259l\u0259l\u0259rin\u0259 toxunan E.M\u0259mm\u0259dyarov qeyd edib ki, 2018-ci ild\u0259 \u00f6lk\u0259l\u0259r aras\u0131ndak\u0131 ticar\u0259t d\u00f6vriyy\u0259si 181.83 milyon dollar t\u0259\u015fkil edib.<\/p>\n<p>\u201cAz\u0259rbaycan m\u0259hsullar\u0131n\u0131n Niderlanda ixrac\u0131 77,9 milyon dollar, Niderland m\u0259hsullar\u0131n\u0131n Az\u0259rbaycana idxal\u0131 is\u0259 103,8 milyon dollar t\u0259\u015fkil edib\u201d, &#8211; M\u0259mm\u0259dyarov deyib.<\/p>\n<p>X\u0130N r\u0259hb\u0259rinin s\u00f6zl\u0259rin\u0259 g\u00f6r\u0259, Niderland Az\u0259rbaycan iqtisadiyyat\u0131n\u0131n qeyri-neft sektorunda \u0259sas investorlar\u0131ndan biri olaraq qalmaqda davam edir.<\/p>\n<p>\u201cNiderland \u015firk\u0259tl\u0259rinin geni\u015fmiqyasl\u0131 layih\u0259l\u0259ri logistika, n\u0259qliyyat, \u0259traf m\u00fchitin m\u00fchafiz\u0259si v\u0259 k\u0259nd t\u0259s\u0259rr\u00fcfat\u0131 kimi sah\u0259l\u0259ri \u0259hat\u0259 edir.<\/p>\n<p>U\u011furlu layih\u0259l\u0259r s\u0131ras\u0131na Bak\u0131 Beyn\u0259lxalq D\u0259niz Ticar\u0259t Liman\u0131n\u0131n layih\u0259l\u0259ndirilm\u0259si v\u0259 in\u015fas\u0131, Ab\u015feron yar\u0131madas\u0131ndak\u0131 g\u00f6ll\u0259rin neft tullant\u0131lar\u0131ndan t\u0259mizl\u0259nm\u0259si \u00fc\u00e7\u00fcn h\u0259ll yollar\u0131n\u0131n t\u0259min edilm\u0259si, Niderland\u0131n k\u0259nd t\u0259s\u0259rr\u00fcfat\u0131 t\u0259cr\u00fcb\u0259sind\u0259n v\u0259 \u201cnou-hau\u201ddan istifad\u0259 etm\u0259kl\u0259 Az\u0259rbaycanda model t\u0259s\u0259rr\u00fcfat\u0131n yarad\u0131lmas\u0131 daxildir\u201d, &#8211; nazir qeyd edib.<\/p>\n<p>Elmar M\u0259mm\u0259dyarov h\u0259m\u00e7inin logistika sah\u0259sind\u0259 ikit\u0259r\u0259fli \u0259m\u0259kda\u015fl\u0131\u011f\u0131n inki\u015faf\u0131n\u0131n \u0259h\u0259miyy\u0259tini, bu \u0259m\u0259kda\u015fl\u0131q say\u0259sind\u0259 ilk s\u0131naq konteynerinin Venlodan Az\u0259rbaycan \u0259razisi vasit\u0259sil\u0259 \u00c7in\u0259 g\u00f6nd\u0259rilm\u0259sini qeyd edib.<\/p>\n<p>X\u0130N r\u0259hb\u0259rinin s\u00f6zl\u0259rin\u0259 g\u00f6r\u0259, logistika sah\u0259sind\u0259 \u0259m\u0259kda\u015fl\u0131\u011f\u0131n geni\u015fl\u0259ndirilm\u0259si imkanlar\u0131n\u0131 \u00f6yr\u0259nm\u0259k \u00fc\u00e7\u00fcn Venlo \u015f\u0259h\u0259rind\u0259 Bak\u0131 Beyn\u0259lxalq D\u0259niz Ticar\u0259t Liman\u0131n\u0131n n\u00fcmay\u0259nd\u0259liyinin a\u00e7\u0131lmas\u0131 planla\u015fd\u0131r\u0131l\u0131r.<\/p>\n<p>\u201cSon ill\u0259r turizm sah\u0259sind\u0259 \u0259m\u0259kda\u015fl\u0131q davaml\u0131 \u015f\u0259kild\u0259 art\u0131r. Getdikc\u0259 daha \u00e7ox hollandiyal\u0131 turist t\u0259til zaman\u0131 Az\u0259rbaycan t\u0259bi\u0259tinin g\u00f6z\u0259llikl\u0259rind\u0259n z\u00f6vq alma\u011f\u0131 \u00fcst\u00fcn tutur\u201d, &#8211; Bak\u0131da \u201cFormula-1\u201d \u00fczr\u0259 Az\u0259rbaycan Qran-prisinin ke\u00e7irilm\u0259sinin turistl\u0259rin \u00f6lk\u0259miz\u0259 mara\u011f\u0131n\u0131n artmas\u0131na s\u0259b\u0259b oldu\u011funu qeyd ed\u0259n nazir vur\u011fulay\u0131b.<\/p>\n<p>E.M\u0259mm\u0259dyarovun s\u00f6zl\u0259rin\u0259 g\u00f6r\u0259, haz\u0131rda Bak\u0131 il\u0259 Amsterdam aras\u0131nda birba\u015fa u\u00e7u\u015flar\u0131n a\u00e7\u0131lmas\u0131 \u00fc\u00e7\u00fcn dan\u0131\u015f\u0131qlar apar\u0131l\u0131r.<\/p>\n<p>O,\u00a0iki \u00f6lk\u0259 aras\u0131nda t\u0259hsil sah\u0259sind\u0259 \u0259m\u0259kda\u015fl\u0131\u011f\u0131n geni\u015fl\u0259ndiyini d\u0259 qeyd edib.<\/p>\n","protected":false},"excerpt":{"rendered":"<p>Az\u0259rbaycan\u0131n Xarici \u0130\u015fl\u0259r naziri Elmar M\u0259mm\u0259dyarov Bak\u0131 il\u0259 Amsterdam aras\u0131nda \u0259m\u0259kda\u015fl\u0131\u011f\u0131n u\u011furla inki\u015faf etdiyini qeyd edib. \u201cNiderland ikit\u0259r\u0259fli formatda oldu\u011fu kimi, \u00e7oxt\u0259r\u0259fli formatlarda da Az\u0259rbaycan\u0131n yax\u0131n m\u00fctt\u0259fiqi v\u0259 etibarl\u0131 t\u0259r\u0259fda\u015f\u0131d\u0131r\u201d, &#8211; E.M\u0259mm\u0259dyarovun Niderland\u0131n \u201cDiplomat magazine\u201d n\u0259\u015frinin s\u0259hif\u0259l\u0259rind\u0259 d\u0259rc olunan\u00a0m\u0259qal\u0259sind\u0259 deyilir. X\u0130N r\u0259hb\u0259ri\u00a0diplomatik \u0259laq\u0259l\u0259rin 1 aprel 1992-ci ild\u0259 quruldu\u011fu \u00f6lk\u0259l\u0259r aras\u0131nda ikit\u0259r\u0259fli \u0259m\u0259kda\u015fl\u0131\u011f\u0131n m\u00fcsb\u0259t xarakterini qeyd edib. \u201cAz\u0259rbaycanla Niderland aras\u0131ndak\u0131 m\u00fcnasib\u0259tl\u0259r d\u00f6vl\u0259tin \u0259razi b\u00fct\u00f6vl\u00fcy\u00fcn\u0259 v\u0259 suverenliyin\u0259 qar\u015f\u0131l\u0131ql\u0131 h\u00f6rm\u0259t\u0259 \u0259saslan\u0131r, iki \u00f6lk\u0259 aras\u0131nda \u0259m\u0259kda\u015fl\u0131q ticar\u0259t, logistika, k\u0259nd t\u0259s\u0259rr\u00fcfat\u0131, t\u0259hsil, turizm v\u0259 s. sah\u0259l\u0259ri \u0259hat\u0259 edir\u201d, &#8211; nazir bildirib. Ticar\u0259t-iqtisadi \u0259m\u0259kda\u015fl\u0131q m\u0259s\u0259l\u0259l\u0259rin\u0259 toxunan&hellip;<\/p>\n","protected":false},"author":2,"featured_media":106226,"comment_status":"closed","ping_status":"closed","sticky":false,"template":"","format":"standard","meta":{"om_disable_all_campaigns":false,"_monsterinsights_skip_tracking":false,"_monsterinsights_sitenote_active":false,"_monsterinsights_sitenote_note":"","_monsterinsights_sitenote_category":0},"categories":[8],"tags":[],"aioseo_notices":[],"gutentor_comment":0,"rttpg_featured_image_url":{"full":["https:\/\/arantv.az\/wp-content\/uploads\/2019\/12\/elmar.jpg",620,413,false],"landscape":["https:\/\/arantv.az\/wp-content\/uploads\/2019\/12\/elmar.jpg",620,413,false],"portraits":["https:\/\/arantv.az\/wp-content\/uploads\/2019\/12\/elmar.jpg",620,413,false],"thumbnail":["https:\/\/arantv.az\/wp-content\/uploads\/2019\/12\/elmar-150x150.jpg",150,150,true],"medium":["https:\/\/arantv.az\/wp-content\/uploads\/2019\/12\/elmar-300x200.jpg",300,200,true],"large":["https:\/\/arantv.az\/wp-content\/uploads\/2019\/12\/elmar.jpg",620,413,false],"1536x1536":["https:\/\/arantv.az\/wp-content\/uploads\/2019\/12\/elmar.jpg",620,413,false],"2048x2048":["https:\/\/arantv.az\/wp-content\/uploads\/2019\/12\/elmar.jpg",620,413,false],"post-thumbnail":["https:\/\/arantv.az\/wp-content\/uploads\/2019\/12\/elmar-240x172.jpg",240,172,true],"advps-thumb-one":["https:\/\/arantv.az\/wp-content\/uploads\/2019\/12\/elmar.jpg",620,413,false]},"rttpg_author":{"display_name":"V\u00fcsal Rafiqo\u011flu","author_link":"https:\/\/arantv.az\/?author=2"},"rttpg_comment":0,"rttpg_category":"<a href=\"https:\/\/arantv.az\/?cat=8\" rel=\"category\">\u018fsas s\u0259hif\u0259<\/a>","rttpg_excerpt":"Az\u0259rbaycan\u0131n Xarici \u0130\u015fl\u0259r naziri Elmar M\u0259mm\u0259dyarov Bak\u0131 il\u0259 Amsterdam aras\u0131nda \u0259m\u0259kda\u015fl\u0131\u011f\u0131n u\u011furla inki\u015faf etdiyini qeyd edib. \u201cNiderland ikit\u0259r\u0259fli formatda oldu\u011fu kimi, \u00e7oxt\u0259r\u0259fli formatlarda da Az\u0259rbaycan\u0131n yax\u0131n m\u00fctt\u0259fiqi v\u0259 etibarl\u0131 t\u0259r\u0259fda\u015f\u0131d\u0131r\u201d, &#8211; E.M\u0259mm\u0259dyarovun Niderland\u0131n \u201cDiplomat magazine\u201d n\u0259\u015frinin s\u0259hif\u0259l\u0259rind\u0259 d\u0259rc olunan\u00a0m\u0259qal\u0259sind\u0259 deyilir. X\u0130N r\u0259hb\u0259ri\u00a0diplomatik \u0259laq\u0259l\u0259rin 1 aprel 1992-ci ild\u0259 quruldu\u011fu \u00f6lk\u0259l\u0259r aras\u0131nda ikit\u0259r\u0259fli \u0259m\u0259kda\u015fl\u0131\u011f\u0131n m\u00fcsb\u0259t xarakterini qeyd&hellip;","_links":{"self":[{"href":"https:\/\/arantv.az\/index.php?rest_route=\/wp\/v2\/posts\/106225"}],"collection":[{"href":"https:\/\/arantv.az\/index.php?rest_route=\/wp\/v2\/posts"}],"about":[{"href":"https:\/\/arantv.az\/index.php?rest_route=\/wp\/v2\/types\/post"}],"author":[{"embeddable":true,"href":"https:\/\/arantv.az\/index.php?rest_route=\/wp\/v2\/users\/2"}],"replies":[{"embeddable":true,"href":"https:\/\/arantv.az\/index.php?rest_route=%2Fwp%2Fv2%2Fcomments&post=106225"}],"version-history":[{"count":0,"href":"https:\/\/arantv.az\/index.php?rest_route=\/wp\/v2\/posts\/106225\/revisions"}],"wp:featuredmedia":[{"embeddable":true,"href":"https:\/\/arantv.az\/index.php?rest_route=\/wp\/v2\/media\/106226"}],"wp:attachment":[{"href":"https:\/\/arantv.az\/index.php?rest_route=%2Fwp%2Fv2%2Fmedia&parent=106225"}],"wp:term":[{"taxonomy":"category","embeddable":true,"href":"https:\/\/arantv.az\/index.php?rest_route=%2Fwp%2Fv2%2Fcategories&post=106225"},{"taxonomy":"post_tag","embeddable":true,"href":"https:\/\/arantv.az\/index.php?rest_route=%2Fwp%2Fv2%2Ftags&post=106225"}],"curies":[{"name":"wp","href":"https:\/\/api.w.org\/{rel}","templated":true}]}}