{"id":106229,"date":"2019-12-11T14:45:23","date_gmt":"2019-12-11T11:45:23","guid":{"rendered":"http:\/\/arantv.az\/?p=106229"},"modified":"2019-12-11T14:45:23","modified_gmt":"2019-12-11T11:45:23","slug":"bolqaristan-igb-tikintisini-tap-la-eyni-zamanda-bitirm%c9%99k-niyy%c9%99tind%c9%99dir","status":"publish","type":"post","link":"https:\/\/arantv.az\/?p=106229","title":{"rendered":"Bolqar\u0131stan IGB tikintisini TAP-la eyni zamanda bitirm\u0259k niyy\u0259tind\u0259dir"},"content":{"rendered":"<p>&#8220;Az\u0259rbaycan qaz\u0131n\u0131n Bolqar\u0131stana n\u0259qlini n\u0259z\u0259rd\u0259 tutan Yunan\u0131stan-Bolqar\u0131stan interkonnektorunun (IGB) tikintisi 2020-ci ilin sonunad\u0259k ba\u015fa \u00e7atacaq&#8221;.<\/p>\n<p><strong>ARANTV.AZ<\/strong>\u00a0\u00a0<a href=\"https:\/\/az.trend.az\/\" target=\"_blank\" rel=\"noopener\">Trend<\/a>-\u0259 istinad\u0259n x\u0259b\u0259r verir ki, bunu Bolqar\u0131stan\u0131n Energetika naziri Temenujka Petkova deyib.<\/p>\n<p>Nazir bildirib ki, bununla da &#8220;Bulgargaz&#8221; \u015firk\u0259ti il\u0259 SOCAR aras\u0131nda &#8220;\u015eahd\u0259niz&#8221; yata\u011f\u0131ndan Bolqar\u0131stana bir milyard kubmetr qaz\u0131n t\u0259dar\u00fck\u00fc il\u0259 ba\u011fl\u0131 sazi\u015f icra olunacaq:<\/p>\n<p>&#8220;Biz Yunan\u0131stanla interkonnektorun tikintisini ba\u015fa \u00e7atd\u0131rmal\u0131y\u0131q ki, 2020-cilin sonundan X\u0259z\u0259r regionundan h\u0259min h\u0259cmd\u0259 qaz\u0131 \u0259ld\u0259 ed\u0259 bil\u0259k&#8221;.<\/p>\n<p>Qeyd ed\u0259k ki, IGB Trans-Adriatik boru k\u0259m\u0259ri il\u0259 birl\u0259\u015fdiril\u0259c\u0259k.<\/p>\n","protected":false},"excerpt":{"rendered":"<p>&#8220;Az\u0259rbaycan qaz\u0131n\u0131n Bolqar\u0131stana n\u0259qlini n\u0259z\u0259rd\u0259 tutan Yunan\u0131stan-Bolqar\u0131stan interkonnektorunun (IGB) tikintisi 2020-ci ilin sonunad\u0259k ba\u015fa \u00e7atacaq&#8221;. ARANTV.AZ\u00a0\u00a0Trend-\u0259 istinad\u0259n x\u0259b\u0259r verir ki, bunu Bolqar\u0131stan\u0131n Energetika naziri Temenujka Petkova deyib. Nazir bildirib ki, bununla da &#8220;Bulgargaz&#8221; \u015firk\u0259ti il\u0259 SOCAR aras\u0131nda &#8220;\u015eahd\u0259niz&#8221; yata\u011f\u0131ndan Bolqar\u0131stana bir milyard kubmetr qaz\u0131n t\u0259dar\u00fck\u00fc il\u0259 ba\u011fl\u0131 sazi\u015f icra olunacaq: &#8220;Biz Yunan\u0131stanla interkonnektorun tikintisini ba\u015fa \u00e7atd\u0131rmal\u0131y\u0131q ki, 2020-cilin sonundan X\u0259z\u0259r regionundan h\u0259min h\u0259cmd\u0259 qaz\u0131 \u0259ld\u0259 ed\u0259 bil\u0259k&#8221;. Qeyd ed\u0259k ki, IGB Trans-Adriatik boru k\u0259m\u0259ri il\u0259 birl\u0259\u015fdiril\u0259c\u0259k.<\/p>\n","protected":false},"author":2,"featured_media":106230,"comment_status":"closed","ping_status":"closed","sticky":false,"template":"","format":"standard","meta":{"om_disable_all_campaigns":false,"_monsterinsights_skip_tracking":false,"_monsterinsights_sitenote_active":false,"_monsterinsights_sitenote_note":"","_monsterinsights_sitenote_category":0},"categories":[19],"tags":[],"aioseo_notices":[],"gutentor_comment":0,"rttpg_featured_image_url":{"full":["https:\/\/arantv.az\/wp-content\/uploads\/2019\/12\/809710.jpg",587,440,false],"landscape":["https:\/\/arantv.az\/wp-content\/uploads\/2019\/12\/809710.jpg",587,440,false],"portraits":["https:\/\/arantv.az\/wp-content\/uploads\/2019\/12\/809710.jpg",587,440,false],"thumbnail":["https:\/\/arantv.az\/wp-content\/uploads\/2019\/12\/809710-150x150.jpg",150,150,true],"medium":["https:\/\/arantv.az\/wp-content\/uploads\/2019\/12\/809710-300x225.jpg",300,225,true],"large":["https:\/\/arantv.az\/wp-content\/uploads\/2019\/12\/809710.jpg",587,440,false],"1536x1536":["https:\/\/arantv.az\/wp-content\/uploads\/2019\/12\/809710.jpg",587,440,false],"2048x2048":["https:\/\/arantv.az\/wp-content\/uploads\/2019\/12\/809710.jpg",587,440,false],"post-thumbnail":["https:\/\/arantv.az\/wp-content\/uploads\/2019\/12\/809710-240x172.jpg",240,172,true],"advps-thumb-one":["https:\/\/arantv.az\/wp-content\/uploads\/2019\/12\/809710.jpg",587,440,false]},"rttpg_author":{"display_name":"V\u00fcsal Rafiqo\u011flu","author_link":"https:\/\/arantv.az\/?author=2"},"rttpg_comment":0,"rttpg_category":"<a href=\"https:\/\/arantv.az\/?cat=19\" rel=\"category\">G\u00fcnd\u0259m<\/a>","rttpg_excerpt":"&#8220;Az\u0259rbaycan qaz\u0131n\u0131n Bolqar\u0131stana n\u0259qlini n\u0259z\u0259rd\u0259 tutan Yunan\u0131stan-Bolqar\u0131stan interkonnektorunun (IGB) tikintisi 2020-ci ilin sonunad\u0259k ba\u015fa \u00e7atacaq&#8221;. ARANTV.AZ\u00a0\u00a0Trend-\u0259 istinad\u0259n x\u0259b\u0259r verir ki, bunu Bolqar\u0131stan\u0131n Energetika naziri Temenujka Petkova deyib. Nazir bildirib ki, bununla da &#8220;Bulgargaz&#8221; \u015firk\u0259ti il\u0259 SOCAR aras\u0131nda &#8220;\u015eahd\u0259niz&#8221; yata\u011f\u0131ndan Bolqar\u0131stana bir milyard kubmetr qaz\u0131n t\u0259dar\u00fck\u00fc il\u0259 ba\u011fl\u0131 sazi\u015f icra olunacaq: &#8220;Biz Yunan\u0131stanla interkonnektorun tikintisini ba\u015fa&hellip;","_links":{"self":[{"href":"https:\/\/arantv.az\/index.php?rest_route=\/wp\/v2\/posts\/106229"}],"collection":[{"href":"https:\/\/arantv.az\/index.php?rest_route=\/wp\/v2\/posts"}],"about":[{"href":"https:\/\/arantv.az\/index.php?rest_route=\/wp\/v2\/types\/post"}],"author":[{"embeddable":true,"href":"https:\/\/arantv.az\/index.php?rest_route=\/wp\/v2\/users\/2"}],"replies":[{"embeddable":true,"href":"https:\/\/arantv.az\/index.php?rest_route=%2Fwp%2Fv2%2Fcomments&post=106229"}],"version-history":[{"count":0,"href":"https:\/\/arantv.az\/index.php?rest_route=\/wp\/v2\/posts\/106229\/revisions"}],"wp:featuredmedia":[{"embeddable":true,"href":"https:\/\/arantv.az\/index.php?rest_route=\/wp\/v2\/media\/106230"}],"wp:attachment":[{"href":"https:\/\/arantv.az\/index.php?rest_route=%2Fwp%2Fv2%2Fmedia&parent=106229"}],"wp:term":[{"taxonomy":"category","embeddable":true,"href":"https:\/\/arantv.az\/index.php?rest_route=%2Fwp%2Fv2%2Fcategories&post=106229"},{"taxonomy":"post_tag","embeddable":true,"href":"https:\/\/arantv.az\/index.php?rest_route=%2Fwp%2Fv2%2Ftags&post=106229"}],"curies":[{"name":"wp","href":"https:\/\/api.w.org\/{rel}","templated":true}]}}