{"id":106233,"date":"2019-12-11T14:54:08","date_gmt":"2019-12-11T11:54:08","guid":{"rendered":"http:\/\/arantv.az\/?p=106233"},"modified":"2019-12-11T14:54:08","modified_gmt":"2019-12-11T11:54:08","slug":"prezident-ilham-%c9%99liyev-koreya-respublikasi-statistika-komit%c9%99sinin-s%c9%99drinin-basciliq-etdiyi-numay%c9%99nd%c9%99-hey%c9%99tini-q%c9%99bul-edib-foto","status":"publish","type":"post","link":"https:\/\/arantv.az\/?p=106233","title":{"rendered":"Prezident \u0130lham \u018fliyev Koreya Respublikas\u0131 Statistika Komit\u0259sinin s\u0259drinin ba\u015f\u00e7\u0131l\u0131q etdiyi n\u00fcmay\u0259nd\u0259 hey\u0259tini q\u0259bul edib &#8211; FOTO"},"content":{"rendered":"<p><strong>ARANTV.AZ<\/strong>\u00a0\u00a0<a href=\"https:\/\/azertag.az\/\" target=\"_blank\" rel=\"noopener\">AZ\u018fRTAC<\/a>-a istinad\u0259n x\u0259b\u0259r verir ki, Az\u0259rbaycan Respublikas\u0131n\u0131n Prezidenti \u0130lham \u018fliyev dekabr\u0131n 11-d\u0259 Koreya Respublikas\u0131n\u0131n Statistika Komit\u0259sinin s\u0259dri Kanq \u015ein-Uokun ba\u015f\u00e7\u0131l\u0131q etdiyi n\u00fcmay\u0259nd\u0259 hey\u0259tini q\u0259bul edib.<\/p>\n<p><em><strong>X\u0259b\u0259r yenil\u0259n\u0259c\u0259k&#8230;<\/strong><\/em><\/p>\n<h4><\/h4>\n<div class=\"article-gallery\">\n<div class=\"lSSlideOuter \">\n<div class=\"lSSlideWrapper usingCss\">\n<ul class=\"images-list lightSlider lsGrab lSSlide\">\n<li class=\"lslide active\" data-src=\"https:\/\/img.milli.az\/2019\/12\/11\/809714.jpg\" data-fancybox=\"809714\"><img src=\"https:\/\/img.milli.az\/2019\/12\/11\/809714.jpg\" alt=\"\" \/><\/li>\n<\/ul>\n<\/div>\n<\/div>\n<div class=\"lSSlideOuter \">\n<div class=\"lSSlideWrapper usingCss\"><\/div>\n<\/div>\n<\/div>\n","protected":false},"excerpt":{"rendered":"<p>ARANTV.AZ\u00a0\u00a0AZ\u018fRTAC-a istinad\u0259n x\u0259b\u0259r verir ki, Az\u0259rbaycan Respublikas\u0131n\u0131n Prezidenti \u0130lham \u018fliyev dekabr\u0131n 11-d\u0259 Koreya Respublikas\u0131n\u0131n Statistika Komit\u0259sinin s\u0259dri Kanq \u015ein-Uokun ba\u015f\u00e7\u0131l\u0131q etdiyi n\u00fcmay\u0259nd\u0259 hey\u0259tini q\u0259bul edib. X\u0259b\u0259r yenil\u0259n\u0259c\u0259k&#8230;<\/p>\n","protected":false},"author":2,"featured_media":106234,"comment_status":"closed","ping_status":"closed","sticky":false,"template":"","format":"standard","meta":{"om_disable_all_campaigns":false,"_monsterinsights_skip_tracking":false,"_monsterinsights_sitenote_active":false,"_monsterinsights_sitenote_note":"","_monsterinsights_sitenote_category":0},"categories":[4],"tags":[],"aioseo_notices":[],"gutentor_comment":0,"rttpg_featured_image_url":{"full":["https:\/\/arantv.az\/wp-content\/uploads\/2019\/12\/809714_000.jpg",800,550,false],"landscape":["https:\/\/arantv.az\/wp-content\/uploads\/2019\/12\/809714_000.jpg",800,550,false],"portraits":["https:\/\/arantv.az\/wp-content\/uploads\/2019\/12\/809714_000.jpg",800,550,false],"thumbnail":["https:\/\/arantv.az\/wp-content\/uploads\/2019\/12\/809714_000-150x150.jpg",150,150,true],"medium":["https:\/\/arantv.az\/wp-content\/uploads\/2019\/12\/809714_000-300x206.jpg",300,206,true],"large":["https:\/\/arantv.az\/wp-content\/uploads\/2019\/12\/809714_000.jpg",640,440,false],"1536x1536":["https:\/\/arantv.az\/wp-content\/uploads\/2019\/12\/809714_000.jpg",800,550,false],"2048x2048":["https:\/\/arantv.az\/wp-content\/uploads\/2019\/12\/809714_000.jpg",800,550,false],"post-thumbnail":["https:\/\/arantv.az\/wp-content\/uploads\/2019\/12\/809714_000-240x172.jpg",240,172,true],"advps-thumb-one":["https:\/\/arantv.az\/wp-content\/uploads\/2019\/12\/809714_000.jpg",800,550,false]},"rttpg_author":{"display_name":"V\u00fcsal Rafiqo\u011flu","author_link":"https:\/\/arantv.az\/?author=2"},"rttpg_comment":0,"rttpg_category":"<a href=\"https:\/\/arantv.az\/?cat=4\" rel=\"category\">Siyas\u0259t<\/a>","rttpg_excerpt":"ARANTV.AZ\u00a0\u00a0AZ\u018fRTAC-a istinad\u0259n x\u0259b\u0259r verir ki, Az\u0259rbaycan Respublikas\u0131n\u0131n Prezidenti \u0130lham \u018fliyev dekabr\u0131n 11-d\u0259 Koreya Respublikas\u0131n\u0131n Statistika Komit\u0259sinin s\u0259dri Kanq \u015ein-Uokun ba\u015f\u00e7\u0131l\u0131q etdiyi n\u00fcmay\u0259nd\u0259 hey\u0259tini q\u0259bul edib. X\u0259b\u0259r yenil\u0259n\u0259c\u0259k&#8230;","_links":{"self":[{"href":"https:\/\/arantv.az\/index.php?rest_route=\/wp\/v2\/posts\/106233"}],"collection":[{"href":"https:\/\/arantv.az\/index.php?rest_route=\/wp\/v2\/posts"}],"about":[{"href":"https:\/\/arantv.az\/index.php?rest_route=\/wp\/v2\/types\/post"}],"author":[{"embeddable":true,"href":"https:\/\/arantv.az\/index.php?rest_route=\/wp\/v2\/users\/2"}],"replies":[{"embeddable":true,"href":"https:\/\/arantv.az\/index.php?rest_route=%2Fwp%2Fv2%2Fcomments&post=106233"}],"version-history":[{"count":0,"href":"https:\/\/arantv.az\/index.php?rest_route=\/wp\/v2\/posts\/106233\/revisions"}],"wp:featuredmedia":[{"embeddable":true,"href":"https:\/\/arantv.az\/index.php?rest_route=\/wp\/v2\/media\/106234"}],"wp:attachment":[{"href":"https:\/\/arantv.az\/index.php?rest_route=%2Fwp%2Fv2%2Fmedia&parent=106233"}],"wp:term":[{"taxonomy":"category","embeddable":true,"href":"https:\/\/arantv.az\/index.php?rest_route=%2Fwp%2Fv2%2Fcategories&post=106233"},{"taxonomy":"post_tag","embeddable":true,"href":"https:\/\/arantv.az\/index.php?rest_route=%2Fwp%2Fv2%2Ftags&post=106233"}],"curies":[{"name":"wp","href":"https:\/\/api.w.org\/{rel}","templated":true}]}}