{"id":106257,"date":"2019-12-11T15:27:34","date_gmt":"2019-12-11T12:27:34","guid":{"rendered":"http:\/\/arantv.az\/?p=106257"},"modified":"2019-12-11T15:27:34","modified_gmt":"2019-12-11T12:27:34","slug":"socar-v%c9%99-bp-%c9%99m%c9%99kdasliq-perspektivl%c9%99rini-muzakir%c9%99-edib","status":"publish","type":"post","link":"https:\/\/arantv.az\/?p=106257","title":{"rendered":"SOCAR v\u0259 BP \u0259m\u0259kda\u015fl\u0131q perspektivl\u0259rini m\u00fczakir\u0259 edib"},"content":{"rendered":"<p>Bu g\u00fcn SOCAR-\u0131n prezidenti R\u00f6vn\u0259q Abdullayev Bak\u0131da s\u0259f\u0259rd\u0259 olan BP qrupunun ba\u015f icra\u00e7\u0131 direktoru Robert Dadlinin r\u0259hb\u0259rlik etdiyi n\u00fcmay\u0259nd\u0259 hey\u0259tini q\u0259bul edib.<\/p>\n<p>SOCAR-dan veril\u0259n m\u0259lumata g\u00f6r\u0259, g\u00f6r\u00fc\u015fd\u0259 SOCAR-BP \u0259m\u0259kda\u015fl\u0131\u011f\u0131n\u0131n perspektivl\u0259ri, x\u00fcsus\u0259n, \u201cAz\u0259ri-\u00c7\u0131raq-G\u00fcn\u0259\u015fli\u201d yataqlar\u0131nda hasilat\u0131n stabill\u0259\u015fdirilm\u0259si, t\u0259bii d\u00fc\u015fm\u0259 tempinin m\u00fcmk\u00fcn d\u0259r\u0259c\u0259d\u0259 qar\u015f\u0131s\u0131n\u0131n al\u0131nmas\u0131 m\u0259s\u0259l\u0259l\u0259ri m\u00fczakir\u0259 olunub.<\/p>\n<p>H\u0259m\u00e7inin, yax\u0131n m\u00fcdd\u0259td\u0259 \u201c\u015e\u0259f\u0259q-Asiman\u201d perspektiv strukturunda k\u0259\u015ffiyyat qazmas\u0131n\u0131n ba\u015flan\u0131lmas\u0131 il\u0259 yana\u015f\u0131, Az\u0259rbaycanda m\u00fcxt\u0259lif yataqlar\u0131n i\u015fl\u0259nm\u0259si \u00fczr\u0259 \u0259m\u0259kda\u015fl\u0131\u011fa dair fikir m\u00fcbadil\u0259si apar\u0131l\u0131b.<\/p>\n<p>M\u0259lumata \u0259sas\u0259n, g\u00f6r\u00fc\u015fd\u0259 beyn\u0259lxalq bazarlarda SOCAR v\u0259 BP-nin birg\u0259 \u0259m\u0259liyyatlar\u0131, C\u0259nub Qaz D\u0259hlizi \u00e7\u0259r\u00e7iv\u0259sind\u0259 qaz\u0131n n\u0259qli v\u0259 sat\u0131\u015f\u0131 perspektivl\u0259ri, d\u00fcnya neft-qaz bazar\u0131n\u0131n haz\u0131rk\u0131 v\u0259ziyy\u0259ti, m\u00fc\u015fahid\u0259 olunan trendl\u0259r d\u0259 m\u00fczakir\u0259 edilib.<\/p>\n","protected":false},"excerpt":{"rendered":"<p>Bu g\u00fcn SOCAR-\u0131n prezidenti R\u00f6vn\u0259q Abdullayev Bak\u0131da s\u0259f\u0259rd\u0259 olan BP qrupunun ba\u015f icra\u00e7\u0131 direktoru Robert Dadlinin r\u0259hb\u0259rlik etdiyi n\u00fcmay\u0259nd\u0259 hey\u0259tini q\u0259bul edib. SOCAR-dan veril\u0259n m\u0259lumata g\u00f6r\u0259, g\u00f6r\u00fc\u015fd\u0259 SOCAR-BP \u0259m\u0259kda\u015fl\u0131\u011f\u0131n\u0131n perspektivl\u0259ri, x\u00fcsus\u0259n, \u201cAz\u0259ri-\u00c7\u0131raq-G\u00fcn\u0259\u015fli\u201d yataqlar\u0131nda hasilat\u0131n stabill\u0259\u015fdirilm\u0259si, t\u0259bii d\u00fc\u015fm\u0259 tempinin m\u00fcmk\u00fcn d\u0259r\u0259c\u0259d\u0259 qar\u015f\u0131s\u0131n\u0131n al\u0131nmas\u0131 m\u0259s\u0259l\u0259l\u0259ri m\u00fczakir\u0259 olunub. H\u0259m\u00e7inin, yax\u0131n m\u00fcdd\u0259td\u0259 \u201c\u015e\u0259f\u0259q-Asiman\u201d perspektiv strukturunda k\u0259\u015ffiyyat qazmas\u0131n\u0131n ba\u015flan\u0131lmas\u0131 il\u0259 yana\u015f\u0131, Az\u0259rbaycanda m\u00fcxt\u0259lif yataqlar\u0131n i\u015fl\u0259nm\u0259si \u00fczr\u0259 \u0259m\u0259kda\u015fl\u0131\u011fa dair fikir m\u00fcbadil\u0259si apar\u0131l\u0131b. M\u0259lumata \u0259sas\u0259n, g\u00f6r\u00fc\u015fd\u0259 beyn\u0259lxalq bazarlarda SOCAR v\u0259 BP-nin birg\u0259 \u0259m\u0259liyyatlar\u0131, C\u0259nub Qaz D\u0259hlizi \u00e7\u0259r\u00e7iv\u0259sind\u0259 qaz\u0131n n\u0259qli v\u0259 sat\u0131\u015f\u0131 perspektivl\u0259ri, d\u00fcnya neft-qaz bazar\u0131n\u0131n haz\u0131rk\u0131 v\u0259ziyy\u0259ti,&hellip;<\/p>\n","protected":false},"author":2,"featured_media":106258,"comment_status":"closed","ping_status":"closed","sticky":false,"template":"","format":"standard","meta":{"om_disable_all_campaigns":false,"_monsterinsights_skip_tracking":false,"_monsterinsights_sitenote_active":false,"_monsterinsights_sitenote_note":"","_monsterinsights_sitenote_category":0},"categories":[19],"tags":[],"aioseo_notices":[],"gutentor_comment":0,"rttpg_featured_image_url":{"full":["https:\/\/arantv.az\/wp-content\/uploads\/2019\/12\/1576066445770_WmTBfs7O.jpg",620,413,false],"landscape":["https:\/\/arantv.az\/wp-content\/uploads\/2019\/12\/1576066445770_WmTBfs7O.jpg",620,413,false],"portraits":["https:\/\/arantv.az\/wp-content\/uploads\/2019\/12\/1576066445770_WmTBfs7O.jpg",620,413,false],"thumbnail":["https:\/\/arantv.az\/wp-content\/uploads\/2019\/12\/1576066445770_WmTBfs7O-150x150.jpg",150,150,true],"medium":["https:\/\/arantv.az\/wp-content\/uploads\/2019\/12\/1576066445770_WmTBfs7O-300x200.jpg",300,200,true],"large":["https:\/\/arantv.az\/wp-content\/uploads\/2019\/12\/1576066445770_WmTBfs7O.jpg",620,413,false],"1536x1536":["https:\/\/arantv.az\/wp-content\/uploads\/2019\/12\/1576066445770_WmTBfs7O.jpg",620,413,false],"2048x2048":["https:\/\/arantv.az\/wp-content\/uploads\/2019\/12\/1576066445770_WmTBfs7O.jpg",620,413,false],"post-thumbnail":["https:\/\/arantv.az\/wp-content\/uploads\/2019\/12\/1576066445770_WmTBfs7O-240x172.jpg",240,172,true],"advps-thumb-one":["https:\/\/arantv.az\/wp-content\/uploads\/2019\/12\/1576066445770_WmTBfs7O.jpg",620,413,false]},"rttpg_author":{"display_name":"V\u00fcsal Rafiqo\u011flu","author_link":"https:\/\/arantv.az\/?author=2"},"rttpg_comment":0,"rttpg_category":"<a href=\"https:\/\/arantv.az\/?cat=19\" rel=\"category\">G\u00fcnd\u0259m<\/a>","rttpg_excerpt":"Bu g\u00fcn SOCAR-\u0131n prezidenti R\u00f6vn\u0259q Abdullayev Bak\u0131da s\u0259f\u0259rd\u0259 olan BP qrupunun ba\u015f icra\u00e7\u0131 direktoru Robert Dadlinin r\u0259hb\u0259rlik etdiyi n\u00fcmay\u0259nd\u0259 hey\u0259tini q\u0259bul edib. SOCAR-dan veril\u0259n m\u0259lumata g\u00f6r\u0259, g\u00f6r\u00fc\u015fd\u0259 SOCAR-BP \u0259m\u0259kda\u015fl\u0131\u011f\u0131n\u0131n perspektivl\u0259ri, x\u00fcsus\u0259n, \u201cAz\u0259ri-\u00c7\u0131raq-G\u00fcn\u0259\u015fli\u201d yataqlar\u0131nda hasilat\u0131n stabill\u0259\u015fdirilm\u0259si, t\u0259bii d\u00fc\u015fm\u0259 tempinin m\u00fcmk\u00fcn d\u0259r\u0259c\u0259d\u0259 qar\u015f\u0131s\u0131n\u0131n al\u0131nmas\u0131 m\u0259s\u0259l\u0259l\u0259ri m\u00fczakir\u0259 olunub. H\u0259m\u00e7inin, yax\u0131n m\u00fcdd\u0259td\u0259 \u201c\u015e\u0259f\u0259q-Asiman\u201d perspektiv strukturunda k\u0259\u015ffiyyat qazmas\u0131n\u0131n ba\u015flan\u0131lmas\u0131 il\u0259&hellip;","_links":{"self":[{"href":"https:\/\/arantv.az\/index.php?rest_route=\/wp\/v2\/posts\/106257"}],"collection":[{"href":"https:\/\/arantv.az\/index.php?rest_route=\/wp\/v2\/posts"}],"about":[{"href":"https:\/\/arantv.az\/index.php?rest_route=\/wp\/v2\/types\/post"}],"author":[{"embeddable":true,"href":"https:\/\/arantv.az\/index.php?rest_route=\/wp\/v2\/users\/2"}],"replies":[{"embeddable":true,"href":"https:\/\/arantv.az\/index.php?rest_route=%2Fwp%2Fv2%2Fcomments&post=106257"}],"version-history":[{"count":0,"href":"https:\/\/arantv.az\/index.php?rest_route=\/wp\/v2\/posts\/106257\/revisions"}],"wp:featuredmedia":[{"embeddable":true,"href":"https:\/\/arantv.az\/index.php?rest_route=\/wp\/v2\/media\/106258"}],"wp:attachment":[{"href":"https:\/\/arantv.az\/index.php?rest_route=%2Fwp%2Fv2%2Fmedia&parent=106257"}],"wp:term":[{"taxonomy":"category","embeddable":true,"href":"https:\/\/arantv.az\/index.php?rest_route=%2Fwp%2Fv2%2Fcategories&post=106257"},{"taxonomy":"post_tag","embeddable":true,"href":"https:\/\/arantv.az\/index.php?rest_route=%2Fwp%2Fv2%2Ftags&post=106257"}],"curies":[{"name":"wp","href":"https:\/\/api.w.org\/{rel}","templated":true}]}}