{"id":106261,"date":"2019-12-11T15:28:39","date_gmt":"2019-12-11T12:28:39","guid":{"rendered":"http:\/\/arantv.az\/?p=106261"},"modified":"2019-12-11T15:28:39","modified_gmt":"2019-12-11T12:28:39","slug":"bu-partiyalar-novb%c9%99d%c9%99nk%c9%99nar-parlament-seckil%c9%99rind%c9%99-istirak-ed%c9%99c%c9%99k","status":"publish","type":"post","link":"https:\/\/arantv.az\/?p=106261","title":{"rendered":"Bu partiyalar n\u00f6vb\u0259d\u0259nk\u0259nar parlament se\u00e7kil\u0259rind\u0259 i\u015ftirak ed\u0259c\u0259k"},"content":{"rendered":"<p>M\u0259rk\u0259zi Se\u00e7ki Komissiyas\u0131n\u0131n (MSK) bu g\u00fcn ke\u00e7iril\u0259n iclas\u0131nda bir s\u0131ra siyasi partiyalar\u0131n m\u00fcraci\u0259tin\u0259 bax\u0131l\u0131b.<\/p>\n<p><strong>ARANTV.AZ<\/strong>\u00a0\u00a0<a href=\"https:\/\/az.trend.az\/\" target=\"_blank\" rel=\"noopener\">Trend-<\/a>\u0259 istinad\u0259n x\u0259b\u0259r verir ki, MSK-n\u0131n iclas\u0131nda Yeni Az\u0259rbaycan Partiyas\u0131, \u00dcmid Partiyas\u0131 v\u0259 V\u0259t\u0259nda\u015f H\u0259mr\u0259yliyi Partiyas\u0131n\u0131n s\u0259lahiyy\u0259tli n\u00fcmay\u0259nd\u0259l\u0259rinin qeyd\u0259 al\u0131nmas\u0131 il\u0259 ba\u011fl\u0131 m\u00fcraci\u0259t\u0259 bax\u0131l\u0131b.<\/p>\n<p>M\u00fczakir\u0259l\u0259rd\u0259n sonra m\u00fcraci\u0259tl\u0259r s\u0259s\u0259 qoyularaq q\u0259bul edilib.<\/p>\n<p>Qeyd ed\u0259k ki, Az\u0259rbaycanda n\u00f6vb\u0259d\u0259nk\u0259nar parlament se\u00e7kil\u0259ri g\u0259l\u0259n il fevral\u0131n 9-da ke\u00e7iril\u0259c\u0259k.<\/p>\n","protected":false},"excerpt":{"rendered":"<p>M\u0259rk\u0259zi Se\u00e7ki Komissiyas\u0131n\u0131n (MSK) bu g\u00fcn ke\u00e7iril\u0259n iclas\u0131nda bir s\u0131ra siyasi partiyalar\u0131n m\u00fcraci\u0259tin\u0259 bax\u0131l\u0131b. ARANTV.AZ\u00a0\u00a0Trend-\u0259 istinad\u0259n x\u0259b\u0259r verir ki, MSK-n\u0131n iclas\u0131nda Yeni Az\u0259rbaycan Partiyas\u0131, \u00dcmid Partiyas\u0131 v\u0259 V\u0259t\u0259nda\u015f H\u0259mr\u0259yliyi Partiyas\u0131n\u0131n s\u0259lahiyy\u0259tli n\u00fcmay\u0259nd\u0259l\u0259rinin qeyd\u0259 al\u0131nmas\u0131 il\u0259 ba\u011fl\u0131 m\u00fcraci\u0259t\u0259 bax\u0131l\u0131b. M\u00fczakir\u0259l\u0259rd\u0259n sonra m\u00fcraci\u0259tl\u0259r s\u0259s\u0259 qoyularaq q\u0259bul edilib. Qeyd ed\u0259k ki, Az\u0259rbaycanda n\u00f6vb\u0259d\u0259nk\u0259nar parlament se\u00e7kil\u0259ri g\u0259l\u0259n il fevral\u0131n 9-da ke\u00e7iril\u0259c\u0259k.<\/p>\n","protected":false},"author":2,"featured_media":106262,"comment_status":"closed","ping_status":"closed","sticky":false,"template":"","format":"standard","meta":{"om_disable_all_campaigns":false,"_monsterinsights_skip_tracking":false,"_monsterinsights_sitenote_active":false,"_monsterinsights_sitenote_note":"","_monsterinsights_sitenote_category":0},"categories":[19],"tags":[],"aioseo_notices":[],"gutentor_comment":0,"rttpg_featured_image_url":{"full":["https:\/\/arantv.az\/wp-content\/uploads\/2019\/12\/809731.jpg",260,195,false],"landscape":["https:\/\/arantv.az\/wp-content\/uploads\/2019\/12\/809731.jpg",260,195,false],"portraits":["https:\/\/arantv.az\/wp-content\/uploads\/2019\/12\/809731.jpg",260,195,false],"thumbnail":["https:\/\/arantv.az\/wp-content\/uploads\/2019\/12\/809731-150x150.jpg",150,150,true],"medium":["https:\/\/arantv.az\/wp-content\/uploads\/2019\/12\/809731.jpg",260,195,false],"large":["https:\/\/arantv.az\/wp-content\/uploads\/2019\/12\/809731.jpg",260,195,false],"1536x1536":["https:\/\/arantv.az\/wp-content\/uploads\/2019\/12\/809731.jpg",260,195,false],"2048x2048":["https:\/\/arantv.az\/wp-content\/uploads\/2019\/12\/809731.jpg",260,195,false],"post-thumbnail":["https:\/\/arantv.az\/wp-content\/uploads\/2019\/12\/809731-240x172.jpg",240,172,true],"advps-thumb-one":["https:\/\/arantv.az\/wp-content\/uploads\/2019\/12\/809731.jpg",260,195,false]},"rttpg_author":{"display_name":"V\u00fcsal Rafiqo\u011flu","author_link":"https:\/\/arantv.az\/?author=2"},"rttpg_comment":0,"rttpg_category":"<a href=\"https:\/\/arantv.az\/?cat=19\" rel=\"category\">G\u00fcnd\u0259m<\/a>","rttpg_excerpt":"M\u0259rk\u0259zi Se\u00e7ki Komissiyas\u0131n\u0131n (MSK) bu g\u00fcn ke\u00e7iril\u0259n iclas\u0131nda bir s\u0131ra siyasi partiyalar\u0131n m\u00fcraci\u0259tin\u0259 bax\u0131l\u0131b. ARANTV.AZ\u00a0\u00a0Trend-\u0259 istinad\u0259n x\u0259b\u0259r verir ki, MSK-n\u0131n iclas\u0131nda Yeni Az\u0259rbaycan Partiyas\u0131, \u00dcmid Partiyas\u0131 v\u0259 V\u0259t\u0259nda\u015f H\u0259mr\u0259yliyi Partiyas\u0131n\u0131n s\u0259lahiyy\u0259tli n\u00fcmay\u0259nd\u0259l\u0259rinin qeyd\u0259 al\u0131nmas\u0131 il\u0259 ba\u011fl\u0131 m\u00fcraci\u0259t\u0259 bax\u0131l\u0131b. M\u00fczakir\u0259l\u0259rd\u0259n sonra m\u00fcraci\u0259tl\u0259r s\u0259s\u0259 qoyularaq q\u0259bul edilib. Qeyd ed\u0259k ki, Az\u0259rbaycanda n\u00f6vb\u0259d\u0259nk\u0259nar parlament se\u00e7kil\u0259ri g\u0259l\u0259n il fevral\u0131n&hellip;","_links":{"self":[{"href":"https:\/\/arantv.az\/index.php?rest_route=\/wp\/v2\/posts\/106261"}],"collection":[{"href":"https:\/\/arantv.az\/index.php?rest_route=\/wp\/v2\/posts"}],"about":[{"href":"https:\/\/arantv.az\/index.php?rest_route=\/wp\/v2\/types\/post"}],"author":[{"embeddable":true,"href":"https:\/\/arantv.az\/index.php?rest_route=\/wp\/v2\/users\/2"}],"replies":[{"embeddable":true,"href":"https:\/\/arantv.az\/index.php?rest_route=%2Fwp%2Fv2%2Fcomments&post=106261"}],"version-history":[{"count":0,"href":"https:\/\/arantv.az\/index.php?rest_route=\/wp\/v2\/posts\/106261\/revisions"}],"wp:featuredmedia":[{"embeddable":true,"href":"https:\/\/arantv.az\/index.php?rest_route=\/wp\/v2\/media\/106262"}],"wp:attachment":[{"href":"https:\/\/arantv.az\/index.php?rest_route=%2Fwp%2Fv2%2Fmedia&parent=106261"}],"wp:term":[{"taxonomy":"category","embeddable":true,"href":"https:\/\/arantv.az\/index.php?rest_route=%2Fwp%2Fv2%2Fcategories&post=106261"},{"taxonomy":"post_tag","embeddable":true,"href":"https:\/\/arantv.az\/index.php?rest_route=%2Fwp%2Fv2%2Ftags&post=106261"}],"curies":[{"name":"wp","href":"https:\/\/api.w.org\/{rel}","templated":true}]}}