{"id":106277,"date":"2019-12-11T15:46:36","date_gmt":"2019-12-11T12:46:36","guid":{"rendered":"http:\/\/arantv.az\/?p=106277"},"modified":"2019-12-11T15:46:36","modified_gmt":"2019-12-11T12:46:36","slug":"vaqif-%c9%99s%c9%99dovdan-maraqli-t%c9%99klif-piyadalar-isiqqaytarici-geyiml%c9%99rd%c9%99n-istifad%c9%99-etsinl%c9%99r","status":"publish","type":"post","link":"https:\/\/arantv.az\/?p=106277","title":{"rendered":"Vaqif \u018fs\u0259dovdan maraql\u0131 t\u0259klif: &#8220;Piyadalar i\u015f\u0131qqaytar\u0131c\u0131 geyiml\u0259rd\u0259n istifad\u0259 etsinl\u0259r&#8221;"},"content":{"rendered":"<p>Dekabr\u0131n 10-da Bak\u0131da bir g\u00fcn \u0259rzind\u0259 4 piyada vurularaq \u00f6ld\u00fcr\u00fcl\u00fcb. Son zamanlar bu c\u00fcr hallar\u0131n artmas\u0131na g\u00f6r\u0259 Daxili \u0130\u015fl\u0259r Nazirliyi s\u00fcr\u00fcc\u00fcl\u0259r\u0259 v\u0259 piyadalara m\u00fcraci\u0259t edib.<\/p>\n<p><b>ARANTV.AZ\u00a0<\/b> x\u0259b\u0259r verir ki, Bak\u0131 \u015e\u0259h\u0259r D\u00f6vl\u0259t Yol Polisi \u0130dar\u0259sinin ictimaiyy\u0259tl\u0259 \u0259laq\u0259l\u0259r b\u00f6lm\u0259sinin r\u0259isi, polis polkovniki Vaqif \u018fs\u0259dov \u201cqafqazinfo\u201dya a\u00e7\u0131qlama verib.<\/p>\n<p>O, bildirib ki, maarifl\u0259ndirm\u0259 yolu il\u0259 piyadalar\u0131 v\u0259 s\u00fcr\u00fcc\u00fcl\u0259ri bu c\u00fcr b\u0259db\u0259xt hadis\u0259l\u0259rd\u0259n qorumaq laz\u0131md\u0131r:<\/p>\n<p>\u201cBak\u0131 \u015f\u0259h\u0259ri \u00fczr\u0259 \u00fcmumi q\u0259zalar\u0131n nisb\u0259tin\u0259 baxanda piyadalar\u0131n vurulmas\u0131 \u00fcst\u00fcnl\u00fck t\u0259\u015fkil edir. Bu da \u00e7ox ciddi h\u0259yacan siqnal\u0131n\u0131n verilm\u0259si dem\u0259kdir.<\/p>\n<p>Bu hallar bizi v\u0259 Nazirlik r\u0259hb\u0259rliyini \u00e7ox ciddi narahat edir. V\u0259t\u0259nda\u015flar Yol H\u0259r\u0259k\u0259ti haqq\u0131nda qanunun 40-c\u0131 madd\u0259si yax\u015f\u0131 \u00f6yr\u0259nilm\u0259li v\u0259 t\u0259l\u0259bl\u0259ri yerin\u0259 yetirm\u0259lidirl\u0259r.<\/p>\n<div id=\"AdviadNativeVideo0\" class=\"AdviadNativeVideo\"><\/div>\n<p>T\u00f6vsiy\u0259 edirik ki, yolun qaranl\u0131q vaxt\u0131 piyadalar \u00fcz\u0259rind\u0259 i\u015f\u0131qqaytar\u0131c\u0131 elementl\u0259r olan geyiml\u0259rd\u0259n m\u00fctl\u0259q istifad\u0259 etsinl\u0259r. N\u0259z\u0259r\u0259 alsaq ki, q\u0131\u015f m\u00f6vs\u00fcm\u00fcd\u00fcr, qaranl\u0131q tez d\u00fc\u015f\u00fcr.<\/p>\n<p>\u0130kinci m\u0259s\u0259l\u0259, qulaql\u0131qdan istifad\u0259 \u0259trafdak\u0131 avtomobill\u0259rin s\u0259sini e\u015fitm\u0259y\u0259 imkan vermir. \u00dc\u00e7\u00fcnc\u00fcs\u00fc, yolun h\u0259r\u0259k\u0259t hiss\u0259si il\u0259 getm\u0259k olmaz.<\/p>\n<p>Ya\u011f\u0131\u015fl\u0131 havada yolun h\u0259r\u0259k\u0259t hiss\u0259si il\u0259 getm\u0259k is\u0259 riski daha da art\u0131r\u0131r. \u00c7\u00fcnki ya\u011f\u0131\u015f i\u015f\u0131\u011f\u0131 udur, bu g\u00fcn piyadalar\u0131n \u0259ks\u0259riyy\u0259ti d\u0259 t\u00fcnd r\u0259ngli geyiml\u0259rd\u0259n istifad\u0259 edirl\u0259r. Bu r\u0259ngl\u0259r d\u0259 i\u015f\u0131\u011f\u0131 uddu\u011fu \u00fc\u00e7\u00fcn s\u00fcr\u00fcc\u00fcl\u0259r onlar\u0131 g\u00f6r\u0259 bilmir.<\/p>\n<p>Buna g\u00f6r\u0259 d\u0259 piyadalar s\u0259ki il\u0259 h\u0259r\u0259k\u0259t etm\u0259lidir, yolu piyadalar \u00fc\u00e7\u00fcn n\u0259z\u0259rd\u0259 tutulan yerl\u0259rd\u0259 ke\u00e7m\u0259lidir, onlar\u0131n \u00fcz\u0259rind\u0259 i\u015f\u0131qqaytar\u0131c\u0131 elementl\u0259r olmal\u0131d\u0131r, yax\u0131nla\u015fmaqda olan avtomobill\u0259r diqq\u0259t etm\u0259lidir, onlar\u0131n s\u00fcr\u0259tini qiym\u0259tl\u0259ndirm\u0259yi bacarmal\u0131d\u0131r, yax\u0131nla\u015fan avtomobilin qar\u015f\u0131s\u0131ndan qa\u00e7mamal\u0131d\u0131r, onlar\u0131 \u00e7a\u015fd\u0131rmamal\u0131d\u0131rlar.<\/p>\n<p>Avtomobill\u0259rin tam dayand\u0131\u011f\u0131na \u0259min olub yolu ke\u00e7m\u0259k \u00fc\u00e7\u00fcn ona yol verdiyin\u0259 \u0259min olduqdan sonra yolu ke\u00e7sinl\u0259r.<\/p>\n<p>S\u00fcr\u00fcc\u00fcl\u0259r\u0259 m\u00fcraci\u0259t edirik ki, i\u015f\u0131q cihazlar\u0131ndan d\u00fczg\u00fcn istifad\u0259 edin, t\u0259l\u0259sm\u0259yin, s\u00fcr\u0259t h\u0259ddin\u0259 fikir verin, yolun sa\u011f h\u0259r\u0259k\u0259t sola\u011f\u0131 il\u0259 h\u0259r\u0259k\u0259t etdikd\u0259 s\u00fcr\u0259ti a\u015fa\u011f\u0131 sal\u0131n.<\/p>\n<p>Xahi\u015f edirik, bu prosesd\u0259 h\u0259r k\u0259s \u00f6z m\u0259suliyy\u0259tini d\u0259rk etsin. Bu hadis\u0259l\u0259r bizi \u00e7ox narahat edir. H\u0259r k\u0259sin bu t\u0259bli\u011fata qo\u015fulmas\u0131n\u0131 ist\u0259yirik\u201d.<\/p>\n","protected":false},"excerpt":{"rendered":"<p>Dekabr\u0131n 10-da Bak\u0131da bir g\u00fcn \u0259rzind\u0259 4 piyada vurularaq \u00f6ld\u00fcr\u00fcl\u00fcb. Son zamanlar bu c\u00fcr hallar\u0131n artmas\u0131na g\u00f6r\u0259 Daxili \u0130\u015fl\u0259r Nazirliyi s\u00fcr\u00fcc\u00fcl\u0259r\u0259 v\u0259 piyadalara m\u00fcraci\u0259t edib. ARANTV.AZ\u00a0 x\u0259b\u0259r verir ki, Bak\u0131 \u015e\u0259h\u0259r D\u00f6vl\u0259t Yol Polisi \u0130dar\u0259sinin ictimaiyy\u0259tl\u0259 \u0259laq\u0259l\u0259r b\u00f6lm\u0259sinin r\u0259isi, polis polkovniki Vaqif \u018fs\u0259dov \u201cqafqazinfo\u201dya a\u00e7\u0131qlama verib. O, bildirib ki, maarifl\u0259ndirm\u0259 yolu il\u0259 piyadalar\u0131 v\u0259 s\u00fcr\u00fcc\u00fcl\u0259ri bu c\u00fcr b\u0259db\u0259xt hadis\u0259l\u0259rd\u0259n qorumaq laz\u0131md\u0131r: \u201cBak\u0131 \u015f\u0259h\u0259ri \u00fczr\u0259 \u00fcmumi q\u0259zalar\u0131n nisb\u0259tin\u0259 baxanda piyadalar\u0131n vurulmas\u0131 \u00fcst\u00fcnl\u00fck t\u0259\u015fkil edir. Bu da \u00e7ox ciddi h\u0259yacan siqnal\u0131n\u0131n verilm\u0259si dem\u0259kdir. Bu hallar bizi v\u0259 Nazirlik r\u0259hb\u0259rliyini \u00e7ox ciddi narahat&hellip;<\/p>\n","protected":false},"author":2,"featured_media":106278,"comment_status":"closed","ping_status":"closed","sticky":false,"template":"","format":"standard","meta":{"om_disable_all_campaigns":false,"_monsterinsights_skip_tracking":false,"_monsterinsights_sitenote_active":false,"_monsterinsights_sitenote_note":"","_monsterinsights_sitenote_category":0},"categories":[1],"tags":[],"aioseo_notices":[],"gutentor_comment":0,"rttpg_featured_image_url":{"full":["https:\/\/arantv.az\/wp-content\/uploads\/2019\/12\/1576065498_vaqif.jpg",650,627,false],"landscape":["https:\/\/arantv.az\/wp-content\/uploads\/2019\/12\/1576065498_vaqif.jpg",650,627,false],"portraits":["https:\/\/arantv.az\/wp-content\/uploads\/2019\/12\/1576065498_vaqif.jpg",650,627,false],"thumbnail":["https:\/\/arantv.az\/wp-content\/uploads\/2019\/12\/1576065498_vaqif-150x150.jpg",150,150,true],"medium":["https:\/\/arantv.az\/wp-content\/uploads\/2019\/12\/1576065498_vaqif-300x289.jpg",300,289,true],"large":["https:\/\/arantv.az\/wp-content\/uploads\/2019\/12\/1576065498_vaqif.jpg",640,617,false],"1536x1536":["https:\/\/arantv.az\/wp-content\/uploads\/2019\/12\/1576065498_vaqif.jpg",650,627,false],"2048x2048":["https:\/\/arantv.az\/wp-content\/uploads\/2019\/12\/1576065498_vaqif.jpg",650,627,false],"post-thumbnail":["https:\/\/arantv.az\/wp-content\/uploads\/2019\/12\/1576065498_vaqif-240x172.jpg",240,172,true],"advps-thumb-one":["https:\/\/arantv.az\/wp-content\/uploads\/2019\/12\/1576065498_vaqif-650x620.jpg",650,620,true]},"rttpg_author":{"display_name":"V\u00fcsal Rafiqo\u011flu","author_link":"https:\/\/arantv.az\/?author=2"},"rttpg_comment":0,"rttpg_category":"<a href=\"https:\/\/arantv.az\/?cat=1\" rel=\"category\">C\u0259miyy\u0259t<\/a>","rttpg_excerpt":"Dekabr\u0131n 10-da Bak\u0131da bir g\u00fcn \u0259rzind\u0259 4 piyada vurularaq \u00f6ld\u00fcr\u00fcl\u00fcb. Son zamanlar bu c\u00fcr hallar\u0131n artmas\u0131na g\u00f6r\u0259 Daxili \u0130\u015fl\u0259r Nazirliyi s\u00fcr\u00fcc\u00fcl\u0259r\u0259 v\u0259 piyadalara m\u00fcraci\u0259t edib. ARANTV.AZ\u00a0 x\u0259b\u0259r verir ki, Bak\u0131 \u015e\u0259h\u0259r D\u00f6vl\u0259t Yol Polisi \u0130dar\u0259sinin ictimaiyy\u0259tl\u0259 \u0259laq\u0259l\u0259r b\u00f6lm\u0259sinin r\u0259isi, polis polkovniki Vaqif \u018fs\u0259dov \u201cqafqazinfo\u201dya a\u00e7\u0131qlama verib. O, bildirib ki, maarifl\u0259ndirm\u0259 yolu il\u0259 piyadalar\u0131 v\u0259 s\u00fcr\u00fcc\u00fcl\u0259ri&hellip;","_links":{"self":[{"href":"https:\/\/arantv.az\/index.php?rest_route=\/wp\/v2\/posts\/106277"}],"collection":[{"href":"https:\/\/arantv.az\/index.php?rest_route=\/wp\/v2\/posts"}],"about":[{"href":"https:\/\/arantv.az\/index.php?rest_route=\/wp\/v2\/types\/post"}],"author":[{"embeddable":true,"href":"https:\/\/arantv.az\/index.php?rest_route=\/wp\/v2\/users\/2"}],"replies":[{"embeddable":true,"href":"https:\/\/arantv.az\/index.php?rest_route=%2Fwp%2Fv2%2Fcomments&post=106277"}],"version-history":[{"count":0,"href":"https:\/\/arantv.az\/index.php?rest_route=\/wp\/v2\/posts\/106277\/revisions"}],"wp:featuredmedia":[{"embeddable":true,"href":"https:\/\/arantv.az\/index.php?rest_route=\/wp\/v2\/media\/106278"}],"wp:attachment":[{"href":"https:\/\/arantv.az\/index.php?rest_route=%2Fwp%2Fv2%2Fmedia&parent=106277"}],"wp:term":[{"taxonomy":"category","embeddable":true,"href":"https:\/\/arantv.az\/index.php?rest_route=%2Fwp%2Fv2%2Fcategories&post=106277"},{"taxonomy":"post_tag","embeddable":true,"href":"https:\/\/arantv.az\/index.php?rest_route=%2Fwp%2Fv2%2Ftags&post=106277"}],"curies":[{"name":"wp","href":"https:\/\/api.w.org\/{rel}","templated":true}]}}