{"id":106281,"date":"2019-12-11T15:48:07","date_gmt":"2019-12-11T12:48:07","guid":{"rendered":"http:\/\/arantv.az\/?p=106281"},"modified":"2019-12-11T15:48:07","modified_gmt":"2019-12-11T12:48:07","slug":"hacibala-abutalibovla-bagli-amea-dan-t%c9%99kzib","status":"publish","type":"post","link":"https:\/\/arantv.az\/?p=106281","title":{"rendered":"Hac\u0131bala Abutal\u0131bovla ba\u011fl\u0131 AMEA-dan T\u018fKZ\u0130B"},"content":{"rendered":"<p>&#8220;Hac\u0131bala Abutal\u0131bov \u0259vv\u0259ll\u0259r Fizika \u0130nstitutunda &#8220;Yar\u0131mke\u00e7iricil\u0259rin kvant elektronikas\u0131&#8221; laboratoriyas\u0131n\u0131n m\u00fcdiri olub. Lakin o, Bak\u0131 \u015e\u0259h\u0259r \u0130cra Hakimiyy\u0259tinin r\u0259hb\u0259ri olduqdan sonra h\u0259min laboratoriya l\u0259\u011fv edilib&#8221;.<br \/>\n<b>ARANTV.AZ\u00a0<\/b>azedu.az-a istinad\u0259n x\u0259b\u0259r verir ki, bunu a\u00e7\u0131qlamas\u0131nda AMEA-n\u0131n Fizika \u0130nstitutunun \u0130cmaiyy\u0259tl\u0259 \u018flaq\u0259l\u0259r \u015e\u00f6b\u0259sinin m\u00fcdiri M\u0259ry\u0259m \u018fhm\u0259dli deyib.<\/p>\n<p>Qeyd ed\u0259k ki, bir m\u00fcdd\u0259t \u00f6nc\u0259 Ba\u015f nazirin ke\u00e7mi\u015f m\u00fcavini, sabir mer Hac\u0131bala Abutal\u0131bovun Az\u0259rbaycan Milli Elml\u0259r Akademiyas\u0131n\u0131n Fizika \u0130nstitutunda &#8220;Yar\u0131mke\u00e7iricil\u0259rin kvant elektronikas\u0131&#8221; laboratoriyas\u0131n\u0131n m\u00fcdiri postuna t\u0259yin edildiyi haqq\u0131nda informasiyalar yay\u0131lm\u0131\u015fd\u0131.<\/p>\n<div id=\"AdviadNativeVideo0\" class=\"AdviadNativeVideo\"><\/div>\n<p>\u0130nstitut s\u00f6z\u00e7\u00fcs\u00fc is\u0259 a\u00e7\u0131qlamas\u0131nda bel\u0259 bir t\u0259yinat\u0131n olmad\u0131\u011f\u0131n\u0131, H. Abutal\u0131bovun orada \u00e7al\u0131\u015fmad\u0131\u011f\u0131n\u0131 bildirib:<\/p>\n<p>&#8220;Haz\u0131rda Hac\u0131bala m\u00fc\u0259llim AMEA-da \u00e7al\u0131\u015fm\u0131r. Bel\u0259 bir t\u0259yinat h\u0259yata ke\u00e7irilm\u0259yib.Saytlarda yaz\u0131lan x\u0259b\u0259rl\u0259r h\u0259qiq\u0259ti \u0259ks etdirmir&#8221;.<\/p>\n<p>Qeyd ed\u0259k ki, Hac\u0131bala Abutal\u0131bov 1988-ci ild\u0259 Az\u0259rbaycan Milli Elml\u0259r Akademiyas\u0131n\u0131n Fizika \u0130nstitutunda &#8220;Yar\u0131mke\u00e7iricil\u0259rin kvant elektronikas\u0131&#8221; laboratoriyas\u0131n\u0131n m\u00fcdiri v\u0259zif\u0259sin\u0259 ba\u015flay\u0131b.<\/p>\n<p>1995-ci ilin fevral ay\u0131ndan is\u0259 Hac\u0131bala Abutal\u0131bov m\u00fcxt\u0259lif d\u00f6vl\u0259t strukturlar\u0131nda i\u015fl\u0259m\u0259y\u0259 ba\u015flay\u0131r<\/p>\n<p>Xat\u0131rladaq ki, fizika-riyaziyyat elml\u0259ri doktoru, professor Hac\u0131bala Abutal\u0131bovun Amerika, \u0130ngilt\u0259r\u0259, Fransa, Almaniya, Rusiya v\u0259 bir \u00e7ox d\u00f6vl\u0259tl\u0259rin qabaqc\u0131l jurnallar\u0131nda 200-d\u0259n art\u0131q elmi m\u0259qal\u0259si \u00e7ap olunub. Bundan ba\u015fqa, onun 30-dan \u00e7ox elmi ixtiran\u0131n m\u00fc\u0259llifi oldu\u011fu da vur\u011fulan\u0131r.<\/p>\n","protected":false},"excerpt":{"rendered":"<p>&#8220;Hac\u0131bala Abutal\u0131bov \u0259vv\u0259ll\u0259r Fizika \u0130nstitutunda &#8220;Yar\u0131mke\u00e7iricil\u0259rin kvant elektronikas\u0131&#8221; laboratoriyas\u0131n\u0131n m\u00fcdiri olub. Lakin o, Bak\u0131 \u015e\u0259h\u0259r \u0130cra Hakimiyy\u0259tinin r\u0259hb\u0259ri olduqdan sonra h\u0259min laboratoriya l\u0259\u011fv edilib&#8221;. ARANTV.AZ\u00a0azedu.az-a istinad\u0259n x\u0259b\u0259r verir ki, bunu a\u00e7\u0131qlamas\u0131nda AMEA-n\u0131n Fizika \u0130nstitutunun \u0130cmaiyy\u0259tl\u0259 \u018flaq\u0259l\u0259r \u015e\u00f6b\u0259sinin m\u00fcdiri M\u0259ry\u0259m \u018fhm\u0259dli deyib. Qeyd ed\u0259k ki, bir m\u00fcdd\u0259t \u00f6nc\u0259 Ba\u015f nazirin ke\u00e7mi\u015f m\u00fcavini, sabir mer Hac\u0131bala Abutal\u0131bovun Az\u0259rbaycan Milli Elml\u0259r Akademiyas\u0131n\u0131n Fizika \u0130nstitutunda &#8220;Yar\u0131mke\u00e7iricil\u0259rin kvant elektronikas\u0131&#8221; laboratoriyas\u0131n\u0131n m\u00fcdiri postuna t\u0259yin edildiyi haqq\u0131nda informasiyalar yay\u0131lm\u0131\u015fd\u0131. \u0130nstitut s\u00f6z\u00e7\u00fcs\u00fc is\u0259 a\u00e7\u0131qlamas\u0131nda bel\u0259 bir t\u0259yinat\u0131n olmad\u0131\u011f\u0131n\u0131, H. Abutal\u0131bovun orada \u00e7al\u0131\u015fmad\u0131\u011f\u0131n\u0131 bildirib: &#8220;Haz\u0131rda Hac\u0131bala m\u00fc\u0259llim AMEA-da \u00e7al\u0131\u015fm\u0131r.&hellip;<\/p>\n","protected":false},"author":2,"featured_media":106282,"comment_status":"closed","ping_status":"closed","sticky":false,"template":"","format":"standard","meta":{"om_disable_all_campaigns":false,"_monsterinsights_skip_tracking":false,"_monsterinsights_sitenote_active":false,"_monsterinsights_sitenote_note":"","_monsterinsights_sitenote_category":0},"categories":[1],"tags":[],"aioseo_notices":[],"gutentor_comment":0,"rttpg_featured_image_url":{"full":["https:\/\/arantv.az\/wp-content\/uploads\/2019\/12\/1576066491_28ec1d9d-7fbc-4248-8bb4-e12519b85eae.jpg",549,324,false],"landscape":["https:\/\/arantv.az\/wp-content\/uploads\/2019\/12\/1576066491_28ec1d9d-7fbc-4248-8bb4-e12519b85eae.jpg",549,324,false],"portraits":["https:\/\/arantv.az\/wp-content\/uploads\/2019\/12\/1576066491_28ec1d9d-7fbc-4248-8bb4-e12519b85eae.jpg",549,324,false],"thumbnail":["https:\/\/arantv.az\/wp-content\/uploads\/2019\/12\/1576066491_28ec1d9d-7fbc-4248-8bb4-e12519b85eae-150x150.jpg",150,150,true],"medium":["https:\/\/arantv.az\/wp-content\/uploads\/2019\/12\/1576066491_28ec1d9d-7fbc-4248-8bb4-e12519b85eae-300x177.jpg",300,177,true],"large":["https:\/\/arantv.az\/wp-content\/uploads\/2019\/12\/1576066491_28ec1d9d-7fbc-4248-8bb4-e12519b85eae.jpg",549,324,false],"1536x1536":["https:\/\/arantv.az\/wp-content\/uploads\/2019\/12\/1576066491_28ec1d9d-7fbc-4248-8bb4-e12519b85eae.jpg",549,324,false],"2048x2048":["https:\/\/arantv.az\/wp-content\/uploads\/2019\/12\/1576066491_28ec1d9d-7fbc-4248-8bb4-e12519b85eae.jpg",549,324,false],"post-thumbnail":["https:\/\/arantv.az\/wp-content\/uploads\/2019\/12\/1576066491_28ec1d9d-7fbc-4248-8bb4-e12519b85eae-240x172.jpg",240,172,true],"advps-thumb-one":["https:\/\/arantv.az\/wp-content\/uploads\/2019\/12\/1576066491_28ec1d9d-7fbc-4248-8bb4-e12519b85eae.jpg",549,324,false]},"rttpg_author":{"display_name":"V\u00fcsal Rafiqo\u011flu","author_link":"https:\/\/arantv.az\/?author=2"},"rttpg_comment":0,"rttpg_category":"<a href=\"https:\/\/arantv.az\/?cat=1\" rel=\"category\">C\u0259miyy\u0259t<\/a>","rttpg_excerpt":"&#8220;Hac\u0131bala Abutal\u0131bov \u0259vv\u0259ll\u0259r Fizika \u0130nstitutunda &#8220;Yar\u0131mke\u00e7iricil\u0259rin kvant elektronikas\u0131&#8221; laboratoriyas\u0131n\u0131n m\u00fcdiri olub. Lakin o, Bak\u0131 \u015e\u0259h\u0259r \u0130cra Hakimiyy\u0259tinin r\u0259hb\u0259ri olduqdan sonra h\u0259min laboratoriya l\u0259\u011fv edilib&#8221;. ARANTV.AZ\u00a0azedu.az-a istinad\u0259n x\u0259b\u0259r verir ki, bunu a\u00e7\u0131qlamas\u0131nda AMEA-n\u0131n Fizika \u0130nstitutunun \u0130cmaiyy\u0259tl\u0259 \u018flaq\u0259l\u0259r \u015e\u00f6b\u0259sinin m\u00fcdiri M\u0259ry\u0259m \u018fhm\u0259dli deyib. Qeyd ed\u0259k ki, bir m\u00fcdd\u0259t \u00f6nc\u0259 Ba\u015f nazirin ke\u00e7mi\u015f m\u00fcavini, sabir mer Hac\u0131bala Abutal\u0131bovun&hellip;","_links":{"self":[{"href":"https:\/\/arantv.az\/index.php?rest_route=\/wp\/v2\/posts\/106281"}],"collection":[{"href":"https:\/\/arantv.az\/index.php?rest_route=\/wp\/v2\/posts"}],"about":[{"href":"https:\/\/arantv.az\/index.php?rest_route=\/wp\/v2\/types\/post"}],"author":[{"embeddable":true,"href":"https:\/\/arantv.az\/index.php?rest_route=\/wp\/v2\/users\/2"}],"replies":[{"embeddable":true,"href":"https:\/\/arantv.az\/index.php?rest_route=%2Fwp%2Fv2%2Fcomments&post=106281"}],"version-history":[{"count":0,"href":"https:\/\/arantv.az\/index.php?rest_route=\/wp\/v2\/posts\/106281\/revisions"}],"wp:featuredmedia":[{"embeddable":true,"href":"https:\/\/arantv.az\/index.php?rest_route=\/wp\/v2\/media\/106282"}],"wp:attachment":[{"href":"https:\/\/arantv.az\/index.php?rest_route=%2Fwp%2Fv2%2Fmedia&parent=106281"}],"wp:term":[{"taxonomy":"category","embeddable":true,"href":"https:\/\/arantv.az\/index.php?rest_route=%2Fwp%2Fv2%2Fcategories&post=106281"},{"taxonomy":"post_tag","embeddable":true,"href":"https:\/\/arantv.az\/index.php?rest_route=%2Fwp%2Fv2%2Ftags&post=106281"}],"curies":[{"name":"wp","href":"https:\/\/api.w.org\/{rel}","templated":true}]}}