{"id":106285,"date":"2019-12-11T15:52:15","date_gmt":"2019-12-11T12:52:15","guid":{"rendered":"http:\/\/arantv.az\/?p=106285"},"modified":"2019-12-11T15:52:15","modified_gmt":"2019-12-11T12:52:15","slug":"bakida-ovladlarina-isg%c9%99nc%c9%99-ver%c9%99n-ata-h%c9%99bs-edildi-ogey-ana-polis-n%c9%99zar%c9%99tin%c9%99-verildi","status":"publish","type":"post","link":"https:\/\/arantv.az\/?p=106285","title":{"rendered":"Bak\u0131da \u00f6vladlar\u0131na i\u015fg\u0259nc\u0259 ver\u0259n ata h\u0259bs edildi, \u00f6gey ana polis n\u0259zar\u0259tin\u0259 verildi"},"content":{"rendered":"<p>Paytaxt\u0131n Sabun\u00e7u rayonu \u0259razisind\u0259 azya\u015fl\u0131lar &#8211; Qulu v\u0259 H\u00fcseyn adl\u0131 qarda\u015flar\u0131n ata v\u0259 \u00f6gey analar\u0131 t\u0259r\u0259find\u0259n i\u015fg\u0259nc\u0259l\u0259r\u0259 m\u0259ruz qalmalar\u0131 fakt\u0131 il\u0259 ba\u011fl\u0131 Bak\u0131 \u015f\u0259h\u0259r prokurorlu\u011funda ba\u015flanm\u0131\u015f cinay\u0259t i\u015fi \u00fczr\u0259 z\u0259ruri istintaq t\u0259dbirl\u0259ri davam etdirilir.<\/p>\n<p><strong>ARANTV.AZ\u00a0\u00a0<\/strong>x\u0259b\u0259r verir ki, bu bar\u0259d\u0259 Ba\u015f Prokurorlu\u011fun M\u0259tbuat xidm\u0259tinin r\u0259hb\u0259ri Eldar Sultanov \u00f6z \u201cFacebook\u201d s\u0259hif\u0259sind\u0259 m\u0259lumat verib.<\/p>\n<p>Bildirilib ki, apar\u0131lm\u0131\u015f istintaqla A\u011fcab\u0259di rayon sakini X\u0259qani \u018fkb\u0259rovun Nuran\u0259 \u018fkb\u0259rova il\u0259 k\u00f6m\u0259ksiz v\u0259ziyy\u0259td\u0259 olan \u00f6vladlar\u0131 Qulu \u018fkb\u0259rov v\u0259 H\u00fcseyn \u018fkb\u0259rzad\u0259ni Zabrat q\u0259s\u0259b\u0259sind\u0259 ya\u015fad\u0131qlar\u0131 evd\u0259 m\u00fct\u0259madi olaraq d\u00f6ym\u0259kl\u0259 v\u0259 sair zorak\u0131 h\u0259r\u0259k\u0259tl\u0259rl\u0259 fiziki a\u011fr\u0131lar yetirdiyi m\u00fc\u0259yy\u0259nl\u0259\u015fdirilib.<\/p>\n<div id=\"AdviadNativeVideo0\" class=\"AdviadNativeVideo\"><\/div>\n<p>Bel\u0259 ki, 2019-cu ilin oktyabr ay\u0131nda Q.\u018fkb\u0259rova al\u0131n v\u0259 burun nahiy\u0259l\u0259rinin ikinci d\u0259r\u0259c\u0259li termiki yan\u0131qlar\u0131, mexaniki asfiksiyaya s\u0259b\u0259b olmayan boyun nahiyy\u0259sinin stranqulyasiya \u015f\u0131r\u0131m\u0131, sol said nahiy\u0259sinin s\u0131yr\u0131\u011f\u0131, sol bazu sol dirs\u0259k oyna\u011f\u0131 v\u0259 sol bald\u0131r nahiyy\u0259l\u0259rinin qan\u00e7\u0131rlar\u0131 kimi \u00fcmumilikd\u0259 sa\u011flaml\u0131\u011f\u0131n q\u0131sa m\u00fcdd\u0259t\u0259 pozulmas\u0131na s\u0259b\u0259b olan, sa\u011flaml\u0131\u011fa y\u00fcng\u00fcl z\u0259r\u0259rvurma oldu\u011fu \u00fcz\u0259 \u00e7\u0131x\u0131b.<\/p>\n<p>H.\u018fkb\u0259rzad\u0259y\u0259 is\u0259 sa\u011f aya\u011f\u0131n d\u0259rialt\u0131 hematomas\u0131 il\u0259 m\u00fc\u015fayi\u0259t olunan sa\u011f ayaqda V ayaq-daraq s\u00fcm\u00fcy\u00fcn\u00fcn yerini d\u0259yi\u015f\u0259n qapal\u0131 s\u0131n\u0131\u011f\u0131, sol budun, sol bald\u0131r\u0131n v\u0259 sol aya\u011f\u0131n d\u0259rialt\u0131 hematomalar\u0131, sa\u011f yanaq-\u00e7\u0259n\u0259 nahiy\u0259sinin, h\u0259r iki bazunun, sol dirs\u0259k oyna\u011f\u0131 nahiy\u0259sinin sa\u011f saidin, d\u00f6\u015f q\u0259f\u0259sinin, sa\u011f budun, sa\u011f diz v\u0259 sa\u011f a\u015f\u0131q-bald\u0131r oyna\u011f\u0131 nahiy\u0259l\u0259rinin qan\u00e7\u0131rlar\u0131, sol \u0259lin III barma\u011f\u0131n\u0131n, sa\u011f budun v\u0259 sa\u011f bald\u0131r\u0131n II d\u0259r\u0259c\u0259li termiki yan\u0131q yaralar\u0131 kimi, \u00fcmumilikd\u0259 sa\u011flaml\u0131\u011f\u0131n uzun m\u00fcdd\u0259t\u0259 pozulmas\u0131na s\u0259b\u0259b olan sa\u011flaml\u0131\u011fa az a\u011f\u0131r z\u0259r\u0259rvurmaya aid x\u0259sar\u0259tl\u0259r yetirm\u0259l\u0259rin\u0259 \u0259sasl\u0131 \u015f\u00fcbh\u0259l\u0259r m\u00fc\u0259yy\u0259n edilib.<\/p>\n<p>Azya\u015fl\u0131lar\u0131n ald\u0131qlar\u0131 b\u0259d\u0259n x\u0259sar\u0259tl\u0259rinin \u0259m\u0259l\u0259 g\u0259lm\u0259 m\u00fcdd\u0259tl\u0259rinin atalar\u0131 v\u0259 anal\u0131qlar\u0131 il\u0259 birlikd\u0259 ya\u015fad\u0131qlar\u0131 vaxta uy\u011fun g\u0259lm\u0259si m\u0259hk\u0259m\u0259-tibbi ekspertizas\u0131n\u0131n r\u0259yl\u0259ri il\u0259 bir daha t\u0259sdiq olunub.<\/p>\n<p>\u0130stintaq zaman\u0131 azya\u015fl\u0131lar Ail\u0259, qad\u0131n v\u0259 u\u015faq probleml\u0259ri \u00fczr\u0259 D\u00f6vl\u0259t komit\u0259sinin, Sabun\u00e7u rayon \u0130cra Hakimiyy\u0259ti ba\u015f\u00e7\u0131s\u0131n\u0131n yan\u0131nda q\u0259yyumluq v\u0259 himay\u0259\u00e7ilik komissiyas\u0131n\u0131n n\u00fcmay\u0259nd\u0259l\u0259rinin, 371 sayl\u0131 orta m\u0259kt\u0259bin ixtisasla\u015fm\u0131\u015f m\u00fc\u0259llim-psixoloqu v\u0259 xalas\u0131n\u0131n i\u015ftirak\u0131 il\u0259 atalar\u0131 v\u0259 anal\u0131qlar\u0131 t\u0259r\u0259find\u0259n i\u015fg\u0259nc\u0259l\u0259r\u0259 m\u0259ruz qalmaqla \u00e7oxsayl\u0131 b\u0259d\u0259n x\u0259sar\u0259tl\u0259ri yetirilm\u0259si bar\u0259d\u0259 ifad\u0259 veribl\u0259r.<\/p>\n<p>X.\u018fkb\u0259rov v\u0259 N.\u018fkb\u0259rova i\u015f \u00fczr\u0259 t\u0259qsirl\u0259ndiril\u0259n \u015f\u0259xs qismind\u0259 c\u0259lb edilm\u0259kl\u0259, onlara Cinay\u0259t M\u0259c\u0259ll\u0259sinin 127.2.2, 133.2.3 v\u0259 133.2.4-c\u00fc madd\u0259l\u0259ri il\u0259 ittiham elan olunub, X.\u018fkb\u0259rov bar\u0259sind\u0259 m\u0259hk\u0259m\u0259nin q\u0259rar\u0131 il\u0259 h\u0259bs, N.\u018fkb\u0259rovan\u0131n 16 ayl\u0131q hamil\u0259 olmas\u0131 n\u0259z\u0259r\u0259 al\u0131nmaqla bar\u0259sind\u0259 polisin n\u0259zar\u0259ti alt\u0131na verm\u0259 q\u0259timkan t\u0259dbiri se\u00e7ilib.<\/p>\n<p>Cinay\u0259t i\u015fi \u00fczr\u0259 azya\u015fl\u0131lar bar\u0259sind\u0259 \u0259lav\u0259 komissiyon m\u0259hk\u0259m\u0259-tibbi v\u0259 kompleks m\u0259hk\u0259m\u0259 psixatrik v\u0259 psixoloji ekspertizalar\u0131 t\u0259yin edilmi\u015f, bundan ba\u015fqa onlar\u0131n \u201cU\u015faq h\u00fcquqlar\u0131 haqq\u0131nda\u201d Az\u0259rbaycan Respublikas\u0131n\u0131n Qanununa \u0259sas\u0259n azadl\u0131q v\u0259 \u015f\u0259xsi toxunulmazl\u0131q h\u00fcquqlar\u0131n\u0131n t\u0259min edilm\u0259si m\u0259qs\u0259di il\u0259 atas\u0131 X.\u018fkb\u0259rovun valideyn h\u00fcququndan m\u0259hrum edilm\u0259si \u00fc\u00e7\u00fcn \u0259saslar oldu\u011fu halda m\u00fcvafiq t\u0259dbir g\u00f6r\u00fclm\u0259sini t\u0259min edilm\u0259si m\u0259qs\u0259dil\u0259 Ail\u0259, qad\u0131n v\u0259 u\u015faq probleml\u0259ri \u00fczr\u0259 D\u00f6vl\u0259t komit\u0259sin\u0259, Sabun\u00e7u v\u0259 A\u011fcab\u0259di rayon \u0130cra Hakimiyy\u0259tl\u0259rin\u0259 m\u00fcraci\u0259t olunub.<\/p>\n<p>Eyni zamanda, azya\u015fl\u0131lar\u0131n m\u00fcalic\u0259 v\u0259 sosial reabilitasiyas\u0131n\u0131n h\u0259yata ke\u00e7irilm\u0259si, onlar\u0131n m\u00f6vcud v\u0259ziyy\u0259t\u0259 adaptasiyas\u0131n\u0131n t\u0259min edilm\u0259si v\u0259 psixoloji durumlar\u0131n\u0131n korreksiya olunmas\u0131 m\u0259qs\u0259dil\u0259 pe\u015f\u0259kar m\u00fct\u0259x\u0259ssisl\u0259r c\u0259lb edilib.<\/p>\n<p>Haz\u0131rda i\u015f \u00fczr\u0259 z\u0259ruri istintaq t\u0259dbirl\u0259ri davam etdirilir.Oxu.Az<\/p>\n","protected":false},"excerpt":{"rendered":"<p>Paytaxt\u0131n Sabun\u00e7u rayonu \u0259razisind\u0259 azya\u015fl\u0131lar &#8211; Qulu v\u0259 H\u00fcseyn adl\u0131 qarda\u015flar\u0131n ata v\u0259 \u00f6gey analar\u0131 t\u0259r\u0259find\u0259n i\u015fg\u0259nc\u0259l\u0259r\u0259 m\u0259ruz qalmalar\u0131 fakt\u0131 il\u0259 ba\u011fl\u0131 Bak\u0131 \u015f\u0259h\u0259r prokurorlu\u011funda ba\u015flanm\u0131\u015f cinay\u0259t i\u015fi \u00fczr\u0259 z\u0259ruri istintaq t\u0259dbirl\u0259ri davam etdirilir. ARANTV.AZ\u00a0\u00a0x\u0259b\u0259r verir ki, bu bar\u0259d\u0259 Ba\u015f Prokurorlu\u011fun M\u0259tbuat xidm\u0259tinin r\u0259hb\u0259ri Eldar Sultanov \u00f6z \u201cFacebook\u201d s\u0259hif\u0259sind\u0259 m\u0259lumat verib. Bildirilib ki, apar\u0131lm\u0131\u015f istintaqla A\u011fcab\u0259di rayon sakini X\u0259qani \u018fkb\u0259rovun Nuran\u0259 \u018fkb\u0259rova il\u0259 k\u00f6m\u0259ksiz v\u0259ziyy\u0259td\u0259 olan \u00f6vladlar\u0131 Qulu \u018fkb\u0259rov v\u0259 H\u00fcseyn \u018fkb\u0259rzad\u0259ni Zabrat q\u0259s\u0259b\u0259sind\u0259 ya\u015fad\u0131qlar\u0131 evd\u0259 m\u00fct\u0259madi olaraq d\u00f6ym\u0259kl\u0259 v\u0259 sair zorak\u0131 h\u0259r\u0259k\u0259tl\u0259rl\u0259 fiziki a\u011fr\u0131lar yetirdiyi m\u00fc\u0259yy\u0259nl\u0259\u015fdirilib. Bel\u0259 ki, 2019-cu&hellip;<\/p>\n","protected":false},"author":2,"featured_media":106286,"comment_status":"closed","ping_status":"closed","sticky":false,"template":"","format":"standard","meta":{"om_disable_all_campaigns":false,"_monsterinsights_skip_tracking":false,"_monsterinsights_sitenote_active":false,"_monsterinsights_sitenote_note":"","_monsterinsights_sitenote_category":0},"categories":[1],"tags":[],"aioseo_notices":[],"gutentor_comment":0,"rttpg_featured_image_url":{"full":["https:\/\/arantv.az\/wp-content\/uploads\/2019\/12\/h\u00c9_bs.jpg",620,448,false],"landscape":["https:\/\/arantv.az\/wp-content\/uploads\/2019\/12\/h\u00c9_bs.jpg",620,448,false],"portraits":["https:\/\/arantv.az\/wp-content\/uploads\/2019\/12\/h\u00c9_bs.jpg",620,448,false],"thumbnail":["https:\/\/arantv.az\/wp-content\/uploads\/2019\/12\/h\u00c9_bs-150x150.jpg",150,150,true],"medium":["https:\/\/arantv.az\/wp-content\/uploads\/2019\/12\/h\u00c9_bs-300x217.jpg",300,217,true],"large":["https:\/\/arantv.az\/wp-content\/uploads\/2019\/12\/h\u00c9_bs.jpg",620,448,false],"1536x1536":["https:\/\/arantv.az\/wp-content\/uploads\/2019\/12\/h\u00c9_bs.jpg",620,448,false],"2048x2048":["https:\/\/arantv.az\/wp-content\/uploads\/2019\/12\/h\u00c9_bs.jpg",620,448,false],"post-thumbnail":["https:\/\/arantv.az\/wp-content\/uploads\/2019\/12\/h\u00c9_bs-240x172.jpg",240,172,true],"advps-thumb-one":["https:\/\/arantv.az\/wp-content\/uploads\/2019\/12\/h\u00c9_bs.jpg",620,448,false]},"rttpg_author":{"display_name":"V\u00fcsal Rafiqo\u011flu","author_link":"https:\/\/arantv.az\/?author=2"},"rttpg_comment":0,"rttpg_category":"<a href=\"https:\/\/arantv.az\/?cat=1\" rel=\"category\">C\u0259miyy\u0259t<\/a>","rttpg_excerpt":"Paytaxt\u0131n Sabun\u00e7u rayonu \u0259razisind\u0259 azya\u015fl\u0131lar &#8211; Qulu v\u0259 H\u00fcseyn adl\u0131 qarda\u015flar\u0131n ata v\u0259 \u00f6gey analar\u0131 t\u0259r\u0259find\u0259n i\u015fg\u0259nc\u0259l\u0259r\u0259 m\u0259ruz qalmalar\u0131 fakt\u0131 il\u0259 ba\u011fl\u0131 Bak\u0131 \u015f\u0259h\u0259r prokurorlu\u011funda ba\u015flanm\u0131\u015f cinay\u0259t i\u015fi \u00fczr\u0259 z\u0259ruri istintaq t\u0259dbirl\u0259ri davam etdirilir. ARANTV.AZ\u00a0\u00a0x\u0259b\u0259r verir ki, bu bar\u0259d\u0259 Ba\u015f Prokurorlu\u011fun M\u0259tbuat xidm\u0259tinin r\u0259hb\u0259ri Eldar Sultanov \u00f6z \u201cFacebook\u201d s\u0259hif\u0259sind\u0259 m\u0259lumat verib. Bildirilib ki, apar\u0131lm\u0131\u015f istintaqla&hellip;","_links":{"self":[{"href":"https:\/\/arantv.az\/index.php?rest_route=\/wp\/v2\/posts\/106285"}],"collection":[{"href":"https:\/\/arantv.az\/index.php?rest_route=\/wp\/v2\/posts"}],"about":[{"href":"https:\/\/arantv.az\/index.php?rest_route=\/wp\/v2\/types\/post"}],"author":[{"embeddable":true,"href":"https:\/\/arantv.az\/index.php?rest_route=\/wp\/v2\/users\/2"}],"replies":[{"embeddable":true,"href":"https:\/\/arantv.az\/index.php?rest_route=%2Fwp%2Fv2%2Fcomments&post=106285"}],"version-history":[{"count":0,"href":"https:\/\/arantv.az\/index.php?rest_route=\/wp\/v2\/posts\/106285\/revisions"}],"wp:featuredmedia":[{"embeddable":true,"href":"https:\/\/arantv.az\/index.php?rest_route=\/wp\/v2\/media\/106286"}],"wp:attachment":[{"href":"https:\/\/arantv.az\/index.php?rest_route=%2Fwp%2Fv2%2Fmedia&parent=106285"}],"wp:term":[{"taxonomy":"category","embeddable":true,"href":"https:\/\/arantv.az\/index.php?rest_route=%2Fwp%2Fv2%2Fcategories&post=106285"},{"taxonomy":"post_tag","embeddable":true,"href":"https:\/\/arantv.az\/index.php?rest_route=%2Fwp%2Fv2%2Ftags&post=106285"}],"curies":[{"name":"wp","href":"https:\/\/api.w.org\/{rel}","templated":true}]}}