{"id":106289,"date":"2019-12-11T15:53:08","date_gmt":"2019-12-11T12:53:08","guid":{"rendered":"http:\/\/arantv.az\/?p=106289"},"modified":"2019-12-11T15:53:08","modified_gmt":"2019-12-11T12:53:08","slug":"zakir-h%c9%99s%c9%99nov-komandir-r%c9%99is-hey%c9%99ti-qarsisinda-tapsiriqlar-qoydu","status":"publish","type":"post","link":"https:\/\/arantv.az\/?p=106289","title":{"rendered":"Zakir H\u0259s\u0259nov komandir-r\u0259is hey\u0259ti qar\u015f\u0131s\u0131nda tap\u015f\u0131r\u0131qlar qoydu"},"content":{"rendered":"<p>Bu g\u00fcn M\u00fcdafi\u0259 naziri general-polkovnik Zakir H\u0259s\u0259novun r\u0259hb\u0259rliyi il\u0259 2019-cu t\u0259dris ilind\u0259 Az\u0259rbaycan Ordusunun haz\u0131rl\u0131\u011f\u0131n\u0131n yekunlar\u0131na dair M\u00fcdafi\u0259 Nazirliyi Kollegiyas\u0131n\u0131n geni\u015f iclas\u0131 ke\u00e7irilib.<\/p>\n<p>Nazirlikd\u0259n veril\u0259n m\u0259lumata g\u00f6r\u0259, \u0259vv\u0259lc\u0259 \u00fcmummilli lider Heyd\u0259r \u018fliyevin, \u00f6lk\u0259mizin m\u00fcst\u0259qilliyi v\u0259 \u0259razi b\u00fct\u00f6vl\u00fcy\u00fc u\u011frunda \u015f\u0259hid olanlar\u0131n xatir\u0259si bir d\u0259qiq\u0259lik s\u00fckutla yad edilib.<\/p>\n<p>\u0130clasda M\u00fcdafi\u0259 nazirinin m\u00fcavini &#8211; \u018flahidd\u0259 \u00dcmumqo\u015fun Ordunun komandan\u0131 general-leytenant K\u0259r\u0259m Mustafayev Silahl\u0131 Q\u00fcvv\u0259l\u0259rin Ali Ba\u015f Komandan\u0131n\u0131n tap\u015f\u0131r\u0131\u011f\u0131na \u0259sas\u0259n cari il \u0259rzind\u0259 ordu quruculu\u011fu sah\u0259sind\u0259 apar\u0131lan islahatlar, Az\u0259rbaycan Ordusunun d\u00f6y\u00fc\u015f f\u0259aliyy\u0259ti, silah v\u0259 texnika il\u0259 t\u0259chizat\u0131, maddi-texniki v\u0259 tibb t\u0259minat\u0131, kadr islahatlar\u0131, \u015f\u0259xsi hey\u0259tin d\u00f6y\u00fc\u015f v\u0259 m\u0259n\u0259vi-psixoloji haz\u0131rl\u0131\u011f\u0131, h\u0259rbi qulluq\u00e7ular\u0131n sosial-m\u0259i\u015f\u0259t \u015f\u0259raitinin yax\u015f\u0131la\u015fd\u0131r\u0131lmas\u0131, h\u0259m\u00e7inin \u0259ld\u0259 edil\u0259n nailiyy\u0259tl\u0259r bar\u0259d\u0259 m\u0259ruz\u0259 il\u0259 \u00e7\u0131x\u0131\u015f edib.<\/p>\n<div id=\"AdviadNativeVideo0\" class=\"AdviadNativeVideo\"><\/div>\n<p>Nazirliyin r\u0259hb\u0259r hey\u0259ti, birlik v\u0259 birl\u0259\u015fm\u0259l\u0259rin komandir v\u0259 q\u0259rargah r\u0259isl\u0259ri, o c\u00fcml\u0259d\u0259n m\u0259sul zabitl\u0259rin i\u015ftirak etdiyi kollegiya iclas\u0131nda M\u00fcdafi\u0259 naziri general-polkovnik Zakir H\u0259s\u0259nov 2019-cu ild\u0259 xidm\u0259ti d\u00f6y\u00fc\u015f haz\u0131rl\u0131\u011f\u0131n\u0131n yekunlar\u0131 v\u0259 2020-ci t\u0259dris ilind\u0259 qar\u015f\u0131da duran \u0259sas v\u0259zif\u0259l\u0259r bar\u0259d\u0259 yekun \u00e7\u0131x\u0131\u015f\u0131 edib.<\/p>\n<p>Az\u0259rbaycan Prezidenti \u0130lham \u018fliyevin Az\u0259rbaycan Ordusuna verdiyi qiym\u0259ti, g\u00f6st\u0259rdiyi diqq\u0259t v\u0259 qay\u011f\u0131n\u0131 x\u00fcsusi qeyd ed\u0259n M\u00fcdafi\u0259 naziri Ali Ba\u015f Komandan\u0131n r\u0259hb\u0259rliyi il\u0259 son ill\u0259r \u0259rzind\u0259 \u0259ld\u0259 edil\u0259n nailiyy\u0259tl\u0259rd\u0259n dan\u0131\u015f\u0131b.<\/p>\n<p>General-polkovnik Z.H\u0259s\u0259nov cari ild\u0259 h\u0259yata ke\u00e7iril\u0259n t\u0259dbirl\u0259rin t\u0259hlilini apararaq d\u00f6y\u00fc\u015f haz\u0131rl\u0131\u011f\u0131 v\u0259 m\u0259n\u0259vi-psixoloji v\u0259ziyy\u0259t, m\u00fcdafi\u0259 sistemi v\u0259 onun h\u0259rt\u0259r\u0259fli t\u0259minat\u0131 m\u0259s\u0259l\u0259l\u0259rini diqq\u0259t\u0259 \u00e7atd\u0131r\u0131b, qo\u015funlar\u0131n d\u00f6y\u00fc\u015f qabiliyy\u0259tinin art\u0131r\u0131lmas\u0131 m\u0259qs\u0259dil\u0259 2020-ci ild\u0259 icra olunacaq f\u0259aliyy\u0259tl\u0259rl\u0259 \u0259laq\u0259dar komandir-r\u0259is hey\u0259ti qar\u015f\u0131s\u0131nda tap\u015f\u0131r\u0131qlar qoyub.<\/p>\n<p>M\u00fcdafi\u0259 nazirinin \u0259mrin\u0259 \u0259sas\u0259n 2019-cu t\u0259dris ilind\u0259 Az\u0259rbaycan Ordusunun qar\u015f\u0131da qoyulmu\u015f tap\u015f\u0131r\u0131qlar\u0131n yerin\u0259 yetirilm\u0259si, d\u00f6y\u00fc\u015f v\u0259 s\u0259f\u0259rb\u0259rlik haz\u0131rl\u0131\u011f\u0131n\u0131n y\u00fcks\u0259ldilm\u0259si, h\u0259m\u00e7inin h\u0259rbi intizam\u0131n m\u00f6hk\u0259ml\u0259ndirilm\u0259sind\u0259 y\u00fcks\u0259k n\u0259tic\u0259l\u0259r \u0259ld\u0259 etmi\u015f h\u0259rbi qulluq\u00e7ular t\u0259ltif edilib v\u0259 qiym\u0259tli h\u0259diyy\u0259l\u0259rl\u0259 m\u00fckafatland\u0131r\u0131l\u0131b.<\/p>\n<p>Sonda kollegiya iclas\u0131n\u0131n q\u0259rar layih\u0259si m\u00fczakir\u0259 edil\u0259r\u0259k q\u0259bul olunub.<\/p>\n","protected":false},"excerpt":{"rendered":"<p>Bu g\u00fcn M\u00fcdafi\u0259 naziri general-polkovnik Zakir H\u0259s\u0259novun r\u0259hb\u0259rliyi il\u0259 2019-cu t\u0259dris ilind\u0259 Az\u0259rbaycan Ordusunun haz\u0131rl\u0131\u011f\u0131n\u0131n yekunlar\u0131na dair M\u00fcdafi\u0259 Nazirliyi Kollegiyas\u0131n\u0131n geni\u015f iclas\u0131 ke\u00e7irilib. Nazirlikd\u0259n veril\u0259n m\u0259lumata g\u00f6r\u0259, \u0259vv\u0259lc\u0259 \u00fcmummilli lider Heyd\u0259r \u018fliyevin, \u00f6lk\u0259mizin m\u00fcst\u0259qilliyi v\u0259 \u0259razi b\u00fct\u00f6vl\u00fcy\u00fc u\u011frunda \u015f\u0259hid olanlar\u0131n xatir\u0259si bir d\u0259qiq\u0259lik s\u00fckutla yad edilib. \u0130clasda M\u00fcdafi\u0259 nazirinin m\u00fcavini &#8211; \u018flahidd\u0259 \u00dcmumqo\u015fun Ordunun komandan\u0131 general-leytenant K\u0259r\u0259m Mustafayev Silahl\u0131 Q\u00fcvv\u0259l\u0259rin Ali Ba\u015f Komandan\u0131n\u0131n tap\u015f\u0131r\u0131\u011f\u0131na \u0259sas\u0259n cari il \u0259rzind\u0259 ordu quruculu\u011fu sah\u0259sind\u0259 apar\u0131lan islahatlar, Az\u0259rbaycan Ordusunun d\u00f6y\u00fc\u015f f\u0259aliyy\u0259ti, silah v\u0259 texnika il\u0259 t\u0259chizat\u0131, maddi-texniki v\u0259 tibb t\u0259minat\u0131, kadr islahatlar\u0131, \u015f\u0259xsi hey\u0259tin&hellip;<\/p>\n","protected":false},"author":2,"featured_media":106290,"comment_status":"closed","ping_status":"closed","sticky":false,"template":"","format":"standard","meta":{"om_disable_all_campaigns":false,"_monsterinsights_skip_tracking":false,"_monsterinsights_sitenote_active":false,"_monsterinsights_sitenote_note":"","_monsterinsights_sitenote_category":0},"categories":[1],"tags":[],"aioseo_notices":[],"gutentor_comment":0,"rttpg_featured_image_url":{"full":["https:\/\/arantv.az\/wp-content\/uploads\/2019\/12\/ROM_3596.jpg",620,413,false],"landscape":["https:\/\/arantv.az\/wp-content\/uploads\/2019\/12\/ROM_3596.jpg",620,413,false],"portraits":["https:\/\/arantv.az\/wp-content\/uploads\/2019\/12\/ROM_3596.jpg",620,413,false],"thumbnail":["https:\/\/arantv.az\/wp-content\/uploads\/2019\/12\/ROM_3596-150x150.jpg",150,150,true],"medium":["https:\/\/arantv.az\/wp-content\/uploads\/2019\/12\/ROM_3596-300x200.jpg",300,200,true],"large":["https:\/\/arantv.az\/wp-content\/uploads\/2019\/12\/ROM_3596.jpg",620,413,false],"1536x1536":["https:\/\/arantv.az\/wp-content\/uploads\/2019\/12\/ROM_3596.jpg",620,413,false],"2048x2048":["https:\/\/arantv.az\/wp-content\/uploads\/2019\/12\/ROM_3596.jpg",620,413,false],"post-thumbnail":["https:\/\/arantv.az\/wp-content\/uploads\/2019\/12\/ROM_3596-240x172.jpg",240,172,true],"advps-thumb-one":["https:\/\/arantv.az\/wp-content\/uploads\/2019\/12\/ROM_3596.jpg",620,413,false]},"rttpg_author":{"display_name":"V\u00fcsal Rafiqo\u011flu","author_link":"https:\/\/arantv.az\/?author=2"},"rttpg_comment":0,"rttpg_category":"<a href=\"https:\/\/arantv.az\/?cat=1\" rel=\"category\">C\u0259miyy\u0259t<\/a>","rttpg_excerpt":"Bu g\u00fcn M\u00fcdafi\u0259 naziri general-polkovnik Zakir H\u0259s\u0259novun r\u0259hb\u0259rliyi il\u0259 2019-cu t\u0259dris ilind\u0259 Az\u0259rbaycan Ordusunun haz\u0131rl\u0131\u011f\u0131n\u0131n yekunlar\u0131na dair M\u00fcdafi\u0259 Nazirliyi Kollegiyas\u0131n\u0131n geni\u015f iclas\u0131 ke\u00e7irilib. Nazirlikd\u0259n veril\u0259n m\u0259lumata g\u00f6r\u0259, \u0259vv\u0259lc\u0259 \u00fcmummilli lider Heyd\u0259r \u018fliyevin, \u00f6lk\u0259mizin m\u00fcst\u0259qilliyi v\u0259 \u0259razi b\u00fct\u00f6vl\u00fcy\u00fc u\u011frunda \u015f\u0259hid olanlar\u0131n xatir\u0259si bir d\u0259qiq\u0259lik s\u00fckutla yad edilib. \u0130clasda M\u00fcdafi\u0259 nazirinin m\u00fcavini &#8211; \u018flahidd\u0259 \u00dcmumqo\u015fun Ordunun komandan\u0131&hellip;","_links":{"self":[{"href":"https:\/\/arantv.az\/index.php?rest_route=\/wp\/v2\/posts\/106289"}],"collection":[{"href":"https:\/\/arantv.az\/index.php?rest_route=\/wp\/v2\/posts"}],"about":[{"href":"https:\/\/arantv.az\/index.php?rest_route=\/wp\/v2\/types\/post"}],"author":[{"embeddable":true,"href":"https:\/\/arantv.az\/index.php?rest_route=\/wp\/v2\/users\/2"}],"replies":[{"embeddable":true,"href":"https:\/\/arantv.az\/index.php?rest_route=%2Fwp%2Fv2%2Fcomments&post=106289"}],"version-history":[{"count":0,"href":"https:\/\/arantv.az\/index.php?rest_route=\/wp\/v2\/posts\/106289\/revisions"}],"wp:featuredmedia":[{"embeddable":true,"href":"https:\/\/arantv.az\/index.php?rest_route=\/wp\/v2\/media\/106290"}],"wp:attachment":[{"href":"https:\/\/arantv.az\/index.php?rest_route=%2Fwp%2Fv2%2Fmedia&parent=106289"}],"wp:term":[{"taxonomy":"category","embeddable":true,"href":"https:\/\/arantv.az\/index.php?rest_route=%2Fwp%2Fv2%2Fcategories&post=106289"},{"taxonomy":"post_tag","embeddable":true,"href":"https:\/\/arantv.az\/index.php?rest_route=%2Fwp%2Fv2%2Ftags&post=106289"}],"curies":[{"name":"wp","href":"https:\/\/api.w.org\/{rel}","templated":true}]}}