{"id":106309,"date":"2019-12-11T16:04:00","date_gmt":"2019-12-11T13:04:00","guid":{"rendered":"http:\/\/arantv.az\/?p=106309"},"modified":"2019-12-11T16:04:00","modified_gmt":"2019-12-11T13:04:00","slug":"parlament-seckil%c9%99rind%c9%99-istirak-ucun-indiy%c9%99-q%c9%99d%c9%99r-nec%c9%99-namiz%c9%99d-muraci%c9%99t-edib","status":"publish","type":"post","link":"https:\/\/arantv.az\/?p=106309","title":{"rendered":"Parlament se\u00e7kil\u0259rind\u0259 i\u015ftirak \u00fc\u00e7\u00fcn indiy\u0259 q\u0259d\u0259r ne\u00e7\u0259 namiz\u0259d m\u00fcraci\u0259t edib?"},"content":{"rendered":"<p>&#8220;Az\u0259rbaycanda fevral\u0131n 9-a t\u0259yin edilmi\u015f n\u00f6vb\u0259d\u0259nk\u0259nar parlament se\u00e7kil\u0259rind\u0259 i\u015ftirak \u00fc\u00e7\u00fcn indiy\u0259 q\u0259d\u0259r 50-\u0259 yax\u0131n namiz\u0259d m\u00fcraci\u0259t edib&#8221;.<\/p>\n<p><strong>ARANTV.AZ<\/strong>\u00a0<a href=\"https:\/\/az.trend.az\/\" target=\"_blank\" rel=\"noopener\">Trend<\/a>-\u0259 istinad\u0259n x\u0259b\u0259r verir ki, bunu M\u0259rk\u0259zi Se\u00e7ki Komissiyas\u0131n\u0131n (MSK) s\u0259dri M\u0259zahir P\u0259nahov Komissiyan\u0131n bu g\u00fcn ke\u00e7iril\u0259n iclas\u0131nda deyib.<\/p>\n<p>M.P\u0259nahov bildirib ki, m\u00fcraci\u0259t ed\u0259n \u015f\u0259xsl\u0259rin 7-nin namiz\u0259dliyi art\u0131q t\u0259sdiq olunub.<\/p>\n<p>Qeyd ed\u0259k ki, bu g\u00fcn Yeni Az\u0259rbaycan Partiyas\u0131, \u00dcmid Partiyas\u0131 v\u0259 V\u0259t\u0259nda\u015f H\u0259mr\u0259yliyi Partiyas\u0131n\u0131n s\u0259lahiyy\u0259tli n\u00fcmay\u0259nd\u0259l\u0259rinin qeyd\u0259 al\u0131nmas\u0131 il\u0259 ba\u011fl\u0131 m\u00fcraci\u0259t\u0259 bax\u0131l\u0131b.<\/p>\n<p>M\u00fczakir\u0259l\u0259rd\u0259n sonra m\u00fcraci\u0259tl\u0259r s\u0259s\u0259 qoyularaq q\u0259bul edilib.<\/p>\n<p>Az\u0259rbaycanda n\u00f6vb\u0259d\u0259nk\u0259nar parlament se\u00e7kil\u0259ri g\u0259l\u0259n il fevral\u0131n 9-da ke\u00e7iril\u0259c\u0259k.<\/p>\n","protected":false},"excerpt":{"rendered":"<p>&#8220;Az\u0259rbaycanda fevral\u0131n 9-a t\u0259yin edilmi\u015f n\u00f6vb\u0259d\u0259nk\u0259nar parlament se\u00e7kil\u0259rind\u0259 i\u015ftirak \u00fc\u00e7\u00fcn indiy\u0259 q\u0259d\u0259r 50-\u0259 yax\u0131n namiz\u0259d m\u00fcraci\u0259t edib&#8221;. ARANTV.AZ\u00a0Trend-\u0259 istinad\u0259n x\u0259b\u0259r verir ki, bunu M\u0259rk\u0259zi Se\u00e7ki Komissiyas\u0131n\u0131n (MSK) s\u0259dri M\u0259zahir P\u0259nahov Komissiyan\u0131n bu g\u00fcn ke\u00e7iril\u0259n iclas\u0131nda deyib. M.P\u0259nahov bildirib ki, m\u00fcraci\u0259t ed\u0259n \u015f\u0259xsl\u0259rin 7-nin namiz\u0259dliyi art\u0131q t\u0259sdiq olunub. Qeyd ed\u0259k ki, bu g\u00fcn Yeni Az\u0259rbaycan Partiyas\u0131, \u00dcmid Partiyas\u0131 v\u0259 V\u0259t\u0259nda\u015f H\u0259mr\u0259yliyi Partiyas\u0131n\u0131n s\u0259lahiyy\u0259tli n\u00fcmay\u0259nd\u0259l\u0259rinin qeyd\u0259 al\u0131nmas\u0131 il\u0259 ba\u011fl\u0131 m\u00fcraci\u0259t\u0259 bax\u0131l\u0131b. M\u00fczakir\u0259l\u0259rd\u0259n sonra m\u00fcraci\u0259tl\u0259r s\u0259s\u0259 qoyularaq q\u0259bul edilib. Az\u0259rbaycanda n\u00f6vb\u0259d\u0259nk\u0259nar parlament se\u00e7kil\u0259ri g\u0259l\u0259n il fevral\u0131n 9-da ke\u00e7iril\u0259c\u0259k.<\/p>\n","protected":false},"author":2,"featured_media":106310,"comment_status":"closed","ping_status":"closed","sticky":false,"template":"","format":"standard","meta":{"om_disable_all_campaigns":false,"_monsterinsights_skip_tracking":false,"_monsterinsights_sitenote_active":false,"_monsterinsights_sitenote_note":"","_monsterinsights_sitenote_category":0},"categories":[1],"tags":[],"aioseo_notices":[],"gutentor_comment":0,"rttpg_featured_image_url":{"full":["https:\/\/arantv.az\/wp-content\/uploads\/2019\/12\/809740.jpg",800,600,false],"landscape":["https:\/\/arantv.az\/wp-content\/uploads\/2019\/12\/809740.jpg",800,600,false],"portraits":["https:\/\/arantv.az\/wp-content\/uploads\/2019\/12\/809740.jpg",800,600,false],"thumbnail":["https:\/\/arantv.az\/wp-content\/uploads\/2019\/12\/809740-150x150.jpg",150,150,true],"medium":["https:\/\/arantv.az\/wp-content\/uploads\/2019\/12\/809740-300x225.jpg",300,225,true],"large":["https:\/\/arantv.az\/wp-content\/uploads\/2019\/12\/809740.jpg",640,480,false],"1536x1536":["https:\/\/arantv.az\/wp-content\/uploads\/2019\/12\/809740.jpg",800,600,false],"2048x2048":["https:\/\/arantv.az\/wp-content\/uploads\/2019\/12\/809740.jpg",800,600,false],"post-thumbnail":["https:\/\/arantv.az\/wp-content\/uploads\/2019\/12\/809740-240x172.jpg",240,172,true],"advps-thumb-one":["https:\/\/arantv.az\/wp-content\/uploads\/2019\/12\/809740.jpg",800,600,false]},"rttpg_author":{"display_name":"V\u00fcsal Rafiqo\u011flu","author_link":"https:\/\/arantv.az\/?author=2"},"rttpg_comment":0,"rttpg_category":"<a href=\"https:\/\/arantv.az\/?cat=1\" rel=\"category\">C\u0259miyy\u0259t<\/a>","rttpg_excerpt":"&#8220;Az\u0259rbaycanda fevral\u0131n 9-a t\u0259yin edilmi\u015f n\u00f6vb\u0259d\u0259nk\u0259nar parlament se\u00e7kil\u0259rind\u0259 i\u015ftirak \u00fc\u00e7\u00fcn indiy\u0259 q\u0259d\u0259r 50-\u0259 yax\u0131n namiz\u0259d m\u00fcraci\u0259t edib&#8221;. ARANTV.AZ\u00a0Trend-\u0259 istinad\u0259n x\u0259b\u0259r verir ki, bunu M\u0259rk\u0259zi Se\u00e7ki Komissiyas\u0131n\u0131n (MSK) s\u0259dri M\u0259zahir P\u0259nahov Komissiyan\u0131n bu g\u00fcn ke\u00e7iril\u0259n iclas\u0131nda deyib. M.P\u0259nahov bildirib ki, m\u00fcraci\u0259t ed\u0259n \u015f\u0259xsl\u0259rin 7-nin namiz\u0259dliyi art\u0131q t\u0259sdiq olunub. Qeyd ed\u0259k ki, bu g\u00fcn Yeni Az\u0259rbaycan Partiyas\u0131,&hellip;","_links":{"self":[{"href":"https:\/\/arantv.az\/index.php?rest_route=\/wp\/v2\/posts\/106309"}],"collection":[{"href":"https:\/\/arantv.az\/index.php?rest_route=\/wp\/v2\/posts"}],"about":[{"href":"https:\/\/arantv.az\/index.php?rest_route=\/wp\/v2\/types\/post"}],"author":[{"embeddable":true,"href":"https:\/\/arantv.az\/index.php?rest_route=\/wp\/v2\/users\/2"}],"replies":[{"embeddable":true,"href":"https:\/\/arantv.az\/index.php?rest_route=%2Fwp%2Fv2%2Fcomments&post=106309"}],"version-history":[{"count":0,"href":"https:\/\/arantv.az\/index.php?rest_route=\/wp\/v2\/posts\/106309\/revisions"}],"wp:featuredmedia":[{"embeddable":true,"href":"https:\/\/arantv.az\/index.php?rest_route=\/wp\/v2\/media\/106310"}],"wp:attachment":[{"href":"https:\/\/arantv.az\/index.php?rest_route=%2Fwp%2Fv2%2Fmedia&parent=106309"}],"wp:term":[{"taxonomy":"category","embeddable":true,"href":"https:\/\/arantv.az\/index.php?rest_route=%2Fwp%2Fv2%2Fcategories&post=106309"},{"taxonomy":"post_tag","embeddable":true,"href":"https:\/\/arantv.az\/index.php?rest_route=%2Fwp%2Fv2%2Ftags&post=106309"}],"curies":[{"name":"wp","href":"https:\/\/api.w.org\/{rel}","templated":true}]}}