{"id":106313,"date":"2019-12-11T16:11:27","date_gmt":"2019-12-11T13:11:27","guid":{"rendered":"http:\/\/arantv.az\/?p=106313"},"modified":"2019-12-11T16:11:27","modified_gmt":"2019-12-11T13:11:27","slug":"ulu-ond%c9%99r-heyd%c9%99r-%c9%99liyev-muasir-dovl%c9%99tciliyimizin-banisi-must%c9%99qilliyimizin-hamisidir","status":"publish","type":"post","link":"https:\/\/arantv.az\/?p=106313","title":{"rendered":"Ulu \u00f6nd\u0259r Heyd\u0259r \u018fliyev m\u00fcasir d\u00f6vl\u0259t\u00e7iliyimizin banisi, m\u00fcst\u0259qilliyimizin hamisidir"},"content":{"rendered":"<p>\u201cH\u0259r bir xalq\u0131n m\u00fcst\u0259qilliyi \u0259n z\u0259ngin s\u0259rv\u0259ti, \u00f6z milli m\u0259nliyinin t\u0259sdiqi, d\u00f6vl\u0259tin varl\u0131\u011f\u0131n\u0131n m\u00f6vcudlu\u011fu v\u0259 d\u00fcnya sivilizasiyas\u0131na qo\u015fulmas\u0131 kimi fundamental prinsipl\u0259ri \u00f6z\u00fcnd\u0259 ehtiva edir. M\u00fcst\u0259qillik asan yolla v\u0259 ist\u0259nil\u0259n tarixi d\u00f6vrd\u0259 qazan\u0131lm\u0131r. D\u00f6vl\u0259tin \u00f6z m\u00fcst\u0259qilliyini \u0259ld\u0259 etm\u0259si tarixi z\u0259rur\u0259tin meyarlar\u0131 \u0259sas\u0131nda v\u0259 xalq\u0131n milli d\u00f6vl\u0259t\u00e7ilik \u0259n\u0259n\u0259l\u0259rini formala\u015fd\u0131ra bildiyi ictimai-siyasi z\u0259minin m\u00f6vcudlu\u011fu \u015f\u0259raitind\u0259 m\u00fcmk\u00fcn olur. H\u0259m\u00e7inin m\u00fcst\u0259qilliyin \u0259ld\u0259 olunmas\u0131 \u00fc\u00e7\u00fcn tarixi z\u0259min v\u0259 \u015f\u0259raitin yeti\u015fm\u0259si il\u0259 b\u0259rab\u0259r, onun m\u00f6vcudlu\u011funu t\u0259min ed\u0259n v\u0259 m\u00f6hk\u0259ml\u0259ndir\u0259n bazisl\u0259r d\u0259 \u0259sas rol oynay\u0131r. Yeti\u015fmi\u015f s\u0259m\u0259r\u0259li v\u0259 \u0259lveri\u015fli tarixi \u015f\u0259raitd\u0259n istifad\u0259 ed\u0259r\u0259k m\u00fcst\u0259qillik \u0259ld\u0259 ed\u0259n d\u00f6vl\u0259tl\u0259rin qar\u015f\u0131s\u0131nda daha yeni tarixi z\u0259rur\u0259tl\u0259r durur ki, onu da realiz\u0259 etm\u0259k h\u0259r bir \u00f6lk\u0259 \u00fc\u00e7\u00fcn asan deyil\u201d. Bu fikirl\u0259ri Yeni Az\u0259rbaycan Partiyas\u0131 (YAP) Siyasi \u015euras\u0131n\u0131n \u00fczv\u00fc, \u201c\u0130ki sahil\u201d q\u0259zetinin ba\u015f redaktoru V\u00fcqar R\u0259himzad\u0259 K\u0130V-\u0259 a\u00e7\u0131qlamas\u0131nda deyib.<\/p>\n<p>V\u00fcqar R\u0259himzad\u0259 bildirib ki, uzun ill\u0259r d\u00f6vl\u0259t m\u00fcst\u0259qilliyini b\u0259rpa etm\u0259k ist\u0259y\u0259n respublikam\u0131z\u0131n bu m\u00fcq\u0259dd\u0259s ideallara qovu\u015fmas\u0131 \u00fc\u00e7\u00fcn s\u0259yl\u0259r g\u00f6st\u0259rils\u0259 d\u0259, tarixi \u015f\u0259raitin, milli liderin yeti\u015fm\u0259m\u0259si buni m\u00fcmk\u00fcns\u00fcz edib: \u201cM\u00fcst\u0259qilliyin dayaq s\u00fctunlar\u0131n\u0131, milli-ideoloji \u0259saslar\u0131n\u0131, suveren d\u00f6vl\u0259t\u00e7ilik institutlar\u0131n\u0131 yaratmaq, onu h\u0259yata ke\u00e7irm\u0259k g\u00fccl\u00fc d\u00f6vl\u0259t siyas\u0259tinin v\u0259 eyni zamanda, milli liderin olmas\u0131n\u0131 t\u0259l\u0259b edir. Az\u0259rbaycan xalq\u0131n\u0131n \u00fcmummilli lideri Heyd\u0259r \u018fliyevin r\u0259hb\u0259rliyi il\u0259, h\u0259l\u0259 \u00f6t\u0259n \u0259srin 70-ci ill\u0259rind\u0259n ba\u015flayaraq respublikam\u0131zda h\u0259yata ke\u00e7iril\u0259n geni\u015fmiqyasl\u0131 proqramlar m\u00fcasir iqtisadi potensial\u0131n formala\u015fd\u0131r\u0131lmas\u0131na, sosial-m\u0259d\u0259ni h\u0259yat\u0131n canland\u0131r\u0131lmas\u0131na v\u0259 milli-m\u0259n\u0259vi d\u0259y\u0259rl\u0259rin dir\u00e7\u0259ldilm\u0259sin\u0259 y\u00f6n\u0259ldil\u0259r\u0259k g\u0259l\u0259c\u0259k m\u00fcst\u0259qilliyimizin t\u0259min olunmas\u0131 \u00fc\u00e7\u00fcn z\u0259min haz\u0131rlam\u0131\u015fd\u0131.<\/p>\n<p>H\u0259r hans\u0131 \u00f6lk\u0259nin milli maraqlar\u0131na cavab ver\u0259n iqtisadi siyas\u0259t y\u00fcr\u00fctm\u0259si, sosial-iqtisadi inki\u015faf doktrinas\u0131n\u0131 h\u0259yata ke\u00e7irm\u0259si \u00fc\u00e7\u00fcn m\u00fctl\u0259q \u015f\u0259kild\u0259 suverenliyi, m\u00fcst\u0259qilliyi olmal\u0131d\u0131r. M\u00fcst\u0259qil ola bilm\u0259y\u0259n, d\u00f6vl\u0259t\u00e7ilik \u0259n\u0259n\u0259l\u0259rini formala\u015fd\u0131rmayan \u00f6lk\u0259nin daxili v\u0259 xarici iqtisadi strategiyas\u0131n\u0131n realla\u015fmas\u0131ndan s\u00f6hb\u0259t ged\u0259 bilm\u0259z. \u018fks halda, m\u00fcst\u0259qilliyi formal xarakter da\u015f\u0131yan d\u00f6vl\u0259tin milli maraqlara cavab ver\u0259n inki\u015faf x\u0259tti, iqtisadi modeli olmayacaq.<\/p>\n<p>Tarixi ger\u00e7\u0259klik tam t\u0259sdiq edir ki, d\u00f6vl\u0259t qurmaq kimi \u00e7\u0259tin, m\u00fcr\u0259kk\u0259b v\u0259 \u015f\u0259r\u0259fli missiyan\u0131 irad\u0259li, geni\u015f v\u0259 qlobal d\u00fcnyag\u00f6r\u00fc\u015fl\u00fc, xalq\u0131n d\u0259st\u0259yin\u0259 malik v\u0259 onun milli liderin\u0259 \u00e7evrilmi\u015f \u015f\u0259xs yerin\u0259 yetir\u0259 bil\u0259r. M\u0259hz bu tarixi z\u0259rur\u0259tin m\u0259ntiqi n\u0259tic\u0259si olaraq m\u00fcst\u0259qil v\u0259 milli iqtisadiyyat\u0131n yarad\u0131lmas\u0131n\u0131n alt bazas\u0131, m\u00f6hk\u0259m s\u00fctunlar\u0131 birba\u015fa d\u00f6vl\u0259t m\u00fcst\u0259qilliyinin t\u0259min edilm\u0259si il\u0259 bilavasit\u0259 ba\u011fl\u0131d\u0131r. Eyni zamanda, milli d\u00f6vl\u0259t\u00e7iliyin s\u00fctunlar\u0131n\u0131 m\u00f6hk\u0259ml\u0259ndirm\u0259k, siyasi sabitliyin yeni ictimai m\u00fcnasib\u0259tl\u0259r \u015f\u0259raitind\u0259 d\u00f6nm\u0259zliyini t\u0259min etm\u0259k, \u00f6lk\u0259d\u0259 kompleks islahatlara ba\u015flamaq, xarici d\u00f6vl\u0259tl\u0259rl\u0259 \u0259laq\u0259l\u0259r yaradaraq siyasi-h\u0259rbi g\u0259rginliyi azaltmaq, iqtisadi v\u0259ziyy\u0259ti normal inki\u015faf m\u0259cras\u0131na y\u00f6n\u0259ltm\u0259k \u00fc\u00e7\u00fcn q\u0259tiyy\u0259tli idar\u0259etm\u0259 qabiliyy\u0259ti olan liderin olmas\u0131 ba\u015fl\u0131ca \u015f\u0259rtdir.<\/p>\n<p>\u018fslind\u0259, Az\u0259rbaycanda milli d\u00f6vl\u0259t\u00e7iliyin \u0259saslar\u0131n\u0131n yarad\u0131lmas\u0131, m\u00fcst\u0259qil respublikan\u0131n suverenliyi il\u0259 ba\u011fl\u0131 strukturlar\u0131n formala\u015fd\u0131r\u0131lmas\u0131 ulu \u00f6nd\u0259r Heyd\u0259r \u018fliyevin ba\u015f\u00e7\u0131l\u0131\u011f\u0131 il\u0259 \u00f6t\u0259n \u0259srin 90-c\u0131 ill\u0259rinin sonlar\u0131ndan ba\u015flayaraq Nax\u00e7\u0131van Muxtar Respublikas\u0131n\u0131n timsal\u0131nda realla\u015fd\u0131r\u0131ld\u0131. Ulu \u00f6nd\u0259r Heyd\u0259r \u018fliyevin malik oldu\u011fu g\u00fccl\u00fc irad\u0259, uzaqg\u00f6r\u0259n siyas\u0259t v\u0259 dig\u0259r m\u00fch\u00fcm keyfiyy\u0259tl\u0259r Az\u0259rbaycan d\u00f6vl\u0259t\u00e7iliyini m\u0259hv olmaq t\u0259hl\u00fck\u0259sind\u0259n xilas etdi v\u0259 bel\u0259likl\u0259, tarixi dialektik qanunauy\u011funluq ger\u00e7\u0259kl\u0259\u015fdi- d\u00f6vl\u0259t\u00e7iliyin \u0259saslar\u0131n\u0131 haz\u0131rlayan \u00dcmummilli Liderin d\u00f6vl\u0259t\u00e7ilik institutunun s\u00fckan\u0131 arxas\u0131na ke\u00e7m\u0259si \u00f6z m\u0259ntiqi n\u0259tic\u0259si il\u0259 yekunla\u015fd\u0131.<\/p>\n<p>Ulu \u00d6nd\u0259r Az\u0259rbaycan\u0131n demokratik islahatlar platformas\u0131n\u0131, inki\u015faf\u0131n m\u00fck\u0259mm\u0259l v\u0259 \u00f6z\u00fcn\u00fct\u0259sdiq vektorlar\u0131n\u0131\u00a0 yaratd\u0131.\u00a0 Onun\u00a0 d\u00f6vl\u0259t\u00e7ilik t\u0259limind\u0259 g\u00fccl\u00fc d\u00f6vl\u0259t anlay\u0131\u015f\u0131 b\u00fct\u00fcn atributlar\u0131 il\u0259 birg\u0259 d\u00f6vl\u0259tin iqtisadi, siyasi, sosial v\u0259 m\u0259n\u0259vi \u0259saslar\u0131 \u00f6z \u0259ksini tap\u0131b. Ulu \u00d6nd\u0259rin m\u00fcst\u0259qil Az\u0259rbaycan d\u00f6vl\u0259tinin yarad\u0131lmas\u0131 konsepsiyas\u0131n\u0131 h\u0259yata ke\u00e7irm\u0259si, Az\u0259rbaycan v\u0259t\u0259nda\u015flar\u0131n\u0131 birl\u0259\u015fdir\u0259n, xalq\u0131m\u0131z\u0131 beyn\u0259lxalq al\u0259md\u0259 vahid amal, \u0259qid\u0259, m\u0259qs\u0259d v\u0259 m\u0259ram \u0259traf\u0131nda s\u0259f\u0259rb\u0259r ed\u0259n milli t\u0259lim &#8211; az\u0259rbaycan\u00e7\u0131l\u0131q ideologiyas\u0131 elmi-siyasi-n\u0259z\u0259ri konseptual m\u0259zmununa g\u00f6r\u0259 \u0259v\u0259zolunmaz m\u0259x\u0259zdir. Bu fundamental meyarlar v\u0259 prinsipial f\u0259aliyy\u0259t plan\u0131 respublikam\u0131z\u0131n milli d\u00f6vl\u0259t\u00e7ilik strukturlar\u0131n\u0131n formala\u015fmas\u0131na z\u0259ngin baza yaratm\u0131\u015f oldu.<\/p>\n<p>H\u0259qiqi d\u00f6vl\u0259t m\u00fcst\u0259qilliyin\u0259 qovu\u015fmu\u015f g\u0259nc respublikan\u0131n inki\u015faf ssenaril\u0259rini t\u0259rtib etm\u0259k, transkontinental qlobal siyasi g\u0259rginlikl\u0259rin davam etdiyi bir \u015f\u0259raitd\u0259 m\u00fcst\u0259qil inki\u015faf strategiyas\u0131n\u0131n h\u0259rt\u0259r\u0259fli, \u0259hat\u0259li konturlar\u0131n\u0131 m\u00fc\u0259yy\u0259nl\u0259\u015fdirm\u0259k, sosial-siyasi sabitliyin d\u00f6nm\u0259zliyin\u0259 d\u0259rin t\u0259m\u0259ll\u0259r yaratmaq m\u00f6hk\u0259m irad\u0259 sahibin\u0259, uzaqg\u00f6r\u0259n, t\u0259mkinli, q\u0259tiyy\u0259tli v\u0259 xarizmatik \u015f\u0259xsiyy\u0259t\u0259, b\u00f6y\u00fck siyasi t\u0259cr\u00fcb\u0259y\u0259 malik d\u00fchaya xas ola bil\u0259rdi. T\u0259bii ki, bu xarakterik keyfiyy\u0259tl\u0259r \u00fcmummilli lider Heyd\u0259r \u018fliyev\u0259 m\u0259xsus idi v\u0259 d\u00fcnya siyas\u0259t n\u0259h\u0259nginin xalq\u0131n b\u00fct\u00f6v v\u0259 d\u00f6nm\u0259z t\u0259kidi say\u0259sind\u0259 hakimiyy\u0259t\u0259 qay\u0131d\u0131\u015f\u0131ndan sonra qeyd etdiyimiz siyasi-h\u00fcquqi-iqtisadi z\u0259rur\u0259tl\u0259rin realla\u015fmas\u0131 m\u00fcmk\u00fcn oldu. Ulu \u00d6nd\u0259rin z\u0259ngin siyasi idar\u0259etm\u0259 m\u0259har\u0259ti, milli d\u00f6vl\u0259t\u00e7ilik \u0259n\u0259n\u0259l\u0259rin\u0259 d\u0259rind\u0259n b\u0259l\u0259d olmas\u0131, islahatlar\u0131n mahiyy\u0259tini b\u00fct\u00fcn t\u0259f\u0259rr\u00fcatlar\u0131 il\u0259 d\u0259rk etm\u0259si v\u0259 h\u0259yata ke\u00e7irm\u0259k q\u00fcdr\u0259tind\u0259 olmas\u0131, praqmatik keyfiyy\u0259tl\u0259ri v\u0259 dig\u0259r nadir x\u00fcsusiyy\u0259tl\u0259ri m\u00fcst\u0259qil Az\u0259rbaycan\u0131n \u0259hat\u0259li inki\u015faf strategiyas\u0131n\u0131n haz\u0131rlanmas\u0131na \u0259sasl\u0131 baza yaratd\u0131. \u00dcmummilli lider Heyd\u0259r \u018fliyev \u00f6lk\u0259nin yeni makroiqtisadi siyas\u0259tinin \u015fax\u0259l\u0259rini d\u0259rinlikl\u0259rin\u0259 q\u0259d\u0259r m\u0259har\u0259tl\u0259 t\u0259dqiq ed\u0259r\u0259k fundamental iqtisadi model haz\u0131rlad\u0131. Bu model \u00e7oxistiqam\u0259tli v\u0259 uzunm\u00fcdd\u0259tli dinamik inki\u015faf\u0131n alt s\u00fctunlar\u0131n\u0131 t\u0259\u015fkil etm\u0259kl\u0259 perspektiv siyasi-iqtisadi prosesl\u0259rin n\u0259tic\u0259l\u0259ri d\u0259 n\u0259z\u0259r\u0259 al\u0131nmaqla t\u0259rtib olunan z\u0259ngin konsepsiya idi.<\/p>\n<p>Ulu \u00f6nd\u0259r Heyd\u0259r \u018fliyev respublikam\u0131z\u0131n milli inki\u015faf strategiyas\u0131n\u0131 m\u00fc\u0259yy\u0259n ed\u0259rk\u0259n daxili ictimai prosesl\u0259ri v\u0259 milli reall\u0131qlarla yana\u015f\u0131, regional geosiyasi v\u0259ziyy\u0259ti, xarici meyill\u0259ri h\u0259rt\u0259r\u0259fli \u015f\u0259kild\u0259 n\u0259z\u0259rd\u0259n ke\u00e7ir\u0259r\u0259k m\u00fcvafiq q\u0259rarlar q\u0259bul edirdi. Burada \u00f6lk\u0259mizin potensial imkanlar\u0131, milli m\u0259nafel\u0259ri, xarici d\u00f6vl\u0259tl\u0259rl\u0259 qar\u015f\u0131l\u0131ql\u0131 m\u00fcnasib\u0259tl\u0259ri, iqtisadi \u0259m\u0259kda\u015fl\u0131\u011f\u0131n yollar\u0131, qlobal iqtisadi meyill\u0259r, geosiyasi reall\u0131qlar v\u0259 bu q\u0259bild\u0259n olan dig\u0259r vacib amill\u0259r n\u0259z\u0259r\u0259 al\u0131nm\u0131\u015fd\u0131.<\/p>\n<p>H\u0259min d\u00f6vr\u00fcn ilk ill\u0259rind\u0259 h\u0259yata ke\u00e7iril\u0259n islahatlar v\u0259 \u0259ld\u0259 olunan m\u00fch\u00fcm n\u0259tic\u0259l\u0259r Az\u0259rbaycan\u0131n inki\u015faf konsepsiyas\u0131n\u0131n n\u0259 q\u0259d\u0259r z\u0259ngin oldu\u011funu, bu strategiyan\u0131n n\u0259 d\u0259r\u0259c\u0259d\u0259 b\u00f6y\u00fck uzaqg\u00f6r\u0259nlikl\u0259 d\u00fc\u015f\u00fcn\u00fcld\u00fcy\u00fcn\u00fc v\u0259 \u00f6lk\u0259mizin h\u0259rt\u0259r\u0259fli t\u0259r\u0259qqisini t\u0259min etdiyini t\u0259sdiql\u0259mi\u015f oldu. Respublikam\u0131z q\u0131sa m\u00fcdd\u0259t \u0259rzind\u0259 idar\u0259etm\u0259 sisteminin yenil\u0259\u015fm\u0259si, struktur islahatlar\u0131n\u0131n apar\u0131lmas\u0131, iqtisadiyyatda funksional iqtisadi mexanizml\u0259rin t\u0259tbiq olunmas\u0131, d\u00f6vl\u0259t maliyy\u0259 qurumlar\u0131nda islahatlar\u0131n h\u0259yata ke\u00e7irilm\u0259si, bazar iqtisadiyyat\u0131 il\u0259 ba\u011fl\u0131 h\u00fcquqi-normativ bazan\u0131n yarad\u0131lmas\u0131 sah\u0259sind\u0259 ciddi u\u011furlara imza atd\u0131. \u0130qtisadiyyatda liberalla\u015fman\u0131n t\u0259min olunmas\u0131 \u00fc\u00e7\u00fcn ilk add\u0131mlar\u0131n at\u0131lmas\u0131, x\u00fcsusi m\u00fclkiyy\u0259t\u0259 \u0259saslanan bazar iqtisadiyyat\u0131 t\u0259l\u0259bl\u0259rinin b\u0259rq\u0259rar olmas\u0131 Az\u0259rbaycanda maliyy\u0259 sabitliyini m\u00f6hk\u0259ml\u0259ndirdi. Sistemli xarakter alan islahatlar\u0131n siyasi v\u0259 iqtisadi inki\u015faf\u0131n templ\u0259rin\u0259 uy\u011fun modernizasiyas\u0131 Az\u0259rbaycan\u0131n dinamik inki\u015faf\u0131 \u00fc\u00e7\u00fcn m\u00fcnbit z\u0259min formala\u015fd\u0131rd\u0131.<\/p>\n<p>Ulu \u00f6nd\u0259r Heyd\u0259r \u018fliyev milli inki\u015faf\u0131n \u0259sas prinsipl\u0259ri kimi demokratik d\u0259y\u0259rl\u0259r\u0259 \u0259saslanan c\u0259miyy\u0259t quruculu\u011fu v\u0259 buna paralel olaraq liberal v\u0259 azad iqtisadiyyat\u0131n yarad\u0131lmas\u0131n\u0131 ba\u015fl\u0131ca m\u0259qs\u0259dl\u0259rd\u0259n biri hesab edirdi. Az\u0259rbaycan bazar iqtisadiyyat\u0131 v\u0259 demokratiya yolunu prioritet olaraq se\u00e7di. Bu paradiqman\u0131n realizasiyas\u0131 iqtisadiyyatda liberalizmin d\u0259rin k\u00f6k atmas\u0131na, sosial b\u0259rab\u0259rliyin \u00f6z yerini tutmas\u0131na, demokratik reformalar\u0131n co\u011frafi h\u00fcdudlar\u0131n\u0131n geni\u015fl\u0259nm\u0259sin\u0259 s\u0259b\u0259b oldu\u201d.<\/p>\n<p>\u201c\u00dcmummilli Liderin \u00f6lk\u0259nin siyasi, iqtisadi, sosial, ictimai, m\u0259d\u0259ni h\u0259yat\u0131nda g\u00f6rd\u00fcy\u00fc i\u015fl\u0259rin miqyas\u0131 m\u00fcqayis\u0259olunmaz d\u0259r\u0259c\u0259d\u0259dir. Onun Az\u0259rbaycan\u0131n inki\u015faf\u0131 \u00fc\u00e7\u00fcn \u0259v\u0259zsiz xidm\u0259tl\u0259ri h\u0259m d\u0259 m\u0259zmun etibaril\u0259 n\u0259z\u0259r\u0259\u00e7arpacaq d\u0259r\u0259c\u0259d\u0259 t\u0259krarolunmazd\u0131r\u201d dey\u0259n V\u00fcqar R\u0259himzad\u0259 \u0259lav\u0259 edib ki, tarixi dialektika v\u0259 siyasi-ictimai qanunauy\u011funluq g\u00f6st\u0259rir ki, ulu \u00f6nd\u0259r Heyd\u0259r \u018fliyevin mahir d\u00f6vl\u0259t\u00e7ilik idar\u0259\u00e7iliyini, strategiyas\u0131n\u0131\u00a0 b\u00fct\u00fcn komponentl\u0259ri il\u0259 \u0259xz etmi\u015f siyasi davam\u00e7\u0131s\u0131 Prezident \u0130lham \u018fliyevd\u0259n ba\u015fqa biri davam etdir\u0259 bilm\u0259zdi: \u201cY\u00fcks\u0259k intellekt\u0259, praqmatik v\u0259 rasional d\u00fc\u015f\u00fcnc\u0259y\u0259 malik, enerjili v\u0259 t\u0259\u015f\u0259bb\u00fcskar bir \u015f\u0259xsiyy\u0259t olan m\u00f6ht\u0259r\u0259m \u0130lham \u018fliyev Az\u0259rbaycanda demokratik islahatlar\u0131n inki\u015faf etdirilm\u0259si \u00fc\u00e7\u00fcn q\u0259tiyy\u0259tli add\u0131mlar ataraq respublikam\u0131z\u0131n yeni inki\u015faf m\u0259rh\u0259l\u0259sin\u0259 q\u0259d\u0259m qoymas\u0131na nail oldu. Az\u0259rbaycan\u0131n m\u00fcst\u0259qil siyasi kursunu, iqtisadi doktrinas\u0131n\u0131 yeni d\u00f6vrd\u0259 \u0259n m\u00fck\u0259mm\u0259l \u015f\u0259kild\u0259 inki\u015faf etdir\u0259n ictimai xadim, siyasi Lider kimi d\u00fcnya siyasi x\u0259rit\u0259sind\u0259 m\u00f6ht\u0259\u015f\u0259m yer tutan xarizmatik, rasional d\u00fc\u015f\u00fcnc\u0259 t\u0259rzin\u0259 malik \u015f\u0259xsiyy\u0259t olan Prezident \u0130lham \u018fliyevin prinsipial q\u0259rarlar\u0131 say\u0259sind\u0259 Az\u0259rbaycan davaml\u0131 iqtisadi inki\u015faf\u0131n, uzunm\u00fcdd\u0259tli sabitliyin, d\u00fcnya d\u00f6vl\u0259tl\u0259ri i\u00e7\u0259risind\u0259 y\u00fcks\u0259k n\u00fcfuz sahibi v\u0259 etibarl\u0131 t\u0259r\u0259fda\u015fl\u0131\u011f\u0131n t\u0259minat\u00e7\u0131s\u0131na \u00e7evrilib\u201d.<\/p>\n","protected":false},"excerpt":{"rendered":"<p>\u201cH\u0259r bir xalq\u0131n m\u00fcst\u0259qilliyi \u0259n z\u0259ngin s\u0259rv\u0259ti, \u00f6z milli m\u0259nliyinin t\u0259sdiqi, d\u00f6vl\u0259tin varl\u0131\u011f\u0131n\u0131n m\u00f6vcudlu\u011fu v\u0259 d\u00fcnya sivilizasiyas\u0131na qo\u015fulmas\u0131 kimi fundamental prinsipl\u0259ri \u00f6z\u00fcnd\u0259 ehtiva edir. M\u00fcst\u0259qillik asan yolla v\u0259 ist\u0259nil\u0259n tarixi d\u00f6vrd\u0259 qazan\u0131lm\u0131r. D\u00f6vl\u0259tin \u00f6z m\u00fcst\u0259qilliyini \u0259ld\u0259 etm\u0259si tarixi z\u0259rur\u0259tin meyarlar\u0131 \u0259sas\u0131nda v\u0259 xalq\u0131n milli d\u00f6vl\u0259t\u00e7ilik \u0259n\u0259n\u0259l\u0259rini formala\u015fd\u0131ra bildiyi ictimai-siyasi z\u0259minin m\u00f6vcudlu\u011fu \u015f\u0259raitind\u0259 m\u00fcmk\u00fcn olur. H\u0259m\u00e7inin m\u00fcst\u0259qilliyin \u0259ld\u0259 olunmas\u0131 \u00fc\u00e7\u00fcn tarixi z\u0259min v\u0259 \u015f\u0259raitin yeti\u015fm\u0259si il\u0259 b\u0259rab\u0259r, onun m\u00f6vcudlu\u011funu t\u0259min ed\u0259n v\u0259 m\u00f6hk\u0259ml\u0259ndir\u0259n bazisl\u0259r d\u0259 \u0259sas rol oynay\u0131r. Yeti\u015fmi\u015f s\u0259m\u0259r\u0259li v\u0259 \u0259lveri\u015fli tarixi \u015f\u0259raitd\u0259n istifad\u0259 ed\u0259r\u0259k m\u00fcst\u0259qillik \u0259ld\u0259 ed\u0259n d\u00f6vl\u0259tl\u0259rin qar\u015f\u0131s\u0131nda&hellip;<\/p>\n","protected":false},"author":2,"featured_media":106314,"comment_status":"closed","ping_status":"closed","sticky":false,"template":"","format":"standard","meta":{"om_disable_all_campaigns":false,"_monsterinsights_skip_tracking":false,"_monsterinsights_sitenote_active":false,"_monsterinsights_sitenote_note":"","_monsterinsights_sitenote_category":0},"categories":[4],"tags":[],"aioseo_notices":[],"gutentor_comment":0,"rttpg_featured_image_url":{"full":["https:\/\/arantv.az\/wp-content\/uploads\/2019\/12\/1546929927_8052429.jpg",975,540,false],"landscape":["https:\/\/arantv.az\/wp-content\/uploads\/2019\/12\/1546929927_8052429.jpg",975,540,false],"portraits":["https:\/\/arantv.az\/wp-content\/uploads\/2019\/12\/1546929927_8052429.jpg",975,540,false],"thumbnail":["https:\/\/arantv.az\/wp-content\/uploads\/2019\/12\/1546929927_8052429-150x150.jpg",150,150,true],"medium":["https:\/\/arantv.az\/wp-content\/uploads\/2019\/12\/1546929927_8052429-300x166.jpg",300,166,true],"large":["https:\/\/arantv.az\/wp-content\/uploads\/2019\/12\/1546929927_8052429.jpg",640,354,false],"1536x1536":["https:\/\/arantv.az\/wp-content\/uploads\/2019\/12\/1546929927_8052429.jpg",975,540,false],"2048x2048":["https:\/\/arantv.az\/wp-content\/uploads\/2019\/12\/1546929927_8052429.jpg",975,540,false],"post-thumbnail":["https:\/\/arantv.az\/wp-content\/uploads\/2019\/12\/1546929927_8052429-240x172.jpg",240,172,true],"advps-thumb-one":["https:\/\/arantv.az\/wp-content\/uploads\/2019\/12\/1546929927_8052429.jpg",975,540,false]},"rttpg_author":{"display_name":"V\u00fcsal Rafiqo\u011flu","author_link":"https:\/\/arantv.az\/?author=2"},"rttpg_comment":0,"rttpg_category":"<a href=\"https:\/\/arantv.az\/?cat=4\" rel=\"category\">Siyas\u0259t<\/a>","rttpg_excerpt":"\u201cH\u0259r bir xalq\u0131n m\u00fcst\u0259qilliyi \u0259n z\u0259ngin s\u0259rv\u0259ti, \u00f6z milli m\u0259nliyinin t\u0259sdiqi, d\u00f6vl\u0259tin varl\u0131\u011f\u0131n\u0131n m\u00f6vcudlu\u011fu v\u0259 d\u00fcnya sivilizasiyas\u0131na qo\u015fulmas\u0131 kimi fundamental prinsipl\u0259ri \u00f6z\u00fcnd\u0259 ehtiva edir. M\u00fcst\u0259qillik asan yolla v\u0259 ist\u0259nil\u0259n tarixi d\u00f6vrd\u0259 qazan\u0131lm\u0131r. D\u00f6vl\u0259tin \u00f6z m\u00fcst\u0259qilliyini \u0259ld\u0259 etm\u0259si tarixi z\u0259rur\u0259tin meyarlar\u0131 \u0259sas\u0131nda v\u0259 xalq\u0131n milli d\u00f6vl\u0259t\u00e7ilik \u0259n\u0259n\u0259l\u0259rini formala\u015fd\u0131ra bildiyi ictimai-siyasi z\u0259minin m\u00f6vcudlu\u011fu \u015f\u0259raitind\u0259 m\u00fcmk\u00fcn olur. H\u0259m\u00e7inin&hellip;","_links":{"self":[{"href":"https:\/\/arantv.az\/index.php?rest_route=\/wp\/v2\/posts\/106313"}],"collection":[{"href":"https:\/\/arantv.az\/index.php?rest_route=\/wp\/v2\/posts"}],"about":[{"href":"https:\/\/arantv.az\/index.php?rest_route=\/wp\/v2\/types\/post"}],"author":[{"embeddable":true,"href":"https:\/\/arantv.az\/index.php?rest_route=\/wp\/v2\/users\/2"}],"replies":[{"embeddable":true,"href":"https:\/\/arantv.az\/index.php?rest_route=%2Fwp%2Fv2%2Fcomments&post=106313"}],"version-history":[{"count":0,"href":"https:\/\/arantv.az\/index.php?rest_route=\/wp\/v2\/posts\/106313\/revisions"}],"wp:featuredmedia":[{"embeddable":true,"href":"https:\/\/arantv.az\/index.php?rest_route=\/wp\/v2\/media\/106314"}],"wp:attachment":[{"href":"https:\/\/arantv.az\/index.php?rest_route=%2Fwp%2Fv2%2Fmedia&parent=106313"}],"wp:term":[{"taxonomy":"category","embeddable":true,"href":"https:\/\/arantv.az\/index.php?rest_route=%2Fwp%2Fv2%2Fcategories&post=106313"},{"taxonomy":"post_tag","embeddable":true,"href":"https:\/\/arantv.az\/index.php?rest_route=%2Fwp%2Fv2%2Ftags&post=106313"}],"curies":[{"name":"wp","href":"https:\/\/api.w.org\/{rel}","templated":true}]}}