{"id":106321,"date":"2019-12-11T16:20:58","date_gmt":"2019-12-11T13:20:58","guid":{"rendered":"http:\/\/arantv.az\/?p=106321"},"modified":"2019-12-11T16:20:58","modified_gmt":"2019-12-11T13:20:58","slug":"rusiyada-qanunsuz-tutun-alveri-ed%c9%99n-az%c9%99rbaycanli-m%c9%99suliyy%c9%99t%c9%99-c%c9%99lb-olunub","status":"publish","type":"post","link":"https:\/\/arantv.az\/?p=106321","title":{"rendered":"Rusiyada qanunsuz t\u00fct\u00fcn alveri ed\u0259n az\u0259rbaycanl\u0131 m\u0259suliyy\u0259t\u0259 c\u0259lb olunub"},"content":{"rendered":"<p>Rusiyan\u0131n Qara\u00e7ay-\u00c7\u0259rk\u0259z Respublikas\u0131nda polisl\u0259r Az\u0259rbaycan v\u0259t\u0259nda\u015f\u0131n\u0131 saxlay\u0131blar.<\/p>\n<p>Bununla Ba\u011fl\u0131 Rusiya Daxili \u0130\u015fl\u0259r Nazirliyinin yayd\u0131\u011f\u0131 m\u0259lumatda deyilir.<\/p>\n<p>27 ya\u015fl\u0131 az\u0259rbaycanl\u0131 qanunsuz t\u00fct\u00fcn ticar\u0259ti il\u0259 m\u0259\u015f\u011ful olub.<\/p>\n<p>Qanunsuz olaraq t\u00fct\u00fcn m\u0259hsullar\u0131n\u0131n topdan v\u0259 ya p\u0259rak\u0259nd\u0259 sat\u0131\u015f\u0131 il\u0259 m\u0259\u015f\u011ful oldu\u011funa g\u00f6r\u0259 Rusiya Federasiyas\u0131 \u0130nzibati X\u0259talar M\u0259c\u0259ll\u0259sin\u0259 uy\u011fun olaraq ona inzibati protokol t\u0259rtib edilib.<\/p>\n<p>Qanunu pozan az\u0259rbaycanl\u0131 c\u0259rim\u0259 \u00f6d\u0259y\u0259c\u0259k.<\/p>\n","protected":false},"excerpt":{"rendered":"<p>Rusiyan\u0131n Qara\u00e7ay-\u00c7\u0259rk\u0259z Respublikas\u0131nda polisl\u0259r Az\u0259rbaycan v\u0259t\u0259nda\u015f\u0131n\u0131 saxlay\u0131blar. Bununla Ba\u011fl\u0131 Rusiya Daxili \u0130\u015fl\u0259r Nazirliyinin yayd\u0131\u011f\u0131 m\u0259lumatda deyilir. 27 ya\u015fl\u0131 az\u0259rbaycanl\u0131 qanunsuz t\u00fct\u00fcn ticar\u0259ti il\u0259 m\u0259\u015f\u011ful olub. Qanunsuz olaraq t\u00fct\u00fcn m\u0259hsullar\u0131n\u0131n topdan v\u0259 ya p\u0259rak\u0259nd\u0259 sat\u0131\u015f\u0131 il\u0259 m\u0259\u015f\u011ful oldu\u011funa g\u00f6r\u0259 Rusiya Federasiyas\u0131 \u0130nzibati X\u0259talar M\u0259c\u0259ll\u0259sin\u0259 uy\u011fun olaraq ona inzibati protokol t\u0259rtib edilib. Qanunu pozan az\u0259rbaycanl\u0131 c\u0259rim\u0259 \u00f6d\u0259y\u0259c\u0259k.<\/p>\n","protected":false},"author":2,"featured_media":106322,"comment_status":"closed","ping_status":"closed","sticky":false,"template":"","format":"standard","meta":{"om_disable_all_campaigns":false,"_monsterinsights_skip_tracking":false,"_monsterinsights_sitenote_active":false,"_monsterinsights_sitenote_note":"","_monsterinsights_sitenote_category":0},"categories":[1],"tags":[],"aioseo_notices":[],"gutentor_comment":0,"rttpg_featured_image_url":{"full":["https:\/\/arantv.az\/wp-content\/uploads\/2019\/12\/1492232590_siqaret-qadaqasi.jpg",620,347,false],"landscape":["https:\/\/arantv.az\/wp-content\/uploads\/2019\/12\/1492232590_siqaret-qadaqasi.jpg",620,347,false],"portraits":["https:\/\/arantv.az\/wp-content\/uploads\/2019\/12\/1492232590_siqaret-qadaqasi.jpg",620,347,false],"thumbnail":["https:\/\/arantv.az\/wp-content\/uploads\/2019\/12\/1492232590_siqaret-qadaqasi-150x150.jpg",150,150,true],"medium":["https:\/\/arantv.az\/wp-content\/uploads\/2019\/12\/1492232590_siqaret-qadaqasi-300x168.jpg",300,168,true],"large":["https:\/\/arantv.az\/wp-content\/uploads\/2019\/12\/1492232590_siqaret-qadaqasi.jpg",620,347,false],"1536x1536":["https:\/\/arantv.az\/wp-content\/uploads\/2019\/12\/1492232590_siqaret-qadaqasi.jpg",620,347,false],"2048x2048":["https:\/\/arantv.az\/wp-content\/uploads\/2019\/12\/1492232590_siqaret-qadaqasi.jpg",620,347,false],"post-thumbnail":["https:\/\/arantv.az\/wp-content\/uploads\/2019\/12\/1492232590_siqaret-qadaqasi-240x172.jpg",240,172,true],"advps-thumb-one":["https:\/\/arantv.az\/wp-content\/uploads\/2019\/12\/1492232590_siqaret-qadaqasi.jpg",620,347,false]},"rttpg_author":{"display_name":"V\u00fcsal Rafiqo\u011flu","author_link":"https:\/\/arantv.az\/?author=2"},"rttpg_comment":0,"rttpg_category":"<a href=\"https:\/\/arantv.az\/?cat=1\" rel=\"category\">C\u0259miyy\u0259t<\/a>","rttpg_excerpt":"Rusiyan\u0131n Qara\u00e7ay-\u00c7\u0259rk\u0259z Respublikas\u0131nda polisl\u0259r Az\u0259rbaycan v\u0259t\u0259nda\u015f\u0131n\u0131 saxlay\u0131blar. Bununla Ba\u011fl\u0131 Rusiya Daxili \u0130\u015fl\u0259r Nazirliyinin yayd\u0131\u011f\u0131 m\u0259lumatda deyilir. 27 ya\u015fl\u0131 az\u0259rbaycanl\u0131 qanunsuz t\u00fct\u00fcn ticar\u0259ti il\u0259 m\u0259\u015f\u011ful olub. Qanunsuz olaraq t\u00fct\u00fcn m\u0259hsullar\u0131n\u0131n topdan v\u0259 ya p\u0259rak\u0259nd\u0259 sat\u0131\u015f\u0131 il\u0259 m\u0259\u015f\u011ful oldu\u011funa g\u00f6r\u0259 Rusiya Federasiyas\u0131 \u0130nzibati X\u0259talar M\u0259c\u0259ll\u0259sin\u0259 uy\u011fun olaraq ona inzibati protokol t\u0259rtib edilib. Qanunu pozan az\u0259rbaycanl\u0131 c\u0259rim\u0259 \u00f6d\u0259y\u0259c\u0259k.","_links":{"self":[{"href":"https:\/\/arantv.az\/index.php?rest_route=\/wp\/v2\/posts\/106321"}],"collection":[{"href":"https:\/\/arantv.az\/index.php?rest_route=\/wp\/v2\/posts"}],"about":[{"href":"https:\/\/arantv.az\/index.php?rest_route=\/wp\/v2\/types\/post"}],"author":[{"embeddable":true,"href":"https:\/\/arantv.az\/index.php?rest_route=\/wp\/v2\/users\/2"}],"replies":[{"embeddable":true,"href":"https:\/\/arantv.az\/index.php?rest_route=%2Fwp%2Fv2%2Fcomments&post=106321"}],"version-history":[{"count":0,"href":"https:\/\/arantv.az\/index.php?rest_route=\/wp\/v2\/posts\/106321\/revisions"}],"wp:featuredmedia":[{"embeddable":true,"href":"https:\/\/arantv.az\/index.php?rest_route=\/wp\/v2\/media\/106322"}],"wp:attachment":[{"href":"https:\/\/arantv.az\/index.php?rest_route=%2Fwp%2Fv2%2Fmedia&parent=106321"}],"wp:term":[{"taxonomy":"category","embeddable":true,"href":"https:\/\/arantv.az\/index.php?rest_route=%2Fwp%2Fv2%2Fcategories&post=106321"},{"taxonomy":"post_tag","embeddable":true,"href":"https:\/\/arantv.az\/index.php?rest_route=%2Fwp%2Fv2%2Ftags&post=106321"}],"curies":[{"name":"wp","href":"https:\/\/api.w.org\/{rel}","templated":true}]}}