{"id":106334,"date":"2019-12-11T16:39:20","date_gmt":"2019-12-11T13:39:20","guid":{"rendered":"http:\/\/arantv.az\/?p=106334"},"modified":"2019-12-11T16:39:20","modified_gmt":"2019-12-11T13:39:20","slug":"isvecr%c9%99d%c9%99-yeni-prezident-secildi","status":"publish","type":"post","link":"https:\/\/arantv.az\/?p=106334","title":{"rendered":"\u0130sve\u00e7r\u0259d\u0259 yeni prezident se\u00e7ildi"},"content":{"rendered":"<p>\u0130sve\u00e7r\u0259 parlamentinin h\u0259r iki palatas\u0131 r\u0259smi olaraq Federal N\u0259qliyyat Departamentinin r\u0259hb\u0259ri Simonetta Sommaruqan\u0131 2020-ci il \u00fc\u00e7\u00fcn prezident se\u00e7ib.<\/p>\n<p>Bu bar\u0259d\u0259\u00a0<b>ARANTV.AZ\u00a0<\/b>\u00a0&#8220;Report&#8221; -a istinad\u0259n m\u0259lumat verir.<\/p>\n<div id=\"AdviadNativeVideo0\" class=\"AdviadNativeVideo\"><\/div>\n<p>Qeyd olunur ki, S.Sommaruqa 2019-cu il yanvar\u0131n 1-d\u0259n \u0130sve\u00e7r\u0259nin federal m\u00fc\u015faviri v\u0259 vitse-prezidenti v\u0259zif\u0259l\u0259rini icra edib.<\/p>\n<p>Xan\u0131m siyas\u0259t\u00e7i 2010-cu ild\u0259n federal \u015furan\u0131n \u00fczv\u00fcd\u00fcr, 2015-ci ild\u0259 d\u0259 \u00f6lk\u0259 prezidenti olub.<\/p>\n<p>G\u0259l\u0259n il vitse-prezident postunu is\u0259 Federal \u0130qtisadiyyat, Elm v\u0259 T\u0259hsil Departamentinin haz\u0131rk\u0131 r\u0259hb\u0259ri Qi Parmelan tutacaq.<\/p>\n","protected":false},"excerpt":{"rendered":"<p>\u0130sve\u00e7r\u0259 parlamentinin h\u0259r iki palatas\u0131 r\u0259smi olaraq Federal N\u0259qliyyat Departamentinin r\u0259hb\u0259ri Simonetta Sommaruqan\u0131 2020-ci il \u00fc\u00e7\u00fcn prezident se\u00e7ib. Bu bar\u0259d\u0259\u00a0ARANTV.AZ\u00a0\u00a0&#8220;Report&#8221; -a istinad\u0259n m\u0259lumat verir. Qeyd olunur ki, S.Sommaruqa 2019-cu il yanvar\u0131n 1-d\u0259n \u0130sve\u00e7r\u0259nin federal m\u00fc\u015faviri v\u0259 vitse-prezidenti v\u0259zif\u0259l\u0259rini icra edib. Xan\u0131m siyas\u0259t\u00e7i 2010-cu ild\u0259n federal \u015furan\u0131n \u00fczv\u00fcd\u00fcr, 2015-ci ild\u0259 d\u0259 \u00f6lk\u0259 prezidenti olub. G\u0259l\u0259n il vitse-prezident postunu is\u0259 Federal \u0130qtisadiyyat, Elm v\u0259 T\u0259hsil Departamentinin haz\u0131rk\u0131 r\u0259hb\u0259ri Qi Parmelan tutacaq.<\/p>\n","protected":false},"author":2,"featured_media":106335,"comment_status":"closed","ping_status":"closed","sticky":false,"template":"","format":"standard","meta":{"om_disable_all_campaigns":false,"_monsterinsights_skip_tracking":false,"_monsterinsights_sitenote_active":false,"_monsterinsights_sitenote_note":"","_monsterinsights_sitenote_category":0},"categories":[7],"tags":[],"aioseo_notices":[],"gutentor_comment":0,"rttpg_featured_image_url":{"full":["https:\/\/arantv.az\/wp-content\/uploads\/2019\/12\/47764478-a035-47c0-89d6-39019b77cf1b.jpg",550,375,false],"landscape":["https:\/\/arantv.az\/wp-content\/uploads\/2019\/12\/47764478-a035-47c0-89d6-39019b77cf1b.jpg",550,375,false],"portraits":["https:\/\/arantv.az\/wp-content\/uploads\/2019\/12\/47764478-a035-47c0-89d6-39019b77cf1b.jpg",550,375,false],"thumbnail":["https:\/\/arantv.az\/wp-content\/uploads\/2019\/12\/47764478-a035-47c0-89d6-39019b77cf1b-150x150.jpg",150,150,true],"medium":["https:\/\/arantv.az\/wp-content\/uploads\/2019\/12\/47764478-a035-47c0-89d6-39019b77cf1b-300x205.jpg",300,205,true],"large":["https:\/\/arantv.az\/wp-content\/uploads\/2019\/12\/47764478-a035-47c0-89d6-39019b77cf1b.jpg",550,375,false],"1536x1536":["https:\/\/arantv.az\/wp-content\/uploads\/2019\/12\/47764478-a035-47c0-89d6-39019b77cf1b.jpg",550,375,false],"2048x2048":["https:\/\/arantv.az\/wp-content\/uploads\/2019\/12\/47764478-a035-47c0-89d6-39019b77cf1b.jpg",550,375,false],"post-thumbnail":["https:\/\/arantv.az\/wp-content\/uploads\/2019\/12\/47764478-a035-47c0-89d6-39019b77cf1b-240x172.jpg",240,172,true],"advps-thumb-one":["https:\/\/arantv.az\/wp-content\/uploads\/2019\/12\/47764478-a035-47c0-89d6-39019b77cf1b.jpg",550,375,false]},"rttpg_author":{"display_name":"V\u00fcsal Rafiqo\u011flu","author_link":"https:\/\/arantv.az\/?author=2"},"rttpg_comment":0,"rttpg_category":"<a href=\"https:\/\/arantv.az\/?cat=7\" rel=\"category\">D\u00fcnya<\/a>","rttpg_excerpt":"\u0130sve\u00e7r\u0259 parlamentinin h\u0259r iki palatas\u0131 r\u0259smi olaraq Federal N\u0259qliyyat Departamentinin r\u0259hb\u0259ri Simonetta Sommaruqan\u0131 2020-ci il \u00fc\u00e7\u00fcn prezident se\u00e7ib. Bu bar\u0259d\u0259\u00a0ARANTV.AZ\u00a0\u00a0&#8220;Report&#8221; -a istinad\u0259n m\u0259lumat verir. Qeyd olunur ki, S.Sommaruqa 2019-cu il yanvar\u0131n 1-d\u0259n \u0130sve\u00e7r\u0259nin federal m\u00fc\u015faviri v\u0259 vitse-prezidenti v\u0259zif\u0259l\u0259rini icra edib. Xan\u0131m siyas\u0259t\u00e7i 2010-cu ild\u0259n federal \u015furan\u0131n \u00fczv\u00fcd\u00fcr, 2015-ci ild\u0259 d\u0259 \u00f6lk\u0259 prezidenti olub. G\u0259l\u0259n il&hellip;","_links":{"self":[{"href":"https:\/\/arantv.az\/index.php?rest_route=\/wp\/v2\/posts\/106334"}],"collection":[{"href":"https:\/\/arantv.az\/index.php?rest_route=\/wp\/v2\/posts"}],"about":[{"href":"https:\/\/arantv.az\/index.php?rest_route=\/wp\/v2\/types\/post"}],"author":[{"embeddable":true,"href":"https:\/\/arantv.az\/index.php?rest_route=\/wp\/v2\/users\/2"}],"replies":[{"embeddable":true,"href":"https:\/\/arantv.az\/index.php?rest_route=%2Fwp%2Fv2%2Fcomments&post=106334"}],"version-history":[{"count":0,"href":"https:\/\/arantv.az\/index.php?rest_route=\/wp\/v2\/posts\/106334\/revisions"}],"wp:featuredmedia":[{"embeddable":true,"href":"https:\/\/arantv.az\/index.php?rest_route=\/wp\/v2\/media\/106335"}],"wp:attachment":[{"href":"https:\/\/arantv.az\/index.php?rest_route=%2Fwp%2Fv2%2Fmedia&parent=106334"}],"wp:term":[{"taxonomy":"category","embeddable":true,"href":"https:\/\/arantv.az\/index.php?rest_route=%2Fwp%2Fv2%2Fcategories&post=106334"},{"taxonomy":"post_tag","embeddable":true,"href":"https:\/\/arantv.az\/index.php?rest_route=%2Fwp%2Fv2%2Ftags&post=106334"}],"curies":[{"name":"wp","href":"https:\/\/api.w.org\/{rel}","templated":true}]}}